{"id":695954,"date":"2026-01-28T22:03:10","date_gmt":"2026-01-28T22:03:10","guid":{"rendered":"https:\/\/www.europesays.com\/fr\/695954\/"},"modified":"2026-01-28T22:03:10","modified_gmt":"2026-01-28T22:03:10","slug":"il-a-mis-du-temps-a-sinstaller-mais-ensuite-il-est-devenu-un-vrai-taulier-des-bleus","status":"publish","type":"post","link":"https:\/\/www.europesays.com\/fr\/695954\/","title":{"rendered":"\u00ab\u00a0Il a mis du temps \u00e0 s&rsquo;installer, mais ensuite, il est devenu un vrai taulier des Bleus\u00a0\u00bb"},"content":{"rendered":"<p>La retraite brutale d&rsquo;Uini Atonio, une onde de choc dans le monde du rugby\u00a0: \u00ab\u00a0Il a mis du temps \u00e0 s&rsquo;installer, mais ensuite, il est devenu un vrai taulier des Bleus\u00a0\u00bb<\/p>\n<p>Victime d&rsquo;un accident cardiaque, Uini Atonio, le pilier droit du Stade Rochelais et des Bleus, a \u00e9t\u00e9 op\u00e9r\u00e9 au centre hospitalier de La\u00a0Rochelle. Sa carri\u00e8re de joueur est d&rsquo;ores et d\u00e9j\u00e0 termin\u00e9e. Une nouvelle qui attriste profond\u00e9ment le monde du rugby.<\/p>\n","protected":false},"excerpt":{"rendered":"La retraite brutale d&rsquo;Uini Atonio, une onde de choc dans le monde du rugby\u00a0: \u00ab\u00a0Il a mis du&hellip;\n","protected":false},"author":2,"featured_media":695955,"comment_status":"","ping_status":"","sticky":false,"template":"","format":"standard","meta":{"footnotes":""},"categories":[1416],"tags":[1011,27,479,1468,60],"class_list":{"0":"post-695954","1":"post","2":"type-post","3":"status-publish","4":"format-standard","5":"has-post-thumbnail","7":"category-rugby","8":"tag-fr","9":"tag-france","10":"tag-rugby","11":"tag-rugby-football","12":"tag-sports"},"share_on_mastodon":{"url":"https:\/\/pubeurope.com\/@fr\/115974989669178260","error":""},"_links":{"self":[{"href":"https:\/\/www.europesays.com\/fr\/wp-json\/wp\/v2\/posts\/695954","targetHints":{"allow":["GET"]}}],"collection":[{"href":"https:\/\/www.europesays.com\/fr\/wp-json\/wp\/v2\/posts"}],"about":[{"href":"https:\/\/www.europesays.com\/fr\/wp-json\/wp\/v2\/types\/post"}],"author":[{"embeddable":true,"href":"https:\/\/www.europesays.com\/fr\/wp-json\/wp\/v2\/users\/2"}],"replies":[{"embeddable":true,"href":"https:\/\/www.europesays.com\/fr\/wp-json\/wp\/v2\/comments?post=695954"}],"version-history":[{"count":0,"href":"https:\/\/www.europesays.com\/fr\/wp-json\/wp\/v2\/posts\/695954\/revisions"}],"wp:featuredmedia":[{"embeddable":true,"href":"https:\/\/www.europesays.com\/fr\/wp-json\/wp\/v2\/media\/695955"}],"wp:attachment":[{"href":"https:\/\/www.europesays.com\/fr\/wp-json\/wp\/v2\/media?parent=695954"}],"wp:term":[{"taxonomy":"category","embeddable":true,"href":"https:\/\/www.europesays.com\/fr\/wp-json\/wp\/v2\/categories?post=695954"},{"taxonomy":"post_tag","embeddable":true,"href":"https:\/\/www.europesays.com\/fr\/wp-json\/wp\/v2\/tags?post=695954"}],"curies":[{"name":"wp","href":"https:\/\/api.w.org\/{rel}","templated":true}]}}