{"id":695956,"date":"2026-01-28T22:04:09","date_gmt":"2026-01-28T22:04:09","guid":{"rendered":"https:\/\/www.europesays.com\/fr\/695956\/"},"modified":"2026-01-28T22:04:09","modified_gmt":"2026-01-28T22:04:09","slug":"atp-open-daustralie-ferrero-persiste-et-signe-sur-la-possibilite-dentrainer-sinner-apres-alcaraz-je-ne-vais-pas-dire-non-car-si-loccasion-se-presente-je-devrais-y-reflechir","status":"publish","type":"post","link":"https:\/\/www.europesays.com\/fr\/695956\/","title":{"rendered":"ATP, Open d&rsquo;Australie > Ferrero persiste et signe sur la possibilit\u00e9 d&rsquo;entra\u00eener Sinner apr\u00e8s Alcaraz : \u00ab\u00a0Je ne vais pas dire non, car si l&rsquo;occasion se pr\u00e9sente, je devrais y r\u00e9fl\u00e9chir\u00a0\u00bb"},"content":{"rendered":"<p>Si Juan Carlos Ferrero, r\u00e9cem\u00adment de passage sur les ondes de la radio espa\u00adgnole, El Larguero, a <a href=\"https:\/\/www.welovetennis.fr\/open-australie\/ferrero-sur-sa-relation-avec-alcaraz-depuis-leur-brutale-separation-nous-avons-attendu-que-le-seisme-passe-un-peu-et-nous-avons-discute\" data-wpel-link=\"internal\" target=\"_blank\" rel=\"noopener\">expliqu\u00e9 qu\u2019il avait pris le temps de parler avec Carlos Alcaraz<\/a> suite \u00e0 leur s\u00e9pa\u00adra\u00adtion brutale le 17 d\u00e9cembre dernier, l\u2019en\u00adtra\u00ee\u00adneur espa\u00adgnol reste ouvert \u00e0 toutes propositions.<\/p>\n<p>S\u2019il a pour l\u2019ins\u00adtant d\u00e9cid\u00e9 <a href=\"https:\/\/www.welovetennis.fr\/atp\/ferrero-a-deja-trouve-un-remplacant-a-carlos-alcaraz\" data-wpel-link=\"internal\" target=\"_blank\" rel=\"noopener\">d\u2019ac\u00adcom\u00adpa\u00adgner un joueur joueur de golf pour une partie de la saison 2026<\/a>, l\u2019an\u00adcien num\u00e9ro 1 mondial ne ferme abso\u00adlu\u00adment aucune porte, mais pas celle du grand rival de son ancien poulain, Jannik Sinner.\u00a0<\/p>\n<p>Des propos qui confirment ce qu\u2019il avait d\u00e9j\u00e0 affirm\u00e9 quelques jours seule\u00adment apr\u00e8s sa s\u00e9pa\u00adra\u00adtion avec le num\u00e9ro 1 mondial. <a href=\"https:\/\/www.welovetennis.fr\/atp\/tout-juste-separe-dalcaraz-ferrero-ne-dirait-pas-non-pour-entrainer-sinner-cest-quelque-chose-a-quoi-je-devrais-reflechir\" data-wpel-link=\"internal\" target=\"_blank\" rel=\"noopener\">Une d\u00e9cla\u00adra\u00adtion qui avait d\u2019ailleurs fait du bruit<\/a>, certains expli\u00adquant que c\u2019\u00e9tait une sorte de r\u00e9plique en direc\u00adtion du clan Alcaraz suite \u00e0 l\u2019\u00e9chec des n\u00e9go\u00adcia\u00adtions du contrat.\u00a0<\/p>\n<blockquote class=\"twitter-tweet\">\n<p lang=\"es\" dir=\"ltr\">\ud83d\ude33 \ud83c\uddee\ud83c\uddf9 \u00ab\u202f\u00bfEntrenar a SINNER en el futuro\u202f? No puedo decir que NO, si se me da la opor\u00adtu\u00adnidad\u2026\u202f\u00bb I Juan Carlos Ferrero, en <a href=\"https:\/\/twitter.com\/hashtag\/ElLarguero?src=hash&amp;ref_src=twsrc%5Etfw\" data-wpel-link=\"external\" target=\"_blank\" rel=\"nofollow external noopener\">#ElLarguero<\/a><\/p>\n<p>\u2694\ufe0f \u00ab\u202fEs un juga\u00addo\u00adrazo y junto con Carlos, ahora est\u00e1 en la pelea por todo\u202f\u00bb<\/p>\n<p>\ud83d\udcad \u00ab\u202fSe me ha acabado todo con Carlos, as\u00ed que tendr\u00eda que PENSARLO, s\u00ed\u202f\u00bb <a href=\"https:\/\/t.co\/EbJOKIqMcz\" data-wpel-link=\"external\" target=\"_blank\" rel=\"nofollow external noopener\">pic.twitter.com\/EbJOKIqMcz<\/a><\/p>\n<p>\u2014 El Larguero (@ellarguero) <a href=\"https:\/\/twitter.com\/ellarguero\/status\/2016302168546902520?ref_src=twsrc%5Etfw\" data-wpel-link=\"external\" target=\"_blank\" rel=\"nofollow external noopener\">January 28,\u00a02026<\/a><\/p><\/blockquote>\n<p><strong>\u00ab\u202fEh bien, pour l\u2019ins\u00adtant, je ne sais pas, mais c\u2019est \u00e9videm\u00adment un excellent joueur, l\u2019un des deux meilleurs au monde avec Carlos, et ils montrent actuel\u00adle\u00adment qu\u2019ils sont tous les deux pr\u00eats \u00e0 se battre pour tout. Et bien s\u00fbr, je ne vais pas dire \u00ab\u202fnon\u202f\u00bb d\u2019embl\u00e9e, car si l\u2019oc\u00adca\u00adsion se pr\u00e9sente et que tout est fini avec Carlos, je devrais y r\u00e9fl\u00e9chir.\u202f\u00bb<\/strong><\/p>\n<p class=\"post-published-date\" style=\"color: silver; font-size: 75%; text-align: left;\">Publi\u00e9 le mercredi 28 janvier 2026 \u00e0 17:51<\/p>\n<p>  <script async src=\"https:\/\/platform.twitter.com\/widgets.js\" charset=\"utf-8\"><\/script><\/p>\n","protected":false},"excerpt":{"rendered":"Si Juan Carlos Ferrero, r\u00e9cem\u00adment de passage sur les ondes de la radio espa\u00adgnole, El Larguero, a expliqu\u00e9&hellip;\n","protected":false},"author":2,"featured_media":695957,"comment_status":"","ping_status":"","sticky":false,"template":"","format":"standard","meta":{"footnotes":""},"categories":[1415],"tags":[1744,7275,1011,27,2127,60,1467],"class_list":{"0":"post-695956","1":"post","2":"type-post","3":"status-publish","4":"format-standard","5":"has-post-thumbnail","7":"category-tennis","8":"tag-alcaraz","9":"tag-ferrero","10":"tag-fr","11":"tag-france","12":"tag-sinner","13":"tag-sports","14":"tag-tennis"},"share_on_mastodon":{"url":"https:\/\/pubeurope.com\/@fr\/115974993539885628","error":""},"_links":{"self":[{"href":"https:\/\/www.europesays.com\/fr\/wp-json\/wp\/v2\/posts\/695956","targetHints":{"allow":["GET"]}}],"collection":[{"href":"https:\/\/www.europesays.com\/fr\/wp-json\/wp\/v2\/posts"}],"about":[{"href":"https:\/\/www.europesays.com\/fr\/wp-json\/wp\/v2\/types\/post"}],"author":[{"embeddable":true,"href":"https:\/\/www.europesays.com\/fr\/wp-json\/wp\/v2\/users\/2"}],"replies":[{"embeddable":true,"href":"https:\/\/www.europesays.com\/fr\/wp-json\/wp\/v2\/comments?post=695956"}],"version-history":[{"count":0,"href":"https:\/\/www.europesays.com\/fr\/wp-json\/wp\/v2\/posts\/695956\/revisions"}],"wp:featuredmedia":[{"embeddable":true,"href":"https:\/\/www.europesays.com\/fr\/wp-json\/wp\/v2\/media\/695957"}],"wp:attachment":[{"href":"https:\/\/www.europesays.com\/fr\/wp-json\/wp\/v2\/media?parent=695956"}],"wp:term":[{"taxonomy":"category","embeddable":true,"href":"https:\/\/www.europesays.com\/fr\/wp-json\/wp\/v2\/categories?post=695956"},{"taxonomy":"post_tag","embeddable":true,"href":"https:\/\/www.europesays.com\/fr\/wp-json\/wp\/v2\/tags?post=695956"}],"curies":[{"name":"wp","href":"https:\/\/api.w.org\/{rel}","templated":true}]}}