{"id":695958,"date":"2026-01-28T22:08:11","date_gmt":"2026-01-28T22:08:11","guid":{"rendered":"https:\/\/www.europesays.com\/fr\/695958\/"},"modified":"2026-01-28T22:08:11","modified_gmt":"2026-01-28T22:08:11","slug":"yann-bergheaud-le-fils-de-jean-louis-murat-a-propos-de-son-pere-il-vouait-aussi-une-grande-admiration-a-pantani-et-a-wout-van-aert","status":"publish","type":"post","link":"https:\/\/www.europesays.com\/fr\/695958\/","title":{"rendered":"Yann Bergheaud, le fils de Jean-Louis Murat, \u00e0 propos de son p\u00e8re\u00a0: \u00ab\u00a0Il vouait aussi une grande admiration \u00e0 Pantani et \u00e0 Wout Van Aert\u00a0\u00bb"},"content":{"rendered":"<p><a href=\"https:\/\/www.dhnet.be\/medias\/musique\/2023\/05\/25\/avec-la-mort-de-jean-louis-murat-la-chanson-francaise-perd-le-plus-bougon-de-ses-orfevres-GHMZXMA4QFDFBDGVIWPITRNIX4\/\" target=\"_self\" class=\"ap-StoryInterstitialLink ap-StoryElement ap-StoryElement--mb js-paywall-target\" rel=\"noopener\">Avec la mort de Jean-Louis Murat, la chanson fran\u00e7aise perd le plus bougon de ses orf\u00e8vres<\/a><\/p>\n<p class=\"ap-StoryElement ap-StoryElement--mb ap-StoryText\"><b>Le livre consacr\u00e9 \u00e0 votre p\u00e8re Jean-Louis Murat, cosign\u00e9 avec le journaliste Marc Besse, est un ovni. Ce n&rsquo;est pas \u00e0 proprement parler une biographie. Que visiez-vous ?<\/b><\/p>\n<p class=\"ap-StoryElement ap-StoryElement--mb ap-StoryText\">\u00ab\u00a0Au d\u00e9part, le projet \u00e9tait de faire une biographie classique. Finalement, j&rsquo;ai amen\u00e9 tellement de mati\u00e8re \u00e0 mon coauteur qu&rsquo;on s&rsquo;est dit qu&rsquo;il fallait que ce soit moi qui parle. C&rsquo;est un t\u00e9moignage, un regard subjectif, l&rsquo;histoire d&rsquo;un fils et de la relation avec son p\u00e8re, un regard sur mon p\u00e8re. On a voulu cela plus vivant qu&rsquo;une biographie classique, qui puisse se lire comme un roman. Mon p\u00e8re avait une telle vie romanesque que voil\u00e0 \u00e7a nous est apparu \u00e9vident de faire \u00e7a de cette fa\u00e7on-l\u00e0. L&rsquo;id\u00e9e \u00e9tait de retranscrire cette joie de vivre qu&rsquo;avait mon p\u00e8re, cette envie d&rsquo;avancer dans le cadre de sa cr\u00e9ation mais aussi dans sa vie en g\u00e9n\u00e9ral. C&rsquo;\u00e9tait quelqu&rsquo;un qui allait toujours de l&rsquo;avant.\u00a0\u00bb<\/p>\n<p><img loading=\"lazy\" decoding=\"async\" class=\"w-full lazyload lazyload--opacity object-contain\" style=\"aspect-ratio:64 \/ 100;opacity:1\" alt=\"Yann Bergheaud, le fils de Jean-Louis Muart, cosigne &quot;Le roman de Murat&quot;, un livre qu'il consacre \u00e0 sa relation avec son p\u00e8re.\" width=\"768\" height=\"1192\" fetchpriority=\"auto\" src=\"https:\/\/www.europesays.com\/fr\/wp-content\/uploads\/2025\/12\/S5VKD3X55FFF3BW6V4SEHXNP7I.png\"  data- data-optimumx=\"1\"\/>Yann Bergheaud, le fils de Jean-Louis Muart, cosigne \u00ab\u00a0Le roman de Murat\u00a0\u00bb, un livre qu&rsquo;il consacre \u00e0 sa relation avec son p\u00e8re. \u00a9Albin Michel<\/p>\n<p class=\"ap-StoryElement ap-StoryElement--mb ap-StoryText\"><b>Il n&rsquo;y a pas de biographie autoris\u00e9e en tant que telle de votre p\u00e8re. Pourquoi ?<\/b><\/p>\n<p class=\"ap-StoryElement ap-StoryElement--mb ap-StoryText\">\u00ab\u00a0J&rsquo;ai propos\u00e9 \u00e0 mon p\u00e8re d&rsquo;\u00e9crire une biographie, comme Marc Besse l&rsquo;avait aussi fait de son c\u00f4t\u00e9. Mais il r\u00e9pondait chaque fois qu&rsquo;une biographie, c&rsquo;\u00e9tait d\u00e9j\u00e0 mettre un pied dans la tombe. \u00c7a voulait dire mettre un point final, s&rsquo;arr\u00eater \u00e0 un instant T et jeter un coup d&rsquo;\u0153il dans le r\u00e9troviseur. Comme il \u00e9tait syst\u00e9matiquement dans l&rsquo;action et ne regardait jamais dans le r\u00e9troviseur, \u00e7a ne lui convenait pas.\u00a0\u00bb<\/p>\n<p class=\"ap-StoryElement ap-StoryElement--mb ap-StoryText\"><b>D&rsquo;o\u00f9 son refus cat\u00e9gorique, presque jusqu&rsquo;\u00e0 la fin, de sortir un best of ?<\/b><\/p>\n<p class=\"ap-StoryElement ap-StoryElement--mb ap-StoryText\">\u00ab\u00a0Il n&rsquo;en voulait pas. On lui a demand\u00e9 des in\u00e9dits pour, il a r\u00e9pondu que c&rsquo;\u00e9tait hors de question, pas pour un best-of. C&rsquo;\u00e9tait une bataille, et il a r\u00e9sist\u00e9 longtemps. Mais au bout d&rsquo;un moment, il a \u00e9t\u00e9 oblig\u00e9 de c\u00e9der face au secteur musical qui en attendait un. C&rsquo;est impensable mais ce best of est sorti le lendemain de sa mort.\u00a0\u00bb<\/p>\n<p><a href=\"https:\/\/www.dhnet.be\/medias\/musique\/2007\/10\/11\/baudelaire-ferre-murat-NUTPHV7AJBHHPJCQ27WGWJEA5A\/\" target=\"_self\" class=\"ap-StoryInterstitialLink ap-StoryElement ap-StoryElement--mb\" rel=\"noopener\">Baudelaire + Ferr\u00e9 = Murat<\/a><\/p>\n<p class=\"ap-StoryElement ap-StoryElement--mb ap-StoryText\"><b>Ce livre \u00e9tait aussi important pour vous, parce que vous n&rsquo;aviez pas pu dire certaines choses \u00e0 votre p\u00e8re ?<\/b><\/p>\n<p class=\"ap-StoryElement ap-StoryElement--mb ap-StoryText\">\u00ab\u00a0C&rsquo;\u00e9tait tr\u00e8s important pour moi, \u00e7a faisait partie d&rsquo;une reconstruction n\u00e9cessaire. Sa mort m&rsquo;a d\u00e9vast\u00e9. \u00c7a m&rsquo;a plong\u00e9 dans une grande d\u00e9pression pendant pr\u00e8s d&rsquo;un an. Quand j&rsquo;y repense, j&rsquo;ai encore les larmes aux yeux. Il fallait que je fasse ce travail-l\u00e0, c&rsquo;\u00e9tait vital. C&rsquo;\u00e9tait aussi un moyen de lui dire des choses que peut-\u00eatre je ne lui ai pas dites assez. Parce qu&rsquo;on \u00e9tait beaucoup dans les regards, dans les attitudes. Lui dire que j&rsquo;admirais son travail, que c&rsquo;\u00e9tait un artiste fabuleux, qu&rsquo;il a cr\u00e9\u00e9 une \u0153uvre qui de mon point de vue est immense, tant du point de vue musical que du point de vue litt\u00e9raire. Je me suis replong\u00e9 dans ses textes pour lesquels j&rsquo;avais peut-\u00eatre eu, jusque-l\u00e0, une lecture plus l\u00e9g\u00e8re, parce que je m&rsquo;arr\u00eatais plus \u00e0 la musique. J&rsquo;ai trouv\u00e9 que c&rsquo;est un vrai po\u00e8te. Lui dire aussi que j&rsquo;\u00e9tais fier d&rsquo;\u00eatre son fils. C&rsquo;est un message d&rsquo;amour. On ne s&rsquo;est s\u00fbrement pas dit assez qu&rsquo;on s&rsquo;aimait. Mon p\u00e8re n&rsquo;\u00e9tait pas non plus tr\u00e8s expansif. C&rsquo;\u00e9tait peut-\u00eatre son c\u00f4t\u00e9 rural, auvergnat, que je partage aussi.\u00a0\u00bb<\/p>\n<p class=\"ap-StoryElement ap-StoryElement--mb ap-StoryText\"><b>Votre relation a \u00e9t\u00e9 particuli\u00e8re puisque vos parents se sont quitt\u00e9s alors que vous n&rsquo;aviez que 5 ans\u2026<\/b><\/p>\n<p class=\"ap-StoryElement ap-StoryElement--mb ap-StoryText\">\u00ab\u00a0Il n&rsquo;a s\u00fbrement pas assum\u00e9. Il y a des choses qu&rsquo;il a un peu loup\u00e9es, qu&rsquo;on a essay\u00e9 de rattraper apr\u00e8s avec le temps. Peut-\u00eatre qu&rsquo;il a \u00e9t\u00e9 p\u00e8re trop jeune. Moi, je l&rsquo;ai \u00e9t\u00e9 \u00e0 30 ans, c&rsquo;est plus facile qu&rsquo;\u00e0 19 ans. Mais je me suis nourri aussi de ses \u00e9checs, \u00e7a a \u00e9t\u00e9 formateur pour moi.\u00a0\u00bb<\/p>\n<p class=\"ap-StoryElement ap-StoryElement--mb ap-StoryText\"><b>Pour \u00e9crire ce livre, vous avez aussi r\u00e9alis\u00e9 de nombreuses interviews de personnes qui ont c\u00f4toy\u00e9 ou travaill\u00e9 avec votre p\u00e8re ? Que retenez-vous de ce que ces interlocuteurs vous ont confi\u00e9 ?<\/b><\/p>\n<p class=\"ap-StoryElement ap-StoryElement--mb ap-StoryText\">\u00ab\u00a0Ce qui m&rsquo;a marqu\u00e9, m\u00eame si je le savais d\u00e9j\u00e0, c&rsquo;\u00e9tait sa grande g\u00e9n\u00e9rosit\u00e9. Il \u00e9tait \u00e0 c\u0153ur ouvert et ne supportait pas l&rsquo;injustice. Il avait horreur de ceux qui s&rsquo;en prenaient aux plus faibles ou de la vindicte populaire. Il \u00e9tait toujours prompt \u00e0 d\u00e9fendre la personnalit\u00e9 qui \u00e9tait accus\u00e9e, accul\u00e9e.\u00a0\u00bb<\/p>\n<p class=\"ap-StoryElement ap-StoryElement--mb ap-StoryText\"><b>De cette vie partag\u00e9e avec lui, y a-t-il un moment particulier qui vous reste en m\u00e9moire plus que les autres ?<\/b><\/p>\n<p class=\"ap-StoryElement ap-StoryElement--mb ap-StoryText\">\u00ab\u00a0Il y a cette sc\u00e8ne marqu\u00e9e en moi. J&rsquo;avais 13 ans. Il m&rsquo;avait fait \u00e9couter Passions priv\u00e9es (1984) et me demandait quel \u00e9tait le morceau que je pr\u00e9f\u00e9rais. Qu&rsquo;il me demande mon avis sur ce qu&rsquo;il fait, \u00e7a m&rsquo;avait sid\u00e9r\u00e9. Par la suite, il m&rsquo;avait expliqu\u00e9 qu&rsquo;il fallait que je donne mon avis. C&rsquo;\u00e9tait vraiment une le\u00e7on de vie dont je me suis souvenu par la suite. Lors de son d\u00e9c\u00e8s, cette sc\u00e8ne est remont\u00e9e comme \u00e7a. Pourquoi ? Je ne sais pas. C&rsquo;est bizarre comme la m\u00e9moire et les synapses peuvent fonctionner. Le fonctionnement du cerveau, \u00e7a passionnait mon p\u00e8re. On a eu des \u00e9changes l\u00e0-dessus et il m&rsquo;a offert un livre sur le sujet.\u00a0\u00bb<\/p>\n<p><a href=\"https:\/\/www.parismatch.be\/culture\/musique\/2023\/05\/25\/jean-louis-murat-linfatigable-artisan-de-la-chanson-francaise-sen-est-alle-et-cest-une-perte-enorme-W64FSRB735BY5EW3VN5GURU6MI\/\" target=\"_self\" rel=\"noopener noreferrer\" class=\"ap-StoryInterstitialLink ap-StoryElement ap-StoryElement--mb\">Jean-Louis Murat : l&rsquo;infatigable artisan de la chanson fran\u00e7aise s&rsquo;en est all\u00e9 et c&rsquo;est une perte \u00e9norme&#8230;<\/a><\/p>\n<p class=\"ap-StoryElement ap-StoryElement--mb ap-StoryText\"><b>Pr\u00e8s de 40 ans plus tard, lors de la sortie de <\/b><b>Baby Love<\/b><b> (2020), rebelote. Il vous demande la m\u00eame chose pour son nouvel album\u2026<\/b><\/p>\n<p class=\"ap-StoryElement ap-StoryElement--mb ap-StoryText\">\u00ab\u00a0Cette sc\u00e8ne est trop rigolote. Il \u00e9tait excit\u00e9 comme une puce. Il a lanc\u00e9 le son avec son enceinte portable. Il \u00e9tait content, \u00e7a swinguait et c&rsquo;\u00e9tait dansant. \u00c7a ne m&rsquo;\u00e9tonnait pas de lui, c&rsquo;\u00e9tait son c\u00f4t\u00e9 parfois fantastique. Il \u00e9tait comme un gamin qui partage un nouveau jouet.\u00a0\u00bb<\/p>\n<p class=\"ap-StoryElement ap-StoryElement--mb ap-StoryText\"><b>Dans votre livre, vous \u00e9voquez ses projets apr\u00e8s <\/b><b>La vraie vie de Buck John<\/b><b>, son dernier album. Il n&rsquo;avait donc pas l&rsquo;intention de raccrocher ?<\/b><\/p>\n<p class=\"ap-StoryElement ap-StoryElement--mb ap-StoryText\">\u00ab\u00a0Il \u00e9tait persuad\u00e9 qu&rsquo;il avait encore au moins 20 ans devant lui. Il m&rsquo;avait dit : &lsquo;Tu sais, Yann, le blues, \u00e7a conserve&rsquo;. Il \u00e9tait parti sur un autre projet, une autre fa\u00e7on d&rsquo;enregistrer, de cr\u00e9er. Et toujours de tester des choses avec une spontan\u00e9it\u00e9 d&rsquo;adolescent. C&rsquo;est la musique de notre adolescence, \u00e7a swingue, \u00e7a rebondit. C&rsquo;est la joie de vivre. M\u00eame ses morceaux plus tristes ou plus m\u00e9lancoliques, ils respirent toujours la vie.\u00a0\u00bb<\/p>\n<p class=\"ap-StoryElement ap-StoryElement--mb ap-StoryText\"><b>Estimez-vous que Jean-Louis Murat, votre p\u00e8re, est reconnu \u00e0 sa juste valeur ?<\/b><\/p>\n<p class=\"ap-StoryElement ap-StoryElement--mb ap-StoryText\">\u00ab\u00a0Je ne le pense pas. Du point de vue des artistes, j&rsquo;ai l&rsquo;impression que son \u0153uvre leur fait peur. D&rsquo;o\u00f9 le fait qu&rsquo;il y a peu de reprises. C&rsquo;est vrai qu&rsquo;il faut s&rsquo;accrocher pour tenter de s&rsquo;y frotter, c&rsquo;est d&rsquo;une grande exigence. Du point de vue du grand public, je ne trouve pas qu&rsquo;il n&rsquo;est pas estim\u00e9 \u00e0 sa juste valeur. Peut-\u00eatre que \u00e7a viendra, comme le bon vin \u2013 qu&rsquo;il aimait bien \u2013 se bonifie avec le temps. Je l&rsquo;esp\u00e8re. J&rsquo;en suis m\u00eame persuad\u00e9. On ne saisit pas assez l&rsquo;exemplarit\u00e9 qu&rsquo;il incarnait, l&rsquo;int\u00e9grit\u00e9 artistique de son \u0153uvre qui me semble extr\u00eamement inspirante. La possibilit\u00e9 aussi qu&rsquo;il a eu de faire \u00e9voluer son style sans se renier, tout en restant totalement int\u00e8gre artistiquement.\u00a0\u00bb<\/p>\n<p><a href=\"https:\/\/www.dhnet.be\/medias\/musique\/2023\/05\/25\/jean-louis-murat-en-10-titres-a-ecouter-sans-limite-PIGRGP2Z2ZGQJI7WBX43OXFNWU\/\" target=\"_self\" class=\"ap-StoryInterstitialLink ap-StoryElement ap-StoryElement--mb\" rel=\"noopener\">Jean-Louis Murat en 10 titres \u00e0 \u00e9couter sans limite<\/a><\/p>\n<p class=\"ap-StoryElement ap-StoryElement--mb ap-StoryText\"><b>Ce manque de reconnaissance, c&rsquo;est ce qui a conduit, pour vous, \u00e0 fonder l&rsquo;Institut Jean-Louis Murat ? L&rsquo;objet est de faire perdurer son \u0153uvre ?<\/b><\/p>\n<p class=\"ap-StoryElement ap-StoryElement--mb ap-StoryText\">\u00ab\u00a0Nous, on n&rsquo;a pas de pr\u00e9tention, dans le cadre de l&rsquo;institut, sur tout ce qui rel\u00e8ve de la propri\u00e9t\u00e9 artistique. Par contre, l&rsquo;id\u00e9e est de donner d&rsquo;autres portes d&rsquo;ouverture sur l&rsquo;\u0153uvre de mon p\u00e8re : organiser des \u00e9v\u00e9nements autour de celle-ci, des soir\u00e9es hommages, la cr\u00e9ation d&rsquo;un jardin o\u00f9 on pourra retrouver toutes les plantes qui figurent dans ses chansons. Il a chant\u00e9 le terroir, les lieux. On peut faire en sorte qu&rsquo;il y ait des parcours initiatiques aussi autour de Murat. J&rsquo;aimerais bien travailler sur le plan p\u00e9dagogique. On peut attirer des gamins vers les beaux mots, la po\u00e9sie. Aujourd&rsquo;hui, celle-ci est un peu assimil\u00e9e \u00e0 un mauvais mot, pas assez estim\u00e9e. La po\u00e9sie de Jean-Louis Murat n&rsquo;est pas si difficile d&rsquo;acc\u00e8s. Mon p\u00e8re \u00e9tait prot\u00e9iforme, on peut l&rsquo;aborder par diff\u00e9rents angles. On essaye de f\u00e9d\u00e9rer des actions, d&rsquo;en lancer aussi.\u00a0\u00bb<\/p>\n<p class=\"ap-StoryElement ap-StoryElement--mb ap-StoryText\"><b>Il y a du r\u00e9pondant du c\u00f4t\u00e9 de la communaut\u00e9 des fans qui, j&rsquo;imagine, est la premi\u00e8re concern\u00e9e par votre initiative ?<\/b><\/p>\n<p class=\"ap-StoryElement ap-StoryElement--mb ap-StoryText\">\u00ab\u00a0Il y a vraiment un engouement et c&rsquo;est ressour\u00e7ant d&rsquo;\u00eatre au contact de gens qui ont vraiment vibr\u00e9 et qui continuent de le faire avec son \u0153uvre. Ils me donnent la patate et je les trouve tr\u00e8s respectueux, pas envahissants.\u00a0\u00bb<\/p>\n<p><a href=\"https:\/\/www.dhnet.be\/medias\/musique\/2002\/04\/09\/murat-propose-le-public-dispose-2XS3VME6DJG2XJ4ZGPRMLE5XDI\/\" target=\"_self\" class=\"ap-StoryInterstitialLink ap-StoryElement ap-StoryElement--mb\" rel=\"noopener\">Murat propose, le public dispose<\/a><\/p>\n<p class=\"ap-StoryElement ap-StoryElement--mb ap-StoryText\"><b>Parmi les particularit\u00e9s de l&rsquo;\u0153uvre de votre p\u00e8re, il y a le fait de parler de sport dans certaines de ses chansons. Ce n&rsquo;est pas un th\u00e8me courant, la pop et le rock ne faisant pas forc\u00e9ment bon m\u00e9nage avec le sport\u2026<\/b><\/p>\n<p class=\"ap-StoryElement ap-StoryElement--mb ap-StoryText\">\u00ab\u00a0Il avait une adoration profonde du sport, en particulier pour le cyclisme. Sur son dernier album (La vraie vie de Buck John, NdlR), il y avait un morceau qui s&rsquo;appelle &lsquo;Les Molteni&rsquo;. C&rsquo;\u00e9tait la grande \u00e9quipe d&rsquo;Eddy Merckx. Il \u00e9tait aussi question de Federico Bahamont\u00e8s dans &lsquo;Le champion espagnol&rsquo; sur l&rsquo;album Grand li\u00e8vre. Il vouait aussi une grande admiration \u00e0 (Marco) Pantani. Et, plus proche de nous, \u00e0 Wout van Aert qu&rsquo;il comparait au rappeur Kendrick Lamar. On lui avait offert des places pour Roland-Garros en 2010 et il y \u00e9tait all\u00e9. Je l&rsquo;ai emmen\u00e9 voir un match de rugby de l&rsquo;ASM. Il aimait tous les sports, sauf peut-\u00eatre le foot qu&rsquo;il trouvait sur une pente descendante. Il le trouvait de plus en plus cadr\u00e9, les strat\u00e9gies faisaient qu&rsquo;il y avait moins d&rsquo;improvisation. Ce qu&rsquo;il aimait, c&rsquo;\u00e9tait le c\u00f4t\u00e9 flamboyant du sport, le panache.\u00a0\u00bb<\/p>\n<p class=\"ap-StoryElement ap-StoryElement--mb ap-StoryText\"><b>\u00c0 l&rsquo;instar de Prince, votre p\u00e8re disait avoir plein d&rsquo;in\u00e9dits en stock ou \u00e0 sortir apr\u00e8s sa mort. Qu&rsquo;en est-il ? Y a-t-il des projets d&rsquo;album ou d&rsquo;enregistrement live ?<\/b><\/p>\n<p class=\"ap-StoryElement ap-StoryElement--mb ap-StoryText\">\u00ab\u00a0Il faut d&rsquo;abord finaliser la succession, parce que ce n&rsquo;est pas encore le cas. Cela prend du temps. Apr\u00e8s, il y a de la mati\u00e8re, des choses exploitables, d&rsquo;autres pas. Il y a des compositions plus ou moins finies, ses textes aussi. Des carnets, des peintures. C&rsquo;\u00e9tait un artiste prolifique. Je comprends l&rsquo;impatience des fans, surtout avec un artiste qui nous avait habitu\u00e9s \u00e0 sortir un album tous les ans. Et qui aurait pu en sortir deux par an si la maison de disques avait dit OK.\u00a0\u00bb<\/p>\n<p>Jean-Louis Murat sous pression en Belgique<\/p>\n<p class=\"ap-StoryElement ap-StoryElement--mb ap-StoryText\">\u00ab\u00a0Mon p\u00e8re aimait tellement aller en Belgique. Il avait grosso modo trois dates qui lui mettaient une pression d&rsquo;enfer. Bien \u00e9videmment Paris. Clermont-Ferrand \u00e9galement, parce que c&rsquo;\u00e9tait jouer \u00e0 la maison, avec les copains, la famille, etc. Et il m&rsquo;a toujours dit qu&rsquo;il y avait Bruxelles. Il ne fallait pas qu&rsquo;il puisse d\u00e9cevoir son public lors de ce d\u00e9placement.\u00a0\u00bb<\/p>\n","protected":false},"excerpt":{"rendered":"Avec la mort de Jean-Louis Murat, la chanson fran\u00e7aise perd le plus bougon de ses orf\u00e8vres Le livre&hellip;\n","protected":false},"author":2,"featured_media":695959,"comment_status":"","ping_status":"","sticky":false,"template":"","format":"standard","meta":{"footnotes":""},"categories":[1411],"tags":[1154,207,1011,27,60],"class_list":{"0":"post-695958","1":"post","2":"type-post","3":"status-publish","4":"format-standard","5":"has-post-thumbnail","7":"category-cyclisme","8":"tag-cycling","9":"tag-cyclisme","10":"tag-fr","11":"tag-france","12":"tag-sports"},"share_on_mastodon":{"url":"https:\/\/pubeurope.com\/@fr\/115975009347532258","error":""},"_links":{"self":[{"href":"https:\/\/www.europesays.com\/fr\/wp-json\/wp\/v2\/posts\/695958","targetHints":{"allow":["GET"]}}],"collection":[{"href":"https:\/\/www.europesays.com\/fr\/wp-json\/wp\/v2\/posts"}],"about":[{"href":"https:\/\/www.europesays.com\/fr\/wp-json\/wp\/v2\/types\/post"}],"author":[{"embeddable":true,"href":"https:\/\/www.europesays.com\/fr\/wp-json\/wp\/v2\/users\/2"}],"replies":[{"embeddable":true,"href":"https:\/\/www.europesays.com\/fr\/wp-json\/wp\/v2\/comments?post=695958"}],"version-history":[{"count":0,"href":"https:\/\/www.europesays.com\/fr\/wp-json\/wp\/v2\/posts\/695958\/revisions"}],"wp:featuredmedia":[{"embeddable":true,"href":"https:\/\/www.europesays.com\/fr\/wp-json\/wp\/v2\/media\/695959"}],"wp:attachment":[{"href":"https:\/\/www.europesays.com\/fr\/wp-json\/wp\/v2\/media?parent=695958"}],"wp:term":[{"taxonomy":"category","embeddable":true,"href":"https:\/\/www.europesays.com\/fr\/wp-json\/wp\/v2\/categories?post=695958"},{"taxonomy":"post_tag","embeddable":true,"href":"https:\/\/www.europesays.com\/fr\/wp-json\/wp\/v2\/tags?post=695958"}],"curies":[{"name":"wp","href":"https:\/\/api.w.org\/{rel}","templated":true}]}}