{"id":695964,"date":"2026-01-28T22:11:16","date_gmt":"2026-01-28T22:11:16","guid":{"rendered":"https:\/\/www.europesays.com\/fr\/695964\/"},"modified":"2026-01-28T22:11:16","modified_gmt":"2026-01-28T22:11:16","slug":"decoration-interieure-10-trends-qui-vont-rendre-votre-logement-plus-apaisant","status":"publish","type":"post","link":"https:\/\/www.europesays.com\/fr\/695964\/","title":{"rendered":"D\u00e9coration int\u00e9rieure : 10 trends qui vont rendre votre logement plus apaisant"},"content":{"rendered":"<p>En 2026, plus que jamais, la maison n\u2019est plus seulement un lieu o\u00f9 l\u2019on dort et o\u00f9 l\u2019on mange. C\u2019est un refuge, un espace pour se ressourcer, se retrouver, ralentir. Entre le t\u00e9l\u00e9travail, le rythme effr\u00e9n\u00e9 du quotidien et la fatigue mentale, nombreux sont ceux qui ressentent le besoin de transformer leur int\u00e9rieur en v\u00e9ritable havre de paix. Bonne nouvelle\u00a0: quelques ajustements bien pens\u00e9s peuvent suffire \u00e0 changer l\u2019atmosph\u00e8re d\u2019un logement et \u00e0 le rendre plus apaisant. Couleurs, lumi\u00e8re, mati\u00e8res, rangement, bruit\u2026, chaque d\u00e9tail compte pour cr\u00e9er un chez-soi plus zen, plus doux et plus agr\u00e9able \u00e0 vivre au quotidien.<\/p>\n<p>Avec quelques astuces simples, vous pouvez obtenir un int\u00e9rieur zen et apaisant, qui invite au repos. \u00a9\u00a0miodrag ignjatovic\u00a0&#8211;\u00a0Getty\u00a0images<\/p>\n","protected":false},"excerpt":{"rendered":"En 2026, plus que jamais, la maison n\u2019est plus seulement un lieu o\u00f9 l\u2019on dort et o\u00f9 l\u2019on&hellip;\n","protected":false},"author":2,"featured_media":674960,"comment_status":"","ping_status":"","sticky":false,"template":"","format":"standard","meta":{"footnotes":""},"categories":[1358],"tags":[1348,1384,1385,1386,58,59,1011,27],"class_list":{"0":"post-695964","1":"post","2":"type-post","3":"status-publish","4":"format-standard","5":"has-post-thumbnail","7":"category-arts-et-design","8":"tag-arts","9":"tag-arts-and-design","10":"tag-arts-et-design","11":"tag-design","12":"tag-divertissement","13":"tag-entertainment","14":"tag-fr","15":"tag-france"},"share_on_mastodon":{"url":"https:\/\/pubeurope.com\/@fr\/115975021089595859","error":""},"_links":{"self":[{"href":"https:\/\/www.europesays.com\/fr\/wp-json\/wp\/v2\/posts\/695964","targetHints":{"allow":["GET"]}}],"collection":[{"href":"https:\/\/www.europesays.com\/fr\/wp-json\/wp\/v2\/posts"}],"about":[{"href":"https:\/\/www.europesays.com\/fr\/wp-json\/wp\/v2\/types\/post"}],"author":[{"embeddable":true,"href":"https:\/\/www.europesays.com\/fr\/wp-json\/wp\/v2\/users\/2"}],"replies":[{"embeddable":true,"href":"https:\/\/www.europesays.com\/fr\/wp-json\/wp\/v2\/comments?post=695964"}],"version-history":[{"count":0,"href":"https:\/\/www.europesays.com\/fr\/wp-json\/wp\/v2\/posts\/695964\/revisions"}],"wp:featuredmedia":[{"embeddable":true,"href":"https:\/\/www.europesays.com\/fr\/wp-json\/wp\/v2\/media\/674960"}],"wp:attachment":[{"href":"https:\/\/www.europesays.com\/fr\/wp-json\/wp\/v2\/media?parent=695964"}],"wp:term":[{"taxonomy":"category","embeddable":true,"href":"https:\/\/www.europesays.com\/fr\/wp-json\/wp\/v2\/categories?post=695964"},{"taxonomy":"post_tag","embeddable":true,"href":"https:\/\/www.europesays.com\/fr\/wp-json\/wp\/v2\/tags?post=695964"}],"curies":[{"name":"wp","href":"https:\/\/api.w.org\/{rel}","templated":true}]}}