{"id":695965,"date":"2026-01-28T22:13:10","date_gmt":"2026-01-28T22:13:10","guid":{"rendered":"https:\/\/www.europesays.com\/fr\/695965\/"},"modified":"2026-01-28T22:13:10","modified_gmt":"2026-01-28T22:13:10","slug":"maries-au-premier-regard-lemission-au-coeur-dun-scandale-julien-courbet-force-dintervenir","status":"publish","type":"post","link":"https:\/\/www.europesays.com\/fr\/695965\/","title":{"rendered":"\u00ab\u00a0Mari\u00e9s au premier regard\u00a0\u00bb : l\u2019\u00e9mission au c\u0153ur d\u2019un scandale, Julien Courbet forc\u00e9 d\u2019intervenir"},"content":{"rendered":"<p>Une preuve de la neutralit\u00e9 de <a href=\"https:\/\/vsd.fr\/tag\/julien-courbet\/\" target=\"_blank\" rel=\"noopener\">Julien Courbet<\/a> en contactant une boutique li\u00e9e \u00e0 <strong>Mari\u00e9s au premier regard<\/strong>. <a href=\"https:\/\/www.public.fr\/julien-courbet-deprogramme-en-catastrophe\" target=\"_blank\" rel=\"noopener\">Dans son \u00e9mission <strong>\u00c7a peut vous arriver<\/strong><\/a>, l\u2019animateur et ancien chroniqueur de <a href=\"https:\/\/www.public.fr\/tag\/cyril-hanouna\" target=\"_blank\" rel=\"noopener\">Cyril Hanouna<\/a> <strong>n\u2019h\u00e9site jamais \u00e0 sortir de sa zone de confort et confronter nombre d\u2019arnaqueurs.<\/strong> Des situations qui lui valent tr\u00e8s souvent nombre d\u2019insultes \u00e0 son \u00e9gard. Malgr\u00e9 la situation, l\u2019animateur de M6 parvient toujours \u00e0 garder son calme, ainsi qu\u2019un vocabulaire tr\u00e8s distingu\u00e9. L\u00e0 ou certains d\u00e9raperaient et r\u00e9pondraient par des insultes aux auditeurs qui les agressent.\u00a0<\/p>\n<p>En plus de savoir garder son calme, l\u2019animateur de <strong>\u00c7a peut vous arriver <\/strong>n\u2019h\u00e9site pas non plus \u00e0 confronter des patrons qui font partie du groupe M6. La preuve, avec la s\u00e9quence de ce mercredi 28 janvier 2026, ayant un lien avec l\u2019\u00e9mission <strong>Mari\u00e9s au premier regard<\/strong>.<\/p>\n<p>Les t\u00e9l\u00e9spectateurs qui suivent le programme de M6 depuis le d\u00e9but, connaissent parfaitement Paul et Nathalie. <strong>Un duo qui s\u2019occupe d\u2019une boutique de robes de mari\u00e9es en partenariat avec la cha\u00eene<\/strong> et leur permettant de recevoir toutes les candidates avant le grand jour. Une vitrine qui permet d\u2019attirer des clients ext\u00e9rieurs, comme l\u2019invit\u00e9e du jour de Julien Courbet.<\/p>\n<p>Une cliente de la boutique de robes de mari\u00e9es de Mari\u00e9s au premier regard, insatisfaite<\/p>\n<p>Celle-ci a en effet accept\u00e9 de participer au programme du matin de la Six pour d\u00e9noncer une situation embarrassante. Alors que <strong>son mariage approche \u00e0 grand pas, sa robe de mari\u00e9e n\u2019a toujours pas \u00e9t\u00e9 confectionn\u00e9e<\/strong>. Selon elle, les g\u00e9rants de la boutique dans laquelle elle a souhait\u00e9 se rendre, trouveraient des excuses pour ne pas faire le travail demand\u00e9 dans les d\u00e9lais. De plus, elle accuse la boutique de l\u2019avoir \u00ab\u00a0achet\u00e9e\u00a0\u00bb en lui proposant ladite robe en lui conseillant d&rsquo;en faire l&rsquo;acquisition \u00ab\u00a0tout de suite pour b\u00e9n\u00e9ficier d\u2019une remise de 500 euros\u00a0\u00bb.<\/p>\n<p>Face \u00e0 la situation, Julien Courbet a donc d\u00e9cid\u00e9 d\u2019intervenir en appelant Paul Cherqui, lui-m\u00eame. \u00ab\u00a0Vous avez bien compris. Ce que nous dit Gladys, c&rsquo;est que la robe, elle pense qu&rsquo;elle n&rsquo;\u00e9tait pas neuve, que c&rsquo;\u00e9tait un mod\u00e8le de showroom. D&rsquo;ailleurs, quand elle est rentr\u00e9e dans le showroom, on lui aurait dit tout de suite\u00a0: <strong>\u2018Si vous la prenez l\u00e0, celle-l\u00e0, maintenant, c&rsquo;est 500 \u20ac de moins\u2019.<\/strong> Apparemment, il y a des d\u00e9fauts de taches sur la robe, un pompon\u00a0\u00bb, a d\u2019abord rappel\u00e9 l\u2019animateur en ayant le confectionneur de robes du <a href=\"https:\/\/www.public.fr\/maries-au-premier-regard-clemence-balance-sur-malik-dans-une-video-tiktok-a-laquelle-personne-ne-sattendait\" target=\"_blank\" rel=\"noopener\">programme <strong>Mari\u00e9s au premier regard<\/strong><\/a>.<\/p>\n<p>Avant de poursuivre : \u00ab\u00a0Et aujourd&rsquo;hui, elle dit\u00a0: <strong>\u2018Moi, je veux une robe neuve\u2019. <\/strong>Qu&rsquo;en est-il de votre c\u00f4t\u00e9 ? Est-ce que cette robe, effectivement, comme on lui aurait dit, on ne peut plus la fabriquer parce que les d\u00e9lais sont trop longs ou elle ne se fabrique plus ?\u00a0\u00bb<\/p>\n<p>Paul Cherqui, le responsable, se d\u00e9fend aupr\u00e8s de Julien Courbet<\/p>\n<p>Avant de r\u00e9pondre, Paul Cherqui a souhait\u00e9 saluer la neutralit\u00e9 de Julien Courbet : \u00ab\u00a0Vous me permettez un droit de r\u00e9ponse ? D&rsquo;abord, <strong>\u00e7a prouve aussi votre neutralit\u00e9<\/strong> parce qu&rsquo;\u00e9tant donn\u00e9 que je suis partenaire de nombreux m\u00e9dias, notamment de M6, depuis des ann\u00e9es, \u00e7a prouve qu&rsquo;au moins, <strong>vous ne faites pas de tri et que vous \u00eates compl\u00e8tement neutre. Je vous en f\u00e9licite\u00a0\u00bb<\/strong>.<\/p>\n<p>En ce qui concerne sa d\u00e9fense, l\u2019homme qui se trouve derri\u00e8re les robes de Mari\u00e9s au premier regard a indiqu\u00e9 qu\u2019il faisait \u00ab\u00a0plus de 3 000 ou 3 500 robes de mari\u00e9es par an\u00a0\u00bb et que, concernant la robe de Gladys, il s\u2019agissait d\u2019une robe \u00ab\u00a0d\u2019un tr\u00e8s grand fournisseur espagnol\u00a0\u00bb. <\/p>\n<p>Apr\u00e8s avoir expliqu\u00e9 pourquoi il n\u2019avait pas le droit de vendre un mod\u00e8le d\u2019exposition et indiqu\u00e9 qu\u2019une \u00ab\u00a0robe passe au contr\u00f4le de qualit\u00e9\u00a0\u00bb avant d\u2019arriver \u00e0 sa boutique et qu\u2019il ne v\u00e9rifie pas toutes les robes au fur et \u00e0 mesure, il a assur\u00e9 \u00e0 l\u2019antenne qu\u2019il allait<strong> \u00ab\u00a0trouver une solution \u00e0 cette mari\u00e9e\u00a0\u00bb<\/strong>. De fait, Paul Cherqui <strong>s\u2019est engag\u00e9 \u00e0 rembourser son ancienne cliente<\/strong> qui a finalement trouv\u00e9 une autre robe dans une autre boutique.\u00a0<\/p>\n<p>\n          Hits &amp; People en continu\n        <\/p>\n<p>\n          Public Radio\n        <\/p>\n<p>      Mentionn\u00e9s dans cet article<\/p>\n<p>      Sur le m\u00eame sujet<\/p>\n","protected":false},"excerpt":{"rendered":"Une preuve de la neutralit\u00e9 de Julien Courbet en contactant une boutique li\u00e9e \u00e0 Mari\u00e9s au premier regard.&hellip;\n","protected":false},"author":2,"featured_media":695966,"comment_status":"","ping_status":"","sticky":false,"template":"","format":"standard","meta":{"footnotes":""},"categories":[1356],"tags":[58,59,1011,27,494,6218,987,252,1364],"class_list":{"0":"post-695965","1":"post","2":"type-post","3":"status-publish","4":"format-standard","5":"has-post-thumbnail","7":"category-television","8":"tag-divertissement","9":"tag-entertainment","10":"tag-fr","11":"tag-france","12":"tag-m6","13":"tag-maries-au-premier-regard","14":"tag-robe","15":"tag-television","16":"tag-tv"},"share_on_mastodon":{"url":"https:\/\/pubeurope.com\/@fr\/115975029013875344","error":""},"_links":{"self":[{"href":"https:\/\/www.europesays.com\/fr\/wp-json\/wp\/v2\/posts\/695965","targetHints":{"allow":["GET"]}}],"collection":[{"href":"https:\/\/www.europesays.com\/fr\/wp-json\/wp\/v2\/posts"}],"about":[{"href":"https:\/\/www.europesays.com\/fr\/wp-json\/wp\/v2\/types\/post"}],"author":[{"embeddable":true,"href":"https:\/\/www.europesays.com\/fr\/wp-json\/wp\/v2\/users\/2"}],"replies":[{"embeddable":true,"href":"https:\/\/www.europesays.com\/fr\/wp-json\/wp\/v2\/comments?post=695965"}],"version-history":[{"count":0,"href":"https:\/\/www.europesays.com\/fr\/wp-json\/wp\/v2\/posts\/695965\/revisions"}],"wp:featuredmedia":[{"embeddable":true,"href":"https:\/\/www.europesays.com\/fr\/wp-json\/wp\/v2\/media\/695966"}],"wp:attachment":[{"href":"https:\/\/www.europesays.com\/fr\/wp-json\/wp\/v2\/media?parent=695965"}],"wp:term":[{"taxonomy":"category","embeddable":true,"href":"https:\/\/www.europesays.com\/fr\/wp-json\/wp\/v2\/categories?post=695965"},{"taxonomy":"post_tag","embeddable":true,"href":"https:\/\/www.europesays.com\/fr\/wp-json\/wp\/v2\/tags?post=695965"}],"curies":[{"name":"wp","href":"https:\/\/api.w.org\/{rel}","templated":true}]}}