{"id":695967,"date":"2026-01-28T22:14:10","date_gmt":"2026-01-28T22:14:10","guid":{"rendered":"https:\/\/www.europesays.com\/fr\/695967\/"},"modified":"2026-01-28T22:14:10","modified_gmt":"2026-01-28T22:14:10","slug":"michel-sardou-79-ans-gaga-devant-la-mini-jupe-et-les-cuissardes-de-cette-chanteuse","status":"publish","type":"post","link":"https:\/\/www.europesays.com\/fr\/695967\/","title":{"rendered":"Michel Sardou (79 ans) gaga devant la mini-jupe et les cuissardes de cette chanteuse"},"content":{"rendered":"<p>Plus d\u2019un demi-si\u00e8cle de carri\u00e8re et un succ\u00e8s exceptionnel, \u00e7a<br \/>\nc\u00a0\u00bbest la marque des grandes stars. Michel Sardou a marqu\u00e9 les<br \/>\nesprits avec ses titres cultes. Apr\u00e8s une \u00e9closion timide, il<br \/>\ndevient le patron des hit-parades d\u00e8s les ann\u00e9es 70. Gr\u00e2ce \u00e0 son<br \/>\ntube Les Bals populaires, le chanteur a explos\u00e9 et s\u2019est<br \/>\nfait une place dans le c\u0153ur du public. Avant de conqu\u00e9rir tout le<br \/>\nmonde avec l&rsquo;ind\u00e9tr\u00f4nable Maladie d\u2019amour en 1973. Avec<br \/>\nplus de 100 millions d&rsquo;albums \u00e9coul\u00e9s, ce monstre sacr\u00e9 a su<br \/>\ntraverser les \u00e9poques. De l\u2019\u00e9nergie de La Java de Broadway<br \/>\n\u00e0 Je vais t\u2019aimer en passant par Les Lacs du<br \/>\nConnemara, Michel Sardou a b\u00e2ti un empire musical. Mais apr\u00e8s<br \/>\navoir fait vibrer de nombreux fans, le chanteur a d\u00e9cid\u00e9 de<br \/>\ns\u2019\u00e9loigner et de mener une vie tranquille.<\/p>\n<p>Le chanteur dans la discr\u00e9tion absolue de sa nouvelle<br \/>\nretraite<\/p>\n<p>\u00c0 79 ans, <a href=\"https:\/\/www.melty.fr\/people\/michel-sardou-agace-quon-lui-parle-sans-cesse-de-la-meme-chose-ca-me-fait-chier-2274387.html\" target=\"_blank\" rel=\"noopener\"><br \/>\nle monument de la chanson fran\u00e7aise<\/a> a tir\u00e9 sa r\u00e9v\u00e9rence<br \/>\nm\u00e9diatique. Apr\u00e8s avoir \u00e9t\u00e9 sous le feu des projecteurs, il m\u00e8ne<br \/>\nd\u00e9sormais une vie tranquille. Pour le coup, ce dernier s\u2019est offert<br \/>\nun sanctuaire \u00e0 sa mesure. En effet, c\u2019est au Cap B\u00e9nat, v\u00e9ritable<br \/>\njoyau cach\u00e9 du Var, que <strong>Michel Sardou a pos\u00e9 ses valises<br \/>\ndans une majestueuse demeure de 600 m\u00b2<\/strong>. Une demeure qu\u2019il<br \/>\na acquise pour la belle somme de 6,3 millions d\u2019euros. Habitu\u00e9 aux<br \/>\nr\u00e9sidences d&rsquo;exception, le septuag\u00e9naire cherche autre chose<br \/>\naujourd\u2019hui. \u00c0 savoir l\u2019anonymat.<\/p>\n<p>Prot\u00e9g\u00e9 par une double enceinte de s\u00e9curit\u00e9, <strong>il m\u00e8ne<br \/>\ndor\u00e9navant une existence de retrait\u00e9 tranquille<\/strong>. Selon des<br \/>\nproches et des habitants interrog\u00e9s par Nice-Matin, Michel Sardou<br \/>\nsavoure ce calme absolu, ne quittant que <strong>tr\u00e8s rarement sa<br \/>\nforteresse de solitude<\/strong> pour profiter de la douceur<br \/>\nm\u00e9diterran\u00e9enne, loin du tumulte des hit-parades. D\u2019apr\u00e8s un<br \/>\nproche, le chanteur est devenu quelqu&rsquo;un de tr\u00e8s casanier. Mais si<br \/>\nce dernier pr\u00e9f\u00e8re se faire discret, ce n\u2019\u00e9tait pas le cas il y a<br \/>\nquelques ann\u00e9es lorsqu\u2019il encha\u00eenait les apparitions sur les<br \/>\nplateaux de t\u00e9l\u00e9vision.<\/p>\n<p>Michel Sardou sous le charme d\u2019une chanteuse<\/p>\n<p>Avant de pr\u00e9f\u00e9rer la solitude, Michel Sardou n\u2019h\u00e9sitait pas \u00e0<br \/>\npasser sur un plateau de t\u00e9l\u00e9vision, comme c\u2019\u00e9tait le cas dans<br \/>\nl\u2019\u00e9mission Vivement dimanche anim\u00e9e par Michel Drucker. L\u2019occasion<br \/>\npour <a href=\"https:\/\/www.melty.fr\/people\/nicolas-sarkozy-incarcere-michel-sardou-78-ans-brutalement-honnete-a-son-sujet-ca-sest-mal-fini-je-lui-ai-dit-2270253.html\" target=\"_blank\" rel=\"noopener\"><br \/>\nl\u2019artiste qui n&rsquo;a pas m\u00e2ch\u00e9 ses mots concernant Nicolas Sarkozy<\/a><br \/>\nde faire quelques confidences. Face au pr\u00e9sentateur, le<br \/>\nseptuag\u00e9naire n\u2019avait pas manqu\u00e9 de revenir sur les dessous de sa<br \/>\nrencontre avec Mireille Darc. Et il faut dire que cette derni\u00e8re<br \/>\nn\u2019avait pas laiss\u00e9 l\u2019ic\u00f4ne de la musique indiff\u00e9rent. La raison ?<br \/>\nSa tenue ultra-sexy. \u201c<strong>Elle \u00e9tait en cuissarde. La robe<br \/>\nmini, mais quand je te dis mini, presque&#8230;<br \/>\ndangereuse<\/strong>\u201d, avait-il confi\u00e9 en 2005.<\/p>\n<p>Avant de poursuivre : \u201cEt je vois la grande arriver sur moi.<br \/>\nMoi j&rsquo;\u00e9tais assis dans mon coin. On m&rsquo;a dit de faire des chansons<br \/>\npour Delon, je fais des chansons pour Delon.\u201d Imm\u00e9diatement,<br \/>\nil a \u00e9t\u00e9 interrompu par Michel Drucker qui a fait r\u00e9f\u00e9rence \u00e0 la<br \/>\nbeaut\u00e9 de la chanteuse : \u201c\u00c7a d\u00e9concentre.\u201d Et \u00e7a, c&rsquo;est<br \/>\npeu dire. \u201c<strong>Le canon, le canon. Tout repasse, les<br \/>\nphrases d&rsquo;Audiard et tout.<\/strong> Tu te repasses tout en m\u00eame<br \/>\ntemps. Et je regarde \u00e9videmment les cuissardes\u201d, s\u2019\u00e9tait-il<br \/>\nsouvenu \u00e0 ce moment.<\/p>\n<p>Une relation pure et sinc\u00e8re<\/p>\n<p>Entre Michel Sardou et Mireille Darc, ce n\u2019\u00e9tait pas seulement<br \/>\ndu cin\u00e9ma ou encore de la chanson. Mais c\u2019\u00e9tait <strong>une amiti\u00e9<br \/>\nde c\u0153ur et ind\u00e9fectible<\/strong>. Une relation exceptionnelle que<br \/>\nl\u2019on pouvait voir dans un hors-s\u00e9rie de Paris-Match. En effet, en<br \/>\nmars 2023, nos confr\u00e8res ont rouvert la malle aux souvenirs du<br \/>\nchanteur. L\u2019occasion de pr\u00e9senter des tr\u00e9sors d\u2019archives d\u2019une rare<br \/>\nintensit\u00e9.<\/p>\n<p>Parmi ces images, on pouvait retrouver une photo particuli\u00e8re.<br \/>\nIl s\u2019agit d\u2019<strong>un clich\u00e9 rayonnant de Mireille Darc perch\u00e9e<br \/>\navec une certaine insouciance joyeuse sur les \u00e9paules de Michel<br \/>\nSardou<\/strong>. Un moment de pure complicit\u00e9 avec comme l\u00e9gende :<br \/>\n\u201c\u00c0 Meg\u00e8ve avec Mireille Darc en 1987. L&rsquo;actrice est la marraine<br \/>\nde son fils Romain. Ensemble ils ont enregistr\u00e9 un duo &lsquo;Requiem<br \/>\nchagrin&rsquo;. En 1992, Michel chante &lsquo;Le cin\u00e9ma d&rsquo;Audiard&rsquo;, hommage au<br \/>\ndialoguiste qui offrit \u00e0 Mireille Darc comme \u00e0 Bernard Blier les<br \/>\nplus belles r\u00e9pliques.\u201d De quoi en dire long sur leur<br \/>\nrelation.<\/p>\n","protected":false},"excerpt":{"rendered":"Plus d\u2019un demi-si\u00e8cle de carri\u00e8re et un succ\u00e8s exceptionnel, \u00e7a c\u00a0\u00bbest la marque des grandes stars. Michel Sardou&hellip;\n","protected":false},"author":2,"featured_media":695968,"comment_status":"","ping_status":"","sticky":false,"template":"","format":"standard","meta":{"footnotes":""},"categories":[1355],"tags":[58,59,1011,27,1361,873,65861],"class_list":{"0":"post-695967","1":"post","2":"type-post","3":"status-publish","4":"format-standard","5":"has-post-thumbnail","7":"category-musique","8":"tag-divertissement","9":"tag-entertainment","10":"tag-fr","11":"tag-france","12":"tag-music","13":"tag-musique","14":"tag-trend"},"share_on_mastodon":{"url":"https:\/\/pubeurope.com\/@fr\/115975032943422882","error":""},"_links":{"self":[{"href":"https:\/\/www.europesays.com\/fr\/wp-json\/wp\/v2\/posts\/695967","targetHints":{"allow":["GET"]}}],"collection":[{"href":"https:\/\/www.europesays.com\/fr\/wp-json\/wp\/v2\/posts"}],"about":[{"href":"https:\/\/www.europesays.com\/fr\/wp-json\/wp\/v2\/types\/post"}],"author":[{"embeddable":true,"href":"https:\/\/www.europesays.com\/fr\/wp-json\/wp\/v2\/users\/2"}],"replies":[{"embeddable":true,"href":"https:\/\/www.europesays.com\/fr\/wp-json\/wp\/v2\/comments?post=695967"}],"version-history":[{"count":0,"href":"https:\/\/www.europesays.com\/fr\/wp-json\/wp\/v2\/posts\/695967\/revisions"}],"wp:featuredmedia":[{"embeddable":true,"href":"https:\/\/www.europesays.com\/fr\/wp-json\/wp\/v2\/media\/695968"}],"wp:attachment":[{"href":"https:\/\/www.europesays.com\/fr\/wp-json\/wp\/v2\/media?parent=695967"}],"wp:term":[{"taxonomy":"category","embeddable":true,"href":"https:\/\/www.europesays.com\/fr\/wp-json\/wp\/v2\/categories?post=695967"},{"taxonomy":"post_tag","embeddable":true,"href":"https:\/\/www.europesays.com\/fr\/wp-json\/wp\/v2\/tags?post=695967"}],"curies":[{"name":"wp","href":"https:\/\/api.w.org\/{rel}","templated":true}]}}