{"id":695971,"date":"2026-01-28T22:16:09","date_gmt":"2026-01-28T22:16:09","guid":{"rendered":"https:\/\/www.europesays.com\/fr\/695971\/"},"modified":"2026-01-28T22:16:09","modified_gmt":"2026-01-28T22:16:09","slug":"psychologie-ces-6-habitudes-des-femmes-qui-paraissent-20-ans-plus-jeunes-que-leur-age-a-adopter-vite","status":"publish","type":"post","link":"https:\/\/www.europesays.com\/fr\/695971\/","title":{"rendered":"Psychologie : ces 6 habitudes des femmes qui paraissent 20 ans plus jeunes que leur \u00e2ge \u00e0 adopter vite"},"content":{"rendered":"<p>Au caf\u00e9, au bureau ou en famille, on voit souvent la m\u00eame sc\u00e8ne<br \/>\n: deux femmes du m\u00eame \u00e2ge, mais vingt ans d\u00a0\u00bb\u00e9cart dans ce que l&rsquo;on<br \/>\nper\u00e7oit. L&rsquo;une a le regard clair, la d\u00e9marche souple, un rire<br \/>\nsonore. L&rsquo;autre semble fatigu\u00e9e, le visage ferm\u00e9. Les ann\u00e9es<br \/>\nparaissent ne pas peser sur tout le monde de la m\u00eame fa\u00e7on.<\/p>\n<p>La <strong>psychologie du vieillissement<\/strong> parle<br \/>\nd&rsquo;<strong>\u00e2ge per\u00e7u<\/strong> : l&rsquo;\u00e2ge que les autres vous donnent en<br \/>\nun coup d&rsquo;oeil, \u00e0 partir de la posture, du ton de voix, de<br \/>\nl&rsquo;\u00e9nergie sociale. Cette image ne d\u00e9pend pas seulement des g\u00e8nes ni<br \/>\ndes cr\u00e8mes. Une enqu\u00eate IFOP montre que 56 % des Fran\u00e7aises placent<br \/>\nd&rsquo;abord la confiance en soi. Derri\u00e8re, les chercheurs retrouvent<br \/>\ntoujours 6 grandes habitudes.<\/p>\n<p>Psychologie du vieillissement : pourquoi certaines femmes<br \/>\nsemblent d\u00e9fier le temps<\/p>\n<p>Les sp\u00e9cialistes parlent aussi d&rsquo;<strong>attractivit\u00e9<br \/>\nper\u00e7ue<\/strong>, ce m\u00e9lange d&rsquo;apparence, de mimiques et de pr\u00e9sence<br \/>\nqui fait dire \u00ab\u00a0elle rayonne\u00a0\u00bb avant m\u00eame de conna\u00eetre l&rsquo;\u00e2ge r\u00e9el.<br \/>\nDes travaux de l&rsquo;Universit\u00e9 du Texas ont montr\u00e9 que l&rsquo;apprentissage<br \/>\nde nouvelles comp\u00e9tences apr\u00e8s 50 ans entretient la m\u00e9moire et rend<br \/>\nle regard plus vivant, ce qui suffit d\u00e9j\u00e0 \u00e0 faire para\u00eetre plus<br \/>\njeune.<\/p>\n<p>Une \u00e9tude de l&rsquo;Universit\u00e9 Yale a li\u00e9 une vision positive de<br \/>\nl&rsquo;\u00e2ge \u00e0 7,5 ann\u00e9es d&rsquo;esp\u00e9rance de vie suppl\u00e9mentaires. D&rsquo;autres<br \/>\ntravaux ont montr\u00e9 qu&rsquo;un trio gagnant bon sommeil, faible stress et<br \/>\nvie sociale soutenante pouvait rendre un cerveau jusqu&rsquo;\u00e0 huit ans<br \/>\nplus jeune. Le sommeil ressort comme levier central : \u00ab\u00a0La<br \/>\ndiff\u00e9rence entre le fait de para\u00eetre votre \u00e2ge et de para\u00eetre vingt<br \/>\nans plus jeune pourrait se cacher dans ces heures de sommeil de<br \/>\nqualit\u00e9 que vous ne prenez pas\u00a0\u00bb, explique un auteur sp\u00e9cialis\u00e9,<br \/>\ncit\u00e9 par Geediting.<\/p>\n<p>Sommeil, mouvement, alimentation : trois habitudes qui<br \/>\nrajeunissent l&rsquo;\u00e2ge per\u00e7u<\/p>\n<p>Concr\u00e8tement, ces femmes prot\u00e8gent un sommeil profond comme un<br \/>\ntr\u00e9sor. Les \u00e9tudes montrent que les mauvais dormeurs pr\u00e9sentent un<br \/>\nscore de vieillissement cutan\u00e9 plus de deux fois sup\u00e9rieur et une<br \/>\npeau qui se r\u00e9pare 30 % plus lentement. Elles visent souvent 7 \u00e0 8<br \/>\nheures de sommeil r\u00e9gulier, pi\u00e8ce fra\u00eeche, pas d&rsquo;\u00e9crans, petits<br \/>\nrituels apaisants pour envoyer au corps le message que la nuit<br \/>\ncommence.<\/p>\n<p>Le mouvement quotidien est l&rsquo;autre pilier. Apr\u00e8s 50 ans, on perd<br \/>\nenviron 1 % de masse musculaire par an, et jusqu&rsquo;\u00e0 15 % apr\u00e8s 70<br \/>\nans en cas de s\u00e9dentarit\u00e9 ; la marche, le v\u00e9lo doux ou la danse<br \/>\nralentissent cette fonte et gardent une silhouette tonique. Une<br \/>\nrecherche pr\u00e9sent\u00e9e \u00e0 l&rsquo;American Society for Nutrition a m\u00eame<br \/>\nassoci\u00e9 huit habitudes saines \u00e0 24 ann\u00e9es de vie en plus chez les<br \/>\nhommes et 21 ann\u00e9es chez les femmes.<\/p>\n<p>Esprit, \u00e9motions et relations : les<br \/>\nautres habitudes des femmes qui ne font pas leur \u00e2ge<\/p>\n<p>Ces femmes travaillent aussi leur fa\u00e7on de penser. Elles<br \/>\nrecadrent les inqui\u00e9tudes li\u00e9es \u00e0 l&rsquo;\u00e2ge pour nourrir un esprit<br \/>\ncurieux. \u00ab\u00a0La peur n&rsquo;est pas quelque chose \u00e0 vaincre, mais une<br \/>\npartie essentielle de l&rsquo;exp\u00e9rience humaine\u00a0\u00bb, a \u00e9crit Rud\u00e1 Iand\u00ea<br \/>\ndans son livre Laughing in the Face of Chaos: A Politically<br \/>\nIncorrect Shamanic Guide for Modern Life.<\/p>\n<p>Enfin, elles cultivent une vraie hygi\u00e8ne \u00e9motionnelle et<br \/>\nrelationnelle : parler, demander de l&rsquo;aide, voir des proches.<br \/>\nL&rsquo;isolement augmente de 26 % le risque de mortalit\u00e9.<\/p>\n","protected":false},"excerpt":{"rendered":"Au caf\u00e9, au bureau ou en famille, on voit souvent la m\u00eame sc\u00e8ne : deux femmes du m\u00eame&hellip;\n","protected":false},"author":2,"featured_media":695972,"comment_status":"","ping_status":"","sticky":false,"template":"","format":"standard","meta":{"footnotes":""},"categories":[10],"tags":[10108,4983,1011,27,72,206,71,279],"class_list":{"0":"post-695971","1":"post","2":"type-post","3":"status-publish","4":"format-standard","5":"has-post-thumbnail","7":"category-sante","8":"tag-anti-age","9":"tag-bien-etre","10":"tag-fr","11":"tag-france","12":"tag-health","13":"tag-psycho","14":"tag-sante","15":"tag-sommeil"},"share_on_mastodon":{"url":"https:\/\/pubeurope.com\/@fr\/115975040778392235","error":""},"_links":{"self":[{"href":"https:\/\/www.europesays.com\/fr\/wp-json\/wp\/v2\/posts\/695971","targetHints":{"allow":["GET"]}}],"collection":[{"href":"https:\/\/www.europesays.com\/fr\/wp-json\/wp\/v2\/posts"}],"about":[{"href":"https:\/\/www.europesays.com\/fr\/wp-json\/wp\/v2\/types\/post"}],"author":[{"embeddable":true,"href":"https:\/\/www.europesays.com\/fr\/wp-json\/wp\/v2\/users\/2"}],"replies":[{"embeddable":true,"href":"https:\/\/www.europesays.com\/fr\/wp-json\/wp\/v2\/comments?post=695971"}],"version-history":[{"count":0,"href":"https:\/\/www.europesays.com\/fr\/wp-json\/wp\/v2\/posts\/695971\/revisions"}],"wp:featuredmedia":[{"embeddable":true,"href":"https:\/\/www.europesays.com\/fr\/wp-json\/wp\/v2\/media\/695972"}],"wp:attachment":[{"href":"https:\/\/www.europesays.com\/fr\/wp-json\/wp\/v2\/media?parent=695971"}],"wp:term":[{"taxonomy":"category","embeddable":true,"href":"https:\/\/www.europesays.com\/fr\/wp-json\/wp\/v2\/categories?post=695971"},{"taxonomy":"post_tag","embeddable":true,"href":"https:\/\/www.europesays.com\/fr\/wp-json\/wp\/v2\/tags?post=695971"}],"curies":[{"name":"wp","href":"https:\/\/api.w.org\/{rel}","templated":true}]}}