{"id":695974,"date":"2026-01-28T22:18:10","date_gmt":"2026-01-28T22:18:10","guid":{"rendered":"https:\/\/www.europesays.com\/fr\/695974\/"},"modified":"2026-01-28T22:18:10","modified_gmt":"2026-01-28T22:18:10","slug":"charlotte-casiraghi-en-couple-apres-sa-rupture-avec-dimitri-rassa","status":"publish","type":"post","link":"https:\/\/www.europesays.com\/fr\/695974\/","title":{"rendered":"Charlotte Casiraghi en couple apr\u00e8s sa rupture avec Dimitri Rassa &#8230;"},"content":{"rendered":"<p>EN BREF<\/p>\n<ul class=\"bloc_resume_post_list\">\n<li>Charlotte Casiraghi, fille de Caroline de Monaco, a eu<br \/>\ndes relations amoureuses avec Gad Elmaleh et Dimitri Rassam, avec<br \/>\nqui elle a eu deux enfants.<\/li>\n<li>En 2023, Charlotte Casiraghi et Dimitri Rassam se<br \/>\ns\u00e9parent, mais elle reste proche de Carole Bouquet, sa belle-m\u00e8re,<br \/>\net se concentre sur son livre.<\/li>\n<li>Charlotte Casiraghi r\u00e9v\u00e8le \u00e0 Lib\u00e9ration qu\u00a0\u00bbelle est de<br \/>\nnouveau en couple, sans d\u00e9voiler l&rsquo;identit\u00e9 de son partenaire,<br \/>\nattisant la curiosit\u00e9.<\/li>\n<\/ul>\n<p>Charlotte Casighari a eu plusieurs histoires d\u2019amour, notamment<br \/>\nde 2013 \u00e0 2015 avec Gad Elmaleh. Avec l\u2019humoriste, elle a eu son<br \/>\npremier fils, Rapha\u00ebl. \u00a0Puis en 2017, Charlotte tombe<br \/>\namoureuse du producteur Dimitri Rassam, fils de l\u2019actrice Carole<br \/>\nBouquet.<\/p>\n<p>Ils auront un enfant en 2018, Balthazar, puis se marieront en<br \/>\n2019. Finalement, le couple se s\u00e9pare rompre en 2023. Depuis, la<br \/>\nprincesse est rest\u00e9e discr\u00e8te sur sa vie priv\u00e9e et s\u2019est concentr\u00e9e<br \/>\nsur son nouveau livre. Mais elle a avou\u00e9 \u00e0 Lib\u00e9ration<br \/>\navoir retrouv\u00e9 l\u2019amour\u00a0!<\/p>\n<p>Charlotte Casiraghi s\u00e9par\u00e9 de Dimitri Rassam, mais toujours<br \/>\nproche de son ancienne belle-m\u00e8re<\/p>\n<p>Le 1er juin 2019, <a href=\"https:\/\/www.closermag.fr\/mode\/charlotte-casiraghi-en-mariee-vanessa-paradis-en-rockstar-elsa-zylberstein-en-contraste-elles-rivalisent-de-style-au-defile-chanel-photos-3614611\" target=\"_blank\" rel=\"noopener\"><br \/>\nCharlotte Casiraghi<\/a> et Dimitri Rassam se sont mari\u00e9s \u00e0 Monaco,<br \/>\nquelques mois apr\u00e8s \u00eatre devenu parent de leur fils Balthazar, n\u00e9<br \/>\nen octobre 2018. Mais fin 2023, le fils du producteur Jean-Pierre<br \/>\nRassam et de <a href=\"https:\/\/www.telestar.fr\/actu_tv\/on-vous-avait-annonce-damien-thevenot-et-maya-lauque-plantes-par-carole-bouquet-en-direct-dans-telematin-1744307\" target=\"_blank\" rel=\"noopener\"><br \/>\nCarole Bouquet<\/a> et la fille de <a href=\"https:\/\/www.closermag.fr\/royautes\/caroline-et-stephanie-de-monaco-decorees-et-emues-famille-et-enfants-reunis-pour-les-celebrer-3585225\" target=\"_blank\" rel=\"noopener\"><br \/>\nCaroline de Monaco<\/a> d\u00e9cident de se <strong>s\u00e9parer<\/strong>.<br \/>\nCelle qui publie un nouveau livre reste tr\u00e8s proche de son ancienne<br \/>\nbelle-m\u00e8re.<\/p>\n<p>Ce mardi 27 janvier 2026, Charlotte Casiraghi \u00e9tait pr\u00e9sente au<br \/>\nd\u00e9fil\u00e9 Chanel de\u00a0la <strong>Fashion Week de Paris<\/strong>,<br \/>\norganis\u00e9 sous la nef du Grand Palais par le nouveau directeur<br \/>\nartistique de la maison de haute couture, Matthieu Blazy. La<br \/>\ncavali\u00e8re s\u2019est affich\u00e9e avec l\u2019actrice <strong>Carole<br \/>\nBouquet<\/strong>, m\u00e8re de son ex-\u00e9poux. D\u2019autres c\u00e9l\u00e9brit\u00e9s ont<br \/>\nassist\u00e9 \u00e0 l\u2019\u00e9v\u00e9nement, comme Nicole Kidman, la chanteuse Dua Lipa,<br \/>\nPenelope Cruz ou encore A$AP Rocky.<\/p>\n<blockquote class=\"twitter-tweet\"><p><a class=\"twitter-link\" rel=\"noindex, nofollow noopener\" href=\"https:\/\/twitter.com\/Tatlermagazine\/status\/2016497939682873815\" target=\"_blank\"><\/p><\/blockquote>\n<p>Charlotte Casighari r\u00e9v\u00e8le \u00eatre de<br \/>\nnouveau en couple<\/p>\n<p>Ce 27 janvier 2026, nos confr\u00e8res de <a href=\"https:\/\/www.liberation.fr\/portraits\/charlotte-casiraghi-vaille-que-failles-20260127_Q6N5RF5IOJAG7MORSICCMUHHCQ\/\" target=\"_blank\" rel=\"noopener\"><br \/>\nLib\u00e9ration<\/a> ont publi\u00e9 un portrait sur la Mon\u00e9gasque.<br \/>\nCharlotte Casiraghi sort son premier texte personnel, la<br \/>\nF\u00ealure, disponible d\u00e8s le 29 janvier prochain. \u00ab\u00a0Ce livre<br \/>\nest une enqu\u00eate vivante, incarn\u00e9e, et je l\u2019esp\u00e8re br\u00fblante, [\u2026] sur<br \/>\nces l\u00e9zardes d\u2019o\u00f9 sort la trag\u00e9die de notre sort partag\u00e9\u00a0\u00bb<br \/>\na-t-elle expliqu\u00e9 au quotidien. \u00a0<\/p>\n<p>Apr\u00e8s avoir longuement \u00e9voqu\u00e9 son ouvrage, nos confr\u00e8res se sont<br \/>\nrisqu\u00e9s \u00e0 une question bien plus personnelle. La princesse vit-elle<br \/>\nseule ? \u00ab\u00a0<strong>Sans r\u00e9v\u00e9ler l\u2019identit\u00e9 de l\u2019heureux \u00e9lu, elle<br \/>\nconc\u00e8de qu\u2019elle vit en couple et r\u00e9side \u00e0 Paris depuis<br \/>\npeu<\/strong>\u00a0\u00bb a expliqu\u00e9 le journal. Elle n\u2019en dira pas plus<br \/>\npour l\u2019instant !<\/p>\n<p><script async src=\"https:\/\/platform.twitter.com\/widgets.js\" charset=\"utf-8\"><\/script><\/p>\n","protected":false},"excerpt":{"rendered":"EN BREF Charlotte Casiraghi, fille de Caroline de Monaco, a eu des relations amoureuses avec Gad Elmaleh et&hellip;\n","protected":false},"author":2,"featured_media":695975,"comment_status":"","ping_status":"","sticky":false,"template":"","format":"standard","meta":{"footnotes":""},"categories":[8],"tags":[548,58,59,1011,27,65861],"class_list":{"0":"post-695974","1":"post","2":"type-post","3":"status-publish","4":"format-standard","5":"has-post-thumbnail","7":"category-divertissement","8":"tag-article-simple","9":"tag-divertissement","10":"tag-entertainment","11":"tag-fr","12":"tag-france","13":"tag-trend"},"share_on_mastodon":{"url":"https:\/\/pubeurope.com\/@fr\/115975048660877518","error":""},"_links":{"self":[{"href":"https:\/\/www.europesays.com\/fr\/wp-json\/wp\/v2\/posts\/695974","targetHints":{"allow":["GET"]}}],"collection":[{"href":"https:\/\/www.europesays.com\/fr\/wp-json\/wp\/v2\/posts"}],"about":[{"href":"https:\/\/www.europesays.com\/fr\/wp-json\/wp\/v2\/types\/post"}],"author":[{"embeddable":true,"href":"https:\/\/www.europesays.com\/fr\/wp-json\/wp\/v2\/users\/2"}],"replies":[{"embeddable":true,"href":"https:\/\/www.europesays.com\/fr\/wp-json\/wp\/v2\/comments?post=695974"}],"version-history":[{"count":0,"href":"https:\/\/www.europesays.com\/fr\/wp-json\/wp\/v2\/posts\/695974\/revisions"}],"wp:featuredmedia":[{"embeddable":true,"href":"https:\/\/www.europesays.com\/fr\/wp-json\/wp\/v2\/media\/695975"}],"wp:attachment":[{"href":"https:\/\/www.europesays.com\/fr\/wp-json\/wp\/v2\/media?parent=695974"}],"wp:term":[{"taxonomy":"category","embeddable":true,"href":"https:\/\/www.europesays.com\/fr\/wp-json\/wp\/v2\/categories?post=695974"},{"taxonomy":"post_tag","embeddable":true,"href":"https:\/\/www.europesays.com\/fr\/wp-json\/wp\/v2\/tags?post=695974"}],"curies":[{"name":"wp","href":"https:\/\/api.w.org\/{rel}","templated":true}]}}