{"id":695982,"date":"2026-01-28T22:22:10","date_gmt":"2026-01-28T22:22:10","guid":{"rendered":"https:\/\/www.europesays.com\/fr\/695982\/"},"modified":"2026-01-28T22:22:10","modified_gmt":"2026-01-28T22:22:10","slug":"pas-de-consommateurs-pas-de-dealer-la-police-lance-une-vaste-operation-de-repression","status":"publish","type":"post","link":"https:\/\/www.europesays.com\/fr\/695982\/","title":{"rendered":"\u00ab\u00a0Pas de consommateurs, pas de dealer\u00a0\u00bb, la police lance une vaste op\u00e9ration de r\u00e9pression"},"content":{"rendered":"<p> \u00abBonjour, contr\u00f4le de <a href=\"https:\/\/www.20minutes.fr\/dossier\/police\" class=\"c-link c-link--is-underlined\" target=\"_blank\" rel=\"noopener\">police\u00a0<\/a>\u00bb. Une sc\u00e8ne, avec palpations d\u2019usage, qui s\u2019est r\u00e9p\u00e9t\u00e9e un peu plus qu\u2019\u00e0 l\u2019accoutum\u00e9e ce mercredi \u00e0 <a href=\"https:\/\/www.20minutes.fr\/marseille\/\" class=\"c-link c-link--is-underlined\" target=\"_blank\" rel=\"noopener\">Marseille<\/a>, o\u00f9 les autorit\u00e9s ont donn\u00e9 le coup d\u2019envoi de vastes op\u00e9rations de r\u00e9pressions des consommateurs de <a href=\"https:\/\/www.20minutes.fr\/dossier\/drogue\" class=\"c-link c-link--is-underlined\" target=\"_blank\" rel=\"noopener\">drogue<\/a>.<\/p>\n<p>Apr\u00e8s les op\u00e9rations <a href=\"https:\/\/www.20minutes.fr\/faits_divers\/4083977-20240329-operations-place-nette-ca-va-changer-habitudes-livreur-impact-consommateurs\" class=\"c-link c-link--is-underlined\" target=\"_blank\" rel=\"noopener\">Place nette puis dans leur version XXL, suivies des actions Jumbo<\/a>, toutes visant d\u2019abord \u00e0 perturber les <a href=\"https:\/\/www.20minutes.fr\/dossier\/trafic_de_drogue\" class=\"c-link c-link--is-underlined\" target=\"_blank\" rel=\"noopener\">trafics de drogues<\/a> et les points de deal, la pr\u00e9fecture de Marseille enrichit son arsenal de lutte contre le <a href=\"https:\/\/www.20minutes.fr\/dossier\/narcotrafiquants\" class=\"c-link c-link--is-underlined\" target=\"_blank\" rel=\"noopener\">narcotrafic<\/a> en ouvrant \u00ab\u00a0en\u00a02026 un nouveau volet de lutte contre les consommateurs\u00a0\u00bb, explique la pr\u00e9f\u00e8te d\u00e9l\u00e9gu\u00e9e Corinne Simon depuis le quartier des R\u00e9form\u00e9s.<\/p>\n<p>Zackari, son fond de pochon et ses longues feuilles \u00e0 200 euros<\/p>\n<p>\u00ab\u00a0Les consommateurs, m\u00eame occasionnels, doivent comprendre qu\u2019\u00e0 chaque fois qu\u2019ils ach\u00e8tent du produit, ils participent au trafic. Le Pr\u00e9sident l\u2019a dit, le ministre de l\u2019Int\u00e9rieur l\u2019a rappel\u00e9. Si je n\u2019ai plus de consommateurs, je n\u2019ai plus de dealer\u00a0\u00bb, r\u00e9sume la pr\u00e9f\u00e8te venue pour le faire savoir. Pendant ce temps, des policiers \u2013 comme 1.200 autres fonctionnaires dans 159 autres lieux du d\u00e9partement dans les deux jours \u00e0 venir \u2013 s\u2019appliquent \u00e0 contr\u00f4ler les passants et voyageurs qui sortent du tramway ou du m\u00e9tro.<\/p>\n<p>Zackari* sort du tramway justement. Il en est quitte pour une convocation judiciaire et une amende forfaitaire d\u00e9lictuelle de 200 euros pour possession de drogue, sa toute premi\u00e8re jamais re\u00e7ue, dit-il. \u00ab\u00a0J\u2019avais un r\u00e9sidu [de fumette] dans un pochon et des longues feuilles, je suis d\u00e9go\u00fbt\u00e9, c\u2019est un d\u00e9lit de faci\u00e8s\u00a0\u00bb, marronne le jeune homme de 20 ans, cariste dans un entrep\u00f4t logistique en p\u00e9riph\u00e9rie de Marseille.<\/p>\n<p>Avec quatre amis de sa cit\u00e9 Jean-Jaur\u00e8s, dans les quartiers nord, ils sont venus passer la fin de journ\u00e9e aux R\u00e9form\u00e9s et dans son cin\u00e9ma. \u00ab\u00a0Si au moins \u00e7a servait \u00e0 r\u00e9parer les ascenseurs du b\u00e2timent, ce serait bien\u00a0\u00bb, souffle-t-il en rangeant, mal pli\u00e9e, sa convocation dans sa sacoche. \u00ab\u00a0Et <a href=\"https:\/\/www.20minutes.fr\/societe\/4191775-20251216-narcotrafic-500-euros-macron-annonce-relevement-amende-forfaitaire-consommateurs\" class=\"c-link c-link--is-underlined\" target=\"_blank\" rel=\"noopener\">Macron va mettre l\u2019amende \u00e0 500 euros\u00a0<\/a>? Ils veulent qu\u2019on fasse des heures de nuit au quartier ou quoi\u00a0\u00bb, ironise-t-il.<\/p>\n<p>Le boucher satisfait<\/p>\n<p>Plus loin sur l\u2019avenue des R\u00e9form\u00e9s, Bernard observe les op\u00e9rations depuis la vitrine de sa boucherie\u00a0: \u00ab\u00a0Ils devraient faire \u00e7a tous les jours\u00a0\u00bb, approuve le commer\u00e7ant, install\u00e9 ici depuis onze ans. \u00ab\u00a0Pas trop le matin, c\u2019est plut\u00f4t tranquille mais avoir au moins une patrouille pr\u00e9sente l\u2019apr\u00e8s-midi\u00a0\u00bb, commente le quinquag\u00e9naire. Son voisin de boutique, un propri\u00e9taire de snack est lui plus circonspect\u00a0: \u00ab\u00a0C\u2019est bien oui, oui\u00a0\u00bb, r\u00e9p\u00e8te-t-il.<\/p>\n<p>La pr\u00e9sence relativement massive mais soudaine d\u2019effectifs de police \u00e9veille aussi quelques curieux et r\u00e9fractaires \u00e0 ce surplus de force de l\u2019ordre dans ce quartier anim\u00e9. Un \u00ab\u00a0quelle hypocrisie\u00a0!\u00a0\u00bb fuse ici, l\u00e0 un adh\u00e9rent de M\u00e9decins du monde souhaite s\u2019enqu\u00e9rir directement aupr\u00e8s de la pr\u00e9f\u00e8te d\u2019un \u00e9ventuel volet sanitaire, alors que les d\u00e9g\u00e2ts des addictions au crack se font de plus en plus visibles \u00e0 Marseille et dans ses centres-villes.<\/p>\n<p>Dans l\u2019imm\u00e9diat et avec l\u2019id\u00e9e de couper \u00e0 terme les robinets des trafiquants, la police d\u00e9ploie donc ces op\u00e9rations de ratissage, \u00ab\u00a0partout, dans les tramways, m\u00e9tros, les trains, les rues, les abords des \u00e9tablissements scolaires, les gares, sur les routes\u00a0\u00bb avec des contr\u00f4les de d\u00e9pistages de police et gendarmeries, sur 23 communes du d\u00e9partement durant les prochaines 72 heures.<\/p>\n<p>\u00ab\u00a0Ces op\u00e9rations auront lieu r\u00e9guli\u00e8rement tous les mois et parfois plusieurs fois par mois\u00a0\u00bb, pr\u00e9vient la pr\u00e9f\u00e8te Corinne Simon, alors que policiers et gendarmes des Bouches-du-Rh\u00f4ne ont distribu\u00e9 en\u00a02025 16.000 amendes forfaitaires d\u00e9lictuelles (AFD) et suspendu pr\u00e8s 2.200 permis pour d\u00e9tention ou usage de stup\u00e9fiant.<\/p>\n","protected":false},"excerpt":{"rendered":"\u00abBonjour, contr\u00f4le de police\u00a0\u00bb. Une sc\u00e8ne, avec palpations d\u2019usage, qui s\u2019est r\u00e9p\u00e9t\u00e9e un peu plus qu\u2019\u00e0 l\u2019accoutum\u00e9e ce&hellip;\n","protected":false},"author":2,"featured_media":695983,"comment_status":"","ping_status":"","sticky":false,"template":"","format":"standard","meta":{"footnotes":""},"categories":[4],"tags":[47,11,6654,885,1052,1011,27,884,7088,8721,12,883,882,25,104,887],"class_list":{"0":"post-695982","1":"post","2":"type-post","3":"status-publish","4":"format-standard","5":"has-post-thumbnail","7":"category-france","8":"tag-actualite","9":"tag-actualites","10":"tag-addiction","11":"tag-bouches-du-rhone","12":"tag-drogue","13":"tag-fr","14":"tag-france","15":"tag-marseille","16":"tag-ministre-de-linterieur","17":"tag-narcotrafic","18":"tag-news","19":"tag-paca","20":"tag-provence-alpes-cote-dazur","21":"tag-republique-francaise","22":"tag-societe","23":"tag-trafic-de-drogue"},"share_on_mastodon":{"url":"https:\/\/pubeurope.com\/@fr\/115975064364803592","error":""},"_links":{"self":[{"href":"https:\/\/www.europesays.com\/fr\/wp-json\/wp\/v2\/posts\/695982","targetHints":{"allow":["GET"]}}],"collection":[{"href":"https:\/\/www.europesays.com\/fr\/wp-json\/wp\/v2\/posts"}],"about":[{"href":"https:\/\/www.europesays.com\/fr\/wp-json\/wp\/v2\/types\/post"}],"author":[{"embeddable":true,"href":"https:\/\/www.europesays.com\/fr\/wp-json\/wp\/v2\/users\/2"}],"replies":[{"embeddable":true,"href":"https:\/\/www.europesays.com\/fr\/wp-json\/wp\/v2\/comments?post=695982"}],"version-history":[{"count":0,"href":"https:\/\/www.europesays.com\/fr\/wp-json\/wp\/v2\/posts\/695982\/revisions"}],"wp:featuredmedia":[{"embeddable":true,"href":"https:\/\/www.europesays.com\/fr\/wp-json\/wp\/v2\/media\/695983"}],"wp:attachment":[{"href":"https:\/\/www.europesays.com\/fr\/wp-json\/wp\/v2\/media?parent=695982"}],"wp:term":[{"taxonomy":"category","embeddable":true,"href":"https:\/\/www.europesays.com\/fr\/wp-json\/wp\/v2\/categories?post=695982"},{"taxonomy":"post_tag","embeddable":true,"href":"https:\/\/www.europesays.com\/fr\/wp-json\/wp\/v2\/tags?post=695982"}],"curies":[{"name":"wp","href":"https:\/\/api.w.org\/{rel}","templated":true}]}}