{"id":696052,"date":"2026-01-28T23:01:13","date_gmt":"2026-01-28T23:01:13","guid":{"rendered":"https:\/\/www.europesays.com\/fr\/696052\/"},"modified":"2026-01-28T23:01:13","modified_gmt":"2026-01-28T23:01:13","slug":"soupconne-dappartenir-a-la-flotte-fantome-russe-le-grinch-reste-immobilise-en-france","status":"publish","type":"post","link":"https:\/\/www.europesays.com\/fr\/696052\/","title":{"rendered":"Soup\u00e7onn\u00e9 d&rsquo;appartenir \u00e0 la flotte fant\u00f4me russe, le \u00ab\u00a0Grinch\u00a0\u00bb, reste immobilis\u00e9 en France"},"content":{"rendered":"<ul class=\"jsx-862013697 ArticleChapo__List\">\n<li class=\"jsx-862013697 ArticleChapo__List_Item flex\">Le p\u00e9trolier, arraisonn\u00e9 la semaine derni\u00e8re dans les eaux internationales, va rester immobilis\u00e9 pendant la poursuite des investigations dans le golfe de Fos-sur-Mer.<\/li>\n<li class=\"jsx-862013697 ArticleChapo__List_Item flex\">Il est soup\u00e7onn\u00e9 d&rsquo;appartenir \u00e0 la flotte fant\u00f4me russe, coupable de financer l&rsquo;effort de guerre de Vladimir Poutine.<\/li>\n<li class=\"jsx-862013697 ArticleChapo__List_Item flex\">La justice \u00e9tudie d\u00e9sormais les suites possibles, y compris une proc\u00e9dure de reconnaissance de culpabilit\u00e9.<\/li>\n<\/ul>\n<p data-module=\"article-paragraph\" class=\"jsx-157965717 Paragraph Paragraph__End\">Le \u00ab\u00a0Grinch\u00a0\u00bb ne repartira pas pour l&rsquo;instant. Ce p\u00e9trolier, inscrit sous ce nom sur la liste des navires de <a href=\"https:\/\/www.tf1info.fr\/international\/trois-ans-de-guerre-en-ukraine-russie-comment-la-flotte-fantome-russe-hante-les-mers-depuis-trois-ans-2349005.html\" target=\"_blank\" rel=\"noopener\">la flotte fant\u00f4me russe<\/a> plac\u00e9s sous sanctions par le Royaume-Uni, va rester immobilis\u00e9 au large de Fos-sur-Mer, dans les Bouches-du-Rh\u00f4ne, pendant que la justice poursuit ses investigations. C&rsquo;est ce qu&rsquo;a annonc\u00e9 le parquet de Marseille mercredi 28 janvier, alors que la <a href=\"https:\/\/www.tf1info.fr\/justice-faits-divers\/flotte-fantome-russe-le-capitaine-indien-du-petrolier-grinch-place-en-garde-a-vue-annonce-le-parquet-de-marseille-2420680.html\" target=\"_blank\" rel=\"noopener\">garde \u00e0 vue du capitaine (nouvelle fen\u00eatre)<\/a>, de nationalit\u00e9 indienne, avait \u00e9t\u00e9 lev\u00e9e ce week-end.<\/p>\n<p data-module=\"article-paragraph\" class=\"jsx-157965717 Paragraph Paragraph__End\">Jeudi dernier, une op\u00e9ration des commandos marine fran\u00e7ais avait intercept\u00e9 le p\u00e9trolier dans les eaux internationales, entre l&rsquo;Espagne et l&rsquo;Afrique du Nord. Le \u00ab\u00a0Grinch\u00a0\u00bb naviguait alors sous pavillon des Comores. Et c&rsquo;est pr\u00e9cis\u00e9ment sur ce point qu&rsquo;a \u00e9t\u00e9 ouverte une enqu\u00eate pr\u00e9liminaire men\u00e9e par la gendarmerie maritime : les enqu\u00eateurs cherchent \u00e0 d\u00e9terminer si le pavillon arbor\u00e9 correspond bien au pays dans lequel le navire est enregistr\u00e9.<\/p>\n<p>Avenir incertain<\/p>\n<p data-module=\"article-paragraph\" class=\"jsx-157965717 Paragraph Paragraph__End\">\u00ab\u00a0Nous verrons quelles qualifications seront finalement retenues et quelles cons\u00e9quences au niveau p\u00e9nal\u00a0\u00bb, a indiqu\u00e9 une source proche du dossier \u00e0 nos confr\u00e8res de l&rsquo;Agence France-Presse. Car le sort du navire pose un v\u00e9ritable casse-t\u00eate \u00e0 la justice, dont le sujet devrait \u00eatre tranch\u00e9 dans les prochains jours. Parmi les options envisag\u00e9es figure notamment la possibilit\u00e9 d&rsquo;une comparution sur reconnaissance pr\u00e9alable de culpabilit\u00e9. Un dispositif cr\u00e9\u00e9 en 2004 permettant \u00e0 l&rsquo;auteur d&rsquo;une infraction de reconna\u00eetre sa culpabilit\u00e9 et ainsi \u00e0 la justice d&rsquo;acc\u00e9l\u00e9rer la proc\u00e9dure. Le cas \u00e9ch\u00e9ant, les autorit\u00e9s fran\u00e7aises pourraient poursuivre l&rsquo;immobilisation du navire.<\/p>\n<p><a href=\"https:\/\/www.tf1info.fr\/international\/un-navire-de-la-flotte-fantome-russe-saisi-par-la-france-que-peut-vraiment-faire-paris-contre-le-grinch-2420423.html\" rel=\"noopener\" class=\"jsx-3308031228 Link flex\" target=\"_blank\"><img decoding=\"async\" src=\"https:\/\/www.europesays.com\/fr\/wp-content\/uploads\/2026\/01\/petrolier-grinch-flotte-fantome-russe-23-janvier-2026-2ac1f6-0@1x.jpeg\" alt=\"Le p\u00e9trolier &quot;Grinch&quot; intercept\u00e9 par la France\" loading=\"lazy\" importance=\"low\" fetchpriority=\"low\" class=\"\" aria-hidden=\"true\"\/><\/p>\n<p class=\"jsx-3657663356 ReadMoreArticle__Title\">Lire aussi<\/p>\n<p class=\"jsx-3657663356\">Navire arraisonn\u00e9 par la France : que peut vraiment faire Paris contre le \u00ab\u00a0Grinch\u00a0\u00bb ?<\/p>\n<p><\/a><\/p>\n<p data-module=\"article-paragraph\" class=\"jsx-157965717 Paragraph Paragraph__End\">Depuis le d\u00e9but de son offensive en Ukraine, la Russie est sous le coup de multiples sanctions visant ses exportations de p\u00e9trole. Ce mercredi, le repr\u00e9sentant sp\u00e9cial de la pr\u00e9sidence ukrainienne charg\u00e9 des sanctions Vladyslav Vassiouk a m\u00eame appel\u00e9 les pays de l&rsquo;Union europ\u00e9enne \u00e0 ne pas avoir \u00ab\u00a0peur\u00a0\u00bb et \u00e0 agir \u00ab\u00a0physiquement\u00a0\u00bb contre la flotte fant\u00f4me russe, estim\u00e9e \u00e0 plus de 598 navires, selon un d\u00e9compte de l&rsquo;Agence France-Presse.<\/p>\n<p>Aymen Amiri avec AFP<\/p>\n","protected":false},"excerpt":{"rendered":"Le p\u00e9trolier, arraisonn\u00e9 la semaine derni\u00e8re dans les eaux internationales, va rester immobilis\u00e9 pendant la poursuite des investigations&hellip;\n","protected":false},"author":2,"featured_media":696053,"comment_status":"","ping_status":"","sticky":false,"template":"","format":"standard","meta":{"footnotes":""},"categories":[1591],"tags":[1111,11,1921,1887,1922,2954,12,1885,1886,132,220,77346,364,133,2953],"class_list":{"0":"post-696052","1":"post","2":"type-post","3":"status-publish","4":"format-standard","5":"has-post-thumbnail","7":"category-russie","8":"tag-actu","9":"tag-actualites","10":"tag-article-video","11":"tag-federation-de-russie","12":"tag-info","13":"tag-justice-et-faits-divers","14":"tag-news","15":"tag-russia","16":"tag-russian-federation","17":"tag-russie","18":"tag-ukraine","19":"tag-ukraine-vers-une-5-annee-de-guerre","20":"tag-union-europeenne","21":"tag-video","22":"tag-video-police"},"share_on_mastodon":{"url":"https:\/\/pubeurope.com\/@fr\/115975217854714109","error":""},"_links":{"self":[{"href":"https:\/\/www.europesays.com\/fr\/wp-json\/wp\/v2\/posts\/696052","targetHints":{"allow":["GET"]}}],"collection":[{"href":"https:\/\/www.europesays.com\/fr\/wp-json\/wp\/v2\/posts"}],"about":[{"href":"https:\/\/www.europesays.com\/fr\/wp-json\/wp\/v2\/types\/post"}],"author":[{"embeddable":true,"href":"https:\/\/www.europesays.com\/fr\/wp-json\/wp\/v2\/users\/2"}],"replies":[{"embeddable":true,"href":"https:\/\/www.europesays.com\/fr\/wp-json\/wp\/v2\/comments?post=696052"}],"version-history":[{"count":0,"href":"https:\/\/www.europesays.com\/fr\/wp-json\/wp\/v2\/posts\/696052\/revisions"}],"wp:featuredmedia":[{"embeddable":true,"href":"https:\/\/www.europesays.com\/fr\/wp-json\/wp\/v2\/media\/696053"}],"wp:attachment":[{"href":"https:\/\/www.europesays.com\/fr\/wp-json\/wp\/v2\/media?parent=696052"}],"wp:term":[{"taxonomy":"category","embeddable":true,"href":"https:\/\/www.europesays.com\/fr\/wp-json\/wp\/v2\/categories?post=696052"},{"taxonomy":"post_tag","embeddable":true,"href":"https:\/\/www.europesays.com\/fr\/wp-json\/wp\/v2\/tags?post=696052"}],"curies":[{"name":"wp","href":"https:\/\/api.w.org\/{rel}","templated":true}]}}