{"id":696056,"date":"2026-01-28T23:03:12","date_gmt":"2026-01-28T23:03:12","guid":{"rendered":"https:\/\/www.europesays.com\/fr\/696056\/"},"modified":"2026-01-28T23:03:12","modified_gmt":"2026-01-28T23:03:12","slug":"usa-la-fed-laisse-ses-taux-directeurs-inchanges","status":"publish","type":"post","link":"https:\/\/www.europesays.com\/fr\/696056\/","title":{"rendered":"USA-La Fed laisse ses taux directeurs inchang\u00e9s"},"content":{"rendered":"<p>28 janvier (Reuters) &#8211;     La R\u00e9serve f\u00e9d\u00e9rale am\u00e9ricaine (Fed) a, comme pr\u00e9vu, laiss\u00e9 mercredi inchang\u00e9 l&rsquo;objectif de taux des \u00ab\u00a0fed funds\u00a0\u00bb dans une fourchette de 3,50% \u00e0 3,75%, citant une inflation toujours \u00e9lev\u00e9e et une croissance \u00e9conomique solide.<\/p>\n<p>\n              \u00ab\u00a0L&rsquo;activit\u00e9 \u00e9conomique a connu une expansion soutenue\u00a0\u00bb, d\u00e9clarent les responsables de la banque centrale dans leur communiqu\u00e9, ajoutant que l&rsquo;inflation \u00ab\u00a0reste quelque peu \u00e9lev\u00e9e\u00a0\u00bb, et que le march\u00e9 de l&#8217;emploi \u00ab\u00a0a montr\u00e9 certains signes de stabilisation\u00a0\u00bb.<\/p>\n<p>\n              Cette d\u00e9cision intervient apr\u00e8s trois baisses cons\u00e9cutives des co\u00fbts d&#8217;emprunt depuis la reprise du cycle d&rsquo;assouplissement mon\u00e9taire en septembre.<\/p>\n<p>\n              La d\u00e9cision sur les taux n&rsquo;a pas \u00e9t\u00e9 prise \u00e0 l&rsquo;unanimit\u00e9, 2 membres du FOMC, le comit\u00e9 de politique mon\u00e9taire, s&rsquo;\u00e9tant prononc\u00e9s contre, montre le communiqu\u00e9 de la banque centrale am\u00e9ricaine publi\u00e9 \u00e0 l&rsquo;issue d&rsquo;une r\u00e9union de deux jours.<\/p>\n<p>\n              Les gouverneurs Christopher Waller, candidat \u00e0 la succession de l&rsquo;actuel pr\u00e9sident de la Fed, Jerome Powell, lorsque son mandat \u00e0 la t\u00eate de la banque centrale prendra fin en mai prochain, et Stephen Miran, se sont oppos\u00e9s \u00e0 cette d\u00e9cision et se sont prononc\u00e9s en faveur d&rsquo;une baisse des taux d&rsquo;int\u00e9r\u00eat d&rsquo;un quart de point de pourcentage.<\/p>\n<p>\n              La Fed n&rsquo;a donn\u00e9 aucune indication sur la date \u00e0 laquelle une nouvelle r\u00e9duction des co\u00fbts d&#8217;emprunt pourrait intervenir, pr\u00e9cisant que \u00ab\u00a0l&rsquo;ampleur et le calendrier des ajustements suppl\u00e9mentaires\u00a0\u00bb d\u00e9pendraient des donn\u00e9es \u00e0 venir et des perspectives \u00e9conomiques.<\/p>\n<p>\n              La banque centrale, qui souligne que la cr\u00e9ation d&#8217;emplois reste faible, a supprim\u00e9 de son communiqu\u00e9 la r\u00e9f\u00e9rence \u00e0 l&rsquo;augmentation des risques de ralentissement de l&#8217;emploi, ce qui indique que les responsables de l&rsquo;institution sont moins pr\u00e9occup\u00e9s par un \u00e9ventuel refroidissement rapide du march\u00e9 du travail.<\/p>\n<p>\n              Les contrats \u00e0 terme sur taux d&rsquo;int\u00e9r\u00eat tablent d\u00e9sormais sur une probabilit\u00e9 de 28% d&rsquo;une baisse des taux d&rsquo;ici avril, soit l\u00e9g\u00e8rement moins qu&rsquo;avant l&rsquo;annonce de la Fed et sur une probabilit\u00e9 de 64% d&rsquo;ici juin, soit l\u00e9g\u00e8rement plus qu&rsquo;auparavant, avec une deuxi\u00e8me baisse des taux probable avant la fin de l&rsquo;ann\u00e9e.<\/p>\n<p>\n              Les rendements des bons du Tr\u00e9sor am\u00e9ricain amplifient l\u00e9g\u00e8rement leur progression, avec celui des Treasuries \u00e0 dix ans gagnant 4 points de base \u00e0 4,2631% et celui de l&rsquo;obligation \u00e0 deux ans 2 points de base \u00e0 3,5895%.<\/p>\n<p>\n              Le patron de Fed doit commenter cette d\u00e9cision au cours d&rsquo;une conf\u00e9rence de presse pr\u00e9vue \u00e0 19h30 GMT.<\/p>\n<p>\n              Cette premi\u00e8re r\u00e9union de la banque centrale am\u00e9ricaine en 2026 a \u00e9t\u00e9 assombrie par les risques pesant sur l&rsquo;ind\u00e9pendance de l&rsquo;institution. Jerome Powell, dont le mandat prendra fin en mai, est menac\u00e9 d&rsquo;une enqu\u00eate p\u00e9nale par l&rsquo;administration Trump, qui tente \u00e9galement de limoger la gouverneure Lisa Cook.<\/p>\n<p> (Reportage Howard Schneider, version fran\u00e7aise Diana Mandi\u00e1, \u00e9dit\u00e9 par Zhifan Liu)<\/p>\n","protected":false},"excerpt":{"rendered":"28 janvier (Reuters) &#8211; La R\u00e9serve f\u00e9d\u00e9rale am\u00e9ricaine (Fed) a, comme pr\u00e9vu, laiss\u00e9 mercredi inchang\u00e9 l&rsquo;objectif de taux&hellip;\n","protected":false},"author":2,"featured_media":696057,"comment_status":"","ping_status":"","sticky":false,"template":"","format":"standard","meta":{"footnotes":""},"categories":[1589],"tags":[11,340,73,1866,12,1864,1865,1863,308],"class_list":{"0":"post-696056","1":"post","2":"type-post","3":"status-publish","4":"format-standard","5":"has-post-thumbnail","7":"category-etats-unis","8":"tag-actualites","9":"tag-bourse","10":"tag-etats-unis","11":"tag-etats-unis-damerique","12":"tag-news","13":"tag-united-states","14":"tag-united-states-of-america","15":"tag-us","16":"tag-usa"},"share_on_mastodon":{"url":"https:\/\/pubeurope.com\/@fr\/115975225637545528","error":""},"_links":{"self":[{"href":"https:\/\/www.europesays.com\/fr\/wp-json\/wp\/v2\/posts\/696056","targetHints":{"allow":["GET"]}}],"collection":[{"href":"https:\/\/www.europesays.com\/fr\/wp-json\/wp\/v2\/posts"}],"about":[{"href":"https:\/\/www.europesays.com\/fr\/wp-json\/wp\/v2\/types\/post"}],"author":[{"embeddable":true,"href":"https:\/\/www.europesays.com\/fr\/wp-json\/wp\/v2\/users\/2"}],"replies":[{"embeddable":true,"href":"https:\/\/www.europesays.com\/fr\/wp-json\/wp\/v2\/comments?post=696056"}],"version-history":[{"count":0,"href":"https:\/\/www.europesays.com\/fr\/wp-json\/wp\/v2\/posts\/696056\/revisions"}],"wp:featuredmedia":[{"embeddable":true,"href":"https:\/\/www.europesays.com\/fr\/wp-json\/wp\/v2\/media\/696057"}],"wp:attachment":[{"href":"https:\/\/www.europesays.com\/fr\/wp-json\/wp\/v2\/media?parent=696056"}],"wp:term":[{"taxonomy":"category","embeddable":true,"href":"https:\/\/www.europesays.com\/fr\/wp-json\/wp\/v2\/categories?post=696056"},{"taxonomy":"post_tag","embeddable":true,"href":"https:\/\/www.europesays.com\/fr\/wp-json\/wp\/v2\/tags?post=696056"}],"curies":[{"name":"wp","href":"https:\/\/api.w.org\/{rel}","templated":true}]}}