{"id":696060,"date":"2026-01-28T23:05:11","date_gmt":"2026-01-28T23:05:11","guid":{"rendered":"https:\/\/www.europesays.com\/fr\/696060\/"},"modified":"2026-01-28T23:05:11","modified_gmt":"2026-01-28T23:05:11","slug":"immigration-italie-espagne-allemagne-le-choix-de-nos-voisins","status":"publish","type":"post","link":"https:\/\/www.europesays.com\/fr\/696060\/","title":{"rendered":"Immigration : Italie, Espagne, Allemagne\u2026 le choix de nos voisins"},"content":{"rendered":"<p class=\"jsx-4058425199 jsx-2164199691 ExpandableText__Text\">Que font nos voisins europ\u00e9ens en mati\u00e8re d&rsquo;immigration ? Eux aussi accueillent une forte population immigr\u00e9e. Ce qui alimente des d\u00e9bats tr\u00e8s vifs. Pour soutenir la croissance, l&rsquo;Espagne s&rsquo;appr\u00eate \u00e0 r\u00e9gulariser un demi-million de sans-papiers \u00e0 condition de vivre dans le pays depuis cinq mois et que leurs casiers judiciaires soient vierges. Faire appel \u00e0 de la main-d&rsquo;\u0153uvre \u00e9trang\u00e8re, c&rsquo;est la strat\u00e9gie adopt\u00e9e par l&rsquo;Italie o\u00f9 950 000 visas de travail vont \u00eatre accord\u00e9s. Qu&rsquo;en est-il de l&rsquo;Allemagne ?<\/p>\n<p>Lire plusReplier<\/p>\n","protected":false},"excerpt":{"rendered":"Que font nos voisins europ\u00e9ens en mati\u00e8re d&rsquo;immigration ? Eux aussi accueillent une forte population immigr\u00e9e. Ce qui&hellip;\n","protected":false},"author":2,"featured_media":696061,"comment_status":"","ping_status":"","sticky":false,"template":"","format":"standard","meta":{"footnotes":""},"categories":[1587],"tags":[11,672,1804,1805,1803,1777,674,1801,1061,2952,12,1802,133,1920],"class_list":{"0":"post-696060","1":"post","2":"type-post","3":"status-publish","4":"format-standard","5":"has-post-thumbnail","7":"category-allemagne","8":"tag-actualites","9":"tag-allemagne","10":"tag-bundesrepublik-deutschland","11":"tag-de","12":"tag-deutschland","13":"tag-eu","14":"tag-europe","15":"tag-germany","16":"tag-immigration","17":"tag-le-20h","18":"tag-news","19":"tag-republique-federale-dallemagne","20":"tag-video","21":"tag-video-international"},"share_on_mastodon":{"url":"https:\/\/pubeurope.com\/@fr\/115975233545173995","error":""},"_links":{"self":[{"href":"https:\/\/www.europesays.com\/fr\/wp-json\/wp\/v2\/posts\/696060","targetHints":{"allow":["GET"]}}],"collection":[{"href":"https:\/\/www.europesays.com\/fr\/wp-json\/wp\/v2\/posts"}],"about":[{"href":"https:\/\/www.europesays.com\/fr\/wp-json\/wp\/v2\/types\/post"}],"author":[{"embeddable":true,"href":"https:\/\/www.europesays.com\/fr\/wp-json\/wp\/v2\/users\/2"}],"replies":[{"embeddable":true,"href":"https:\/\/www.europesays.com\/fr\/wp-json\/wp\/v2\/comments?post=696060"}],"version-history":[{"count":0,"href":"https:\/\/www.europesays.com\/fr\/wp-json\/wp\/v2\/posts\/696060\/revisions"}],"wp:featuredmedia":[{"embeddable":true,"href":"https:\/\/www.europesays.com\/fr\/wp-json\/wp\/v2\/media\/696061"}],"wp:attachment":[{"href":"https:\/\/www.europesays.com\/fr\/wp-json\/wp\/v2\/media?parent=696060"}],"wp:term":[{"taxonomy":"category","embeddable":true,"href":"https:\/\/www.europesays.com\/fr\/wp-json\/wp\/v2\/categories?post=696060"},{"taxonomy":"post_tag","embeddable":true,"href":"https:\/\/www.europesays.com\/fr\/wp-json\/wp\/v2\/tags?post=696060"}],"curies":[{"name":"wp","href":"https:\/\/api.w.org\/{rel}","templated":true}]}}