{"id":696062,"date":"2026-01-28T23:06:11","date_gmt":"2026-01-28T23:06:11","guid":{"rendered":"https:\/\/www.europesays.com\/fr\/696062\/"},"modified":"2026-01-28T23:06:11","modified_gmt":"2026-01-28T23:06:11","slug":"leurope-riposte-dans-la-guerre-des-drones","status":"publish","type":"post","link":"https:\/\/www.europesays.com\/fr\/696062\/","title":{"rendered":"l\u2019Europe riposte dans la guerre des drones"},"content":{"rendered":"<p>On les appelle \u00ab\u00a0syst\u00e8mes a\u00e9riens sans pilote\u00a0\u00bb et ils ont d\u00e9j\u00e0 transform\u00e9 les strat\u00e9gies militaires. La guerre des drones, <a target=\"_blank\" href=\"https:\/\/www.lanouvellerepublique.fr\/a-la-une\/nouvelles-attaques-russes-en-ukraine-coupures-de-courant-et-deploiement-preventif-de-l-armee-polonaise-et-alliee-1766476175\" rel=\"noopener\">qui fait des ravages en Russie et en Ukraine<\/a>, menace d\u00e9sormais les autres pays frontaliers. Confront\u00e9e \u00e0 des intrusions de drones sur son sol, l\u2019Europe organise sa d\u00e9fense. La Commission europ\u00e9enne a acc\u00e9l\u00e9r\u00e9 ce processus et pr\u00e9cise \u00e0 La Nouvelle R\u00e9publique qu\u2019elle pr\u00e9sentera un vaste plan d\u2019action le 10\u00a0f\u00e9vrier 2026&#8230;. <\/p>\n<p>    Cet article a \u00e9t\u00e9 tronqu\u00e9. Abonnez-vous pour lire l&rsquo;article complet sur notre site.<\/p>\n<p style=\"margin: 0 !important; padding: 0 !important; font-size: 12px !important;\">Cet article a \u00e9t\u00e9 tronqu\u00e9. Abonnez-vous pour lire l&rsquo;article complet.<\/p>\n<p>    <a href=\"https:\/\/www.lanouvellerepublique.fr\/abonnements\" style=\"display: inline-block; margin-top: 5px !important; padding: 6px 12px !important; background: #cb1c27; color: white; text-decoration: none; border-radius: 4px; font-size: 12px !important;\" target=\"_blank\" rel=\"noopener\"><br \/>\n      S&rsquo;abonner<br \/>\n    <\/a><\/p>\n","protected":false},"excerpt":{"rendered":"On les appelle \u00ab\u00a0syst\u00e8mes a\u00e9riens sans pilote\u00a0\u00bb et ils ont d\u00e9j\u00e0 transform\u00e9 les strat\u00e9gies militaires. La guerre des&hellip;\n","protected":false},"author":2,"featured_media":696063,"comment_status":"","ping_status":"","sticky":false,"template":"","format":"standard","meta":{"footnotes":""},"categories":[1586],"tags":[328,11,1924,1777,674,1011,27,329,74,12,25,132,220,364],"class_list":{"0":"post-696062","1":"post","2":"type-post","3":"status-publish","4":"format-standard","5":"has-post-thumbnail","7":"category-europe","8":"tag-a-la-une","9":"tag-actualites","10":"tag-armement","11":"tag-eu","12":"tag-europe","13":"tag-fr","14":"tag-france","15":"tag-france-monde","16":"tag-monde","17":"tag-news","18":"tag-republique-francaise","19":"tag-russie","20":"tag-ukraine","21":"tag-union-europeenne"},"share_on_mastodon":{"url":"https:\/\/pubeurope.com\/@fr\/115975237387865989","error":""},"_links":{"self":[{"href":"https:\/\/www.europesays.com\/fr\/wp-json\/wp\/v2\/posts\/696062","targetHints":{"allow":["GET"]}}],"collection":[{"href":"https:\/\/www.europesays.com\/fr\/wp-json\/wp\/v2\/posts"}],"about":[{"href":"https:\/\/www.europesays.com\/fr\/wp-json\/wp\/v2\/types\/post"}],"author":[{"embeddable":true,"href":"https:\/\/www.europesays.com\/fr\/wp-json\/wp\/v2\/users\/2"}],"replies":[{"embeddable":true,"href":"https:\/\/www.europesays.com\/fr\/wp-json\/wp\/v2\/comments?post=696062"}],"version-history":[{"count":0,"href":"https:\/\/www.europesays.com\/fr\/wp-json\/wp\/v2\/posts\/696062\/revisions"}],"wp:featuredmedia":[{"embeddable":true,"href":"https:\/\/www.europesays.com\/fr\/wp-json\/wp\/v2\/media\/696063"}],"wp:attachment":[{"href":"https:\/\/www.europesays.com\/fr\/wp-json\/wp\/v2\/media?parent=696062"}],"wp:term":[{"taxonomy":"category","embeddable":true,"href":"https:\/\/www.europesays.com\/fr\/wp-json\/wp\/v2\/categories?post=696062"},{"taxonomy":"post_tag","embeddable":true,"href":"https:\/\/www.europesays.com\/fr\/wp-json\/wp\/v2\/tags?post=696062"}],"curies":[{"name":"wp","href":"https:\/\/api.w.org\/{rel}","templated":true}]}}