{"id":696064,"date":"2026-01-28T23:07:10","date_gmt":"2026-01-28T23:07:10","guid":{"rendered":"https:\/\/www.europesays.com\/fr\/696064\/"},"modified":"2026-01-28T23:07:10","modified_gmt":"2026-01-28T23:07:10","slug":"gaz-americain-lue-redoute-une-dependance-strategique-gaz-daujourdhui","status":"publish","type":"post","link":"https:\/\/www.europesays.com\/fr\/696064\/","title":{"rendered":"Gaz am\u00e9ricain : l\u2019UE redoute une d\u00e9pendance strat\u00e9gique &#8211; Gaz d&rsquo;aujourd&rsquo;hui"},"content":{"rendered":"<p><strong>Les sorties du pr\u00e9sident am\u00e9ricain \u00a0commencent s\u00e9rieusement \u00e0 inqui\u00e9ter l&rsquo;Union europ\u00e9enne qui a exprim\u00e9 de vives inqui\u00e9tudes concernant sa d\u00e9pendance croissante au gaz naturel liqu\u00e9fi\u00e9 (GNL) en provenance des \u00c9tats-Unis. Alors que le Vieux Continent a drastiquement r\u00e9duit ses importations de gaz russe depuis l&rsquo;invasion de l&rsquo;Ukraine, une nouvelle forme de d\u00e9pendance se profile : celle envers les \u00c9tats-Unis de Donald Trump. Parmi les alternatives pour r\u00e9duire cette d\u00e9pendance se trouve le biom\u00e9thane rappelle l\u2019Association europ\u00e9enne du biogaz (EBA) qui demande \u00e0 l\u2019ex\u00e9cutif europ\u00e9en des politiques publiques permettant de d\u00e9velopper son potentiel \u00e0 l\u2019\u00e9chelle continentale.<\/strong><\/p>\n<p>Par Laura Icart, avec AFP<\/p>\n<p>Depuis 2021, les \u00c9tats-Unis ont pris une place centrale dans les approvisionnements \u00e9nerg\u00e9tiques europ\u00e9ens. En 2023, les \u00c9tats-Unis repr\u00e9sentaient environ 60 % des importations europ\u00e9ennes de GNL, contre seulement 24 % au d\u00e9but de 2021. Cette acc\u00e9l\u00e9ration est en grande partie due \u00e0 la volont\u00e9 de l\u2019UE de se d\u00e9faire de son addiction au gaz russe, mais aussi \u00e0 des contrats de fourniture massifs pour remplacer les volumes perdus \u00e0 la suite du conflit en Ukraine. Cependant, cette nouvelle d\u00e9pendance suscite d\u00e9sormais des pr\u00e9occupations \u00e0 Bruxelles. Le commissaire europ\u00e9en \u00e0 l\u2019\u00c9nergie, Dan J\u00f8rgensen, a reconnu qu&rsquo;un basculement trop rapide d&rsquo;une d\u00e9pendance (vis-\u00e0-vis de la Russie) \u00e0 une autre (envers les&#8230;<\/p>\n<p>\n                            Cet article est r\u00e9serv\u00e9 aux abonn\u00e9s de Gaz d&rsquo;aujourd&rsquo;hui, abonnez-vous si vous souhaitez lire la totalit\u00e9 de cet article.\n                        <\/p>\n<p>                        <a href=\"\" class=\"rounded-btn\"><br \/>\n                            Je m&rsquo;abonne<br \/>\n                        <\/a><\/p>\n","protected":false},"excerpt":{"rendered":"Les sorties du pr\u00e9sident am\u00e9ricain \u00a0commencent s\u00e9rieusement \u00e0 inqui\u00e9ter l&rsquo;Union europ\u00e9enne qui a exprim\u00e9 de vives inqui\u00e9tudes concernant&hellip;\n","protected":false},"author":2,"featured_media":696065,"comment_status":"","ping_status":"","sticky":false,"template":"","format":"standard","meta":{"footnotes":""},"categories":[1586],"tags":[11,1777,674,1779,1011,27,12,25,1778,364],"class_list":{"0":"post-696064","1":"post","2":"type-post","3":"status-publish","4":"format-standard","5":"has-post-thumbnail","7":"category-europe","8":"tag-actualites","9":"tag-eu","10":"tag-europe","11":"tag-european-union","12":"tag-fr","13":"tag-france","14":"tag-news","15":"tag-republique-francaise","16":"tag-ue","17":"tag-union-europeenne"},"share_on_mastodon":{"url":"https:\/\/pubeurope.com\/@fr\/115975241644513436","error":""},"_links":{"self":[{"href":"https:\/\/www.europesays.com\/fr\/wp-json\/wp\/v2\/posts\/696064","targetHints":{"allow":["GET"]}}],"collection":[{"href":"https:\/\/www.europesays.com\/fr\/wp-json\/wp\/v2\/posts"}],"about":[{"href":"https:\/\/www.europesays.com\/fr\/wp-json\/wp\/v2\/types\/post"}],"author":[{"embeddable":true,"href":"https:\/\/www.europesays.com\/fr\/wp-json\/wp\/v2\/users\/2"}],"replies":[{"embeddable":true,"href":"https:\/\/www.europesays.com\/fr\/wp-json\/wp\/v2\/comments?post=696064"}],"version-history":[{"count":0,"href":"https:\/\/www.europesays.com\/fr\/wp-json\/wp\/v2\/posts\/696064\/revisions"}],"wp:featuredmedia":[{"embeddable":true,"href":"https:\/\/www.europesays.com\/fr\/wp-json\/wp\/v2\/media\/696065"}],"wp:attachment":[{"href":"https:\/\/www.europesays.com\/fr\/wp-json\/wp\/v2\/media?parent=696064"}],"wp:term":[{"taxonomy":"category","embeddable":true,"href":"https:\/\/www.europesays.com\/fr\/wp-json\/wp\/v2\/categories?post=696064"},{"taxonomy":"post_tag","embeddable":true,"href":"https:\/\/www.europesays.com\/fr\/wp-json\/wp\/v2\/tags?post=696064"}],"curies":[{"name":"wp","href":"https:\/\/api.w.org\/{rel}","templated":true}]}}