{"id":696074,"date":"2026-01-28T23:13:10","date_gmt":"2026-01-28T23:13:10","guid":{"rendered":"https:\/\/www.europesays.com\/fr\/696074\/"},"modified":"2026-01-28T23:13:10","modified_gmt":"2026-01-28T23:13:10","slug":"tournoi-des-six-nations-pourquoi-le-match-france","status":"publish","type":"post","link":"https:\/\/www.europesays.com\/fr\/696074\/","title":{"rendered":"Tournoi des Six-Nations : pourquoi le match France"},"content":{"rendered":"<p>La tradition voulait ensuite que les deux (format \u00e0 cinq nations) puis trois matchs (\u00e0 six) soient r\u00e9partis entre le samedi et le dimanche. 2009 a marqu\u00e9 un premier tournant. C\u2019est cette ann\u00e9e-l\u00e0 qu\u2019une rencontre s\u2019est pour la premi\u00e8re fois d\u00e9roul\u00e9e un vendredi. L\u00e0 encore, les Bleus \u00e9taient concern\u00e9s puisqu\u2019ils accueillaient le pays de Galles, et en sortaient vainqueurs alors que tout le monde ou presque les donnait battus (21-16).<\/p>\n<p>Un match le vendredi soir, en prime time, est l\u2019assurance d\u2019une audience t\u00e9l\u00e9 importante. Et les diffuseurs, qui financent en bonne partie l\u2019\u00e9preuve (un peu plus de 30\u00a0millions d\u2019euros en France), p\u00e8sent lourd dans ce genre de d\u00e9cisions. Dix fois, ann\u00e9e 2009 incluse, une rencontre a eu lieu ce jour-l\u00e0. Mais pour cette \u00e9dition\u00a02026, cela jouera donc un jeudi soir. La raison\u00a0? <a href=\"https:\/\/www.sudouest.fr\/sport\/jeux-olympiques\/calendrier-jo-de-milan-cortina-2026-voici-le-detail-des-epreuves-du-4-au-22-fevrier-27333723.php\" target=\"_blank\" rel=\"noopener\">La c\u00e9r\u00e9monie d\u2019ouverture des Jeux olympiques d\u2019hiver est pr\u00e9vue le 6\u00a0f\u00e9vrier<\/a>, \u00e0 Milan, et est diffus\u00e9e par France T\u00e9l\u00e9visions.<\/p>\n<p>Moins pratique pour le public<\/p>\n<p>Le groupe audiovisuel public ne voulait pas de concurrence entre ces deux \u00e9v\u00e9nements. Et a donc obtenu d\u2019avancer le France &#8211; Irlande d\u2019un jour, plut\u00f4t que de le placer le dimanche apr\u00e8s-midi. La F\u00e9d\u00e9ration fran\u00e7aise de rugby, qui tablait initialement sur un match le vendredi soir, n\u2019a eu d\u2019autre choix que de se plier \u00e0 cette demande expresse pour ne pas entrer en conflit avec France T\u00e9l\u00e9visions.<\/p>\n<p>La cons\u00e9quence est d\u2019abord sportive\u00a0: staffs fran\u00e7ais et irlandais perdent chacun deux jours de pr\u00e9paration. Ce n\u2019est pas non plus neutre pour le public. Un match le jeudi soir est bien moins pratique lorsque l\u2019on vient de province\u2026 ou de l\u2019\u00e9tranger. Ce qui semble annoncer une affluence plus parisienne que d\u2019habitude. Sans parler des possibles difficult\u00e9s dans les transports en commun franciliens, puisque le flot des spectateurs se m\u00ealera \u00e0 ceux qui rentreront chez eux en sortant du travail.<\/p>\n","protected":false},"excerpt":{"rendered":"La tradition voulait ensuite que les deux (format \u00e0 cinq nations) puis trois matchs (\u00e0 six) soient r\u00e9partis&hellip;\n","protected":false},"author":2,"featured_media":696075,"comment_status":"","ping_status":"","sticky":false,"template":"","format":"standard","meta":{"footnotes":""},"categories":[1416],"tags":[1011,27,479,1468,60],"class_list":{"0":"post-696074","1":"post","2":"type-post","3":"status-publish","4":"format-standard","5":"has-post-thumbnail","7":"category-rugby","8":"tag-fr","9":"tag-france","10":"tag-rugby","11":"tag-rugby-football","12":"tag-sports"},"share_on_mastodon":{"url":"https:\/\/pubeurope.com\/@fr\/115975264888214501","error":""},"_links":{"self":[{"href":"https:\/\/www.europesays.com\/fr\/wp-json\/wp\/v2\/posts\/696074","targetHints":{"allow":["GET"]}}],"collection":[{"href":"https:\/\/www.europesays.com\/fr\/wp-json\/wp\/v2\/posts"}],"about":[{"href":"https:\/\/www.europesays.com\/fr\/wp-json\/wp\/v2\/types\/post"}],"author":[{"embeddable":true,"href":"https:\/\/www.europesays.com\/fr\/wp-json\/wp\/v2\/users\/2"}],"replies":[{"embeddable":true,"href":"https:\/\/www.europesays.com\/fr\/wp-json\/wp\/v2\/comments?post=696074"}],"version-history":[{"count":0,"href":"https:\/\/www.europesays.com\/fr\/wp-json\/wp\/v2\/posts\/696074\/revisions"}],"wp:featuredmedia":[{"embeddable":true,"href":"https:\/\/www.europesays.com\/fr\/wp-json\/wp\/v2\/media\/696075"}],"wp:attachment":[{"href":"https:\/\/www.europesays.com\/fr\/wp-json\/wp\/v2\/media?parent=696074"}],"wp:term":[{"taxonomy":"category","embeddable":true,"href":"https:\/\/www.europesays.com\/fr\/wp-json\/wp\/v2\/categories?post=696074"},{"taxonomy":"post_tag","embeddable":true,"href":"https:\/\/www.europesays.com\/fr\/wp-json\/wp\/v2\/tags?post=696074"}],"curies":[{"name":"wp","href":"https:\/\/api.w.org\/{rel}","templated":true}]}}