{"id":696078,"date":"2026-01-28T23:18:10","date_gmt":"2026-01-28T23:18:10","guid":{"rendered":"https:\/\/www.europesays.com\/fr\/696078\/"},"modified":"2026-01-28T23:18:10","modified_gmt":"2026-01-28T23:18:10","slug":"paul-lapeira-je-pense-avoir-bien-gere-cette-periode-actualite","status":"publish","type":"post","link":"https:\/\/www.europesays.com\/fr\/696078\/","title":{"rendered":"Paul Lapeira : \u00ab Je pense avoir bien g\u00e9r\u00e9 cette p\u00e9riode \u00bb &#8211; Actualit\u00e9"},"content":{"rendered":"<p dir=\"ltr\"><strong>Mi-janvier,<\/strong> <strong><a href=\"https:\/\/www.directvelo.com\/coureur\/21355\/paul-lapeira\" target=\"_blank\" rel=\"noopener\">Paul Lapeira<\/a><\/strong><strong> a roul\u00e9 en Espagne pour pr\u00e9parer la saison 2026. Ce n\u2019\u00e9tait pas une habitude pour le Normand, qui d\u00e9butait depuis trois ans en Australie, au Tour Down Under. Cette ann\u00e9e, c\u2019est au Grand Prix de Marseille-La Marseillaise que le coureur de Decathlon CMA CGM mettra son premier dossard. Pour DirectVelo, l\u2019ancien Champion de France a fait le point avant une saison o\u00f9 il a une forte envie de briller sur les courses d\u2019un jour du WorldTour.<\/strong><\/p>\n<p dir=\"ltr\"><strong>DirectVelo : Comment juges-tu ta saison 2025 ?<\/strong> <br \/>Paul Lapeira : J\u2019ai du mal \u00e0 la juger. Sur la p\u00e9riode o\u00f9 j\u2019ai \u00e9t\u00e9 disponible, je suis content de moi. J\u2019ai \u00e9t\u00e9 performant sur la dur\u00e9e. J\u2019ai \u00e9t\u00e9 pr\u00e9sent du Tour de Suisse jusqu\u2019\u00e0 la fin de la saison. <strong><a href=\"https:\/\/www.directvelo.com\/coureur\/21355\/paul-lapeira\" target=\"_blank\" rel=\"noopener\">J\u2019ai gagn\u00e9 \u00e0 plusieurs reprises<\/a><\/strong>. Mais il y a la d\u00e9ception du d\u00e9but de saison, \u00e0 cause de la blessure. Ce qui a \u00e9t\u00e9 dur, c\u2019est que \u00e7a a \u00e9t\u00e9 inexpliqu\u00e9. J\u2019ai eu cette tendinite et on n\u2019a pas vraiment su pourquoi. Je n\u2019avais pas de dur\u00e9e d\u2019absence. C\u2019\u00e9tait un peu dur \u00e0 g\u00e9rer au d\u00e9but. Finalement, elle a tra\u00een\u00e9 un mois. Le temps de s\u2019entra\u00eener normalement, \u00e7a a \u00e9t\u00e9 long. Je n\u2019ai pas pu courir de fin f\u00e9vrier \u00e0 d\u00e9but mai. <\/p>\n<p><strong>\u00ab FINALEMENT, JE N&rsquo;AI PU GAGNER QU&rsquo;UNE SEULE FOIS AVEC LE MAILLOT \u00bb<\/strong><\/p>\n<p><strong>Une p\u00e9riode o\u00f9 tu aurais d\u00fb courir avec le maillot de Champion de France sur le dos\u2026<\/strong><br \/>C&rsquo;\u00e9tait frustrant pour cela. Je ne l\u2019aurai peut-\u00eatre qu\u2019une seule fois dans ma carri\u00e8re. Il est dans mon armoire mais je n\u2019ai pas envie de l\u2019avoir juste \u00e0 cet endroit (sourire). Finalement, je n&rsquo;ai pu gagner qu\u2019une seule fois avec le maillot (\u00e0 la Polynormande, NDLR).\u00a0<\/p>\n<p><strong>Apr\u00e8s ton excellente saison 2024, as-tu eu peur de ne pas retrouver ton niveau \u00e0 cause de cette blessure ?<\/strong><br \/>Quand tu es bless\u00e9, tu doutes sur pas mal de choses alors qu\u2019il n\u2019y avait pas vraiment de raison au final. C\u2019est l\u00e0 que le travail mental est important. \u00c7a compte d\u2019\u00eatre bien accompagn\u00e9 et dans l\u2019\u00e9quipe, on l\u2019est. Je pense avoir bien g\u00e9r\u00e9 cette p\u00e9riode malgr\u00e9 quelques doutes. Ensuite, j\u2019ai su \u00eatre performant. Au Tour de Pologne, j\u2019\u00e9tais au meilleur niveau physique de ma carri\u00e8re.<\/p>\n<p><strong>\u00ab JE ME DISAIS QUE C\u2019\u00c9TAIT QUAND M\u00caME PAS MAL \u00bb<\/strong><\/p>\n<p><strong>Tu dois avoir h\u00e2te de retrouver les Ardennaises !<\/strong><br \/>J\u2019ai envie d\u2019\u00eatre performant comme il y a deux ans sur ces courses-l\u00e0. Il y a quelques jours, on en reparlait avec l\u2019\u00e9quipe et quand je regardais les classements, je me disais que c\u2019\u00e9tait quand m\u00eame pas mal ce que j\u2019avais fait (5e de l&rsquo;Amstel et 11e \u00e0 Li\u00e8ge, NDLR). L\u2019Amstel et la Fl\u00e8che sont celles qui me conviennent le mieux, m\u00eame si je ferai Li\u00e8ge \u00e9videmment. L\u2019Amstel, je crois que je peux la gagner. Pour la Fl\u00e8che, je n\u2019ai jamais fait la mont\u00e9e de Huy \u00e0 fond.<\/p>\n<p><strong>C\u2019est un effort qui te correspond ?<\/strong><br \/>Il y a un an, j\u2019aurais r\u00e9pondu que je ne savais pas. Mais les deux courses que j\u2019ai gagn\u00e9es en 2025, c\u2019est le m\u00eame type d&rsquo;effort. Je suis persuad\u00e9 que je peux bien faire \u00e0 la Fl\u00e8che. Je suis motiv\u00e9, j\u2019ai des ambitions. L\u2019objectif, c\u2019est de gagner \u00e0 l\u2019avenir des \u00e9preuves d\u2019une journ\u00e9e en WorldTour. \u00c7a passe par ces courses-l\u00e0. Comme il y a deux ans, j\u2019irai pr\u00e9parer les Ardennaises au Tour du Pays basque (il avait gagn\u00e9 une \u00e9tape, NDLR). C\u2019est un plan qui me va bien. Le Pays basque est un peu trop dur pour moi mais je peux m\u2019exprimer certains jours et \u00e7a fait bien bosser avant les Ardennaises. <\/p>\n<p><strong>\u00ab \u00c7A NE VEUT PAS DIRE QUE C\u2019EST N\u00c9GATIF \u00bb<\/strong><\/p>\n<p><strong>Tu as un programme tr\u00e8s fran\u00e7ais pour commencer la saison cette ann\u00e9e\u2026<\/strong> <br \/>Ces trois derni\u00e8res ann\u00e9es, j\u2019ai fait l\u2019Australie pour commencer la saison. Quand je voyais les images du Tour Down Under, j&rsquo;\u00e9tais un peu nostalgique. J\u2019adore \u00e7a, mais je trouve \u00e7a cool de courir en France. Je vais commencer \u00e0 La Marseillaise, qui sera importante avec l\u2019arriv\u00e9e de CMA CGM, l\u2019\u00c9toile de Bess\u00e8ges, la Classic Var, le Tour des Alpes-Maritimes et la Dr\u00f4me Classic qui me correspond bien. Ces courses-l\u00e0 ne sont pas tr\u00e8s loin de chez moi (il habite pr\u00e8s de Chamb\u00e9ry, NDLR). Les diff\u00e9rentes dates permettent de bien s\u2019entra\u00eener entre les courses et de monter en puissance pour la Dr\u00f4me puis les Strade. J\u2019aime bien aussi le groupe qu\u2019on a sur ces courses fran\u00e7aises, o\u00f9 on rigole bien.<\/p>\n<p><strong>Le groupe a beaucoup chang\u00e9 cet hiver, avec le d\u00e9part de huit Fran\u00e7ais\u2026<\/strong><br \/>L\u2019ouverture \u00e0 l\u2019international est n\u00e9cessaire, mais c\u2019est important de garder un esprit collectif et humain. On est au boulot mais il faut avoir de la coh\u00e9sion. Et je suis positivement \u00e9tonn\u00e9 de voir comment \u00e7a se passe. Les Belges ont une base de fran\u00e7ais, Olav (Kooij) a fait du fran\u00e7ais \u00e0 l\u2019\u00e9cole. Il ne le parle pas mais il comprend des trucs. S\u2019il y a un non-francophone \u00e0 table, on fait en sorte de parler en anglais. Clairement, on voit du changement mais \u00e7a ne veut pas dire que c\u2019est n\u00e9gatif. Il y a beaucoup de bonnes choses faites dans l\u2019\u00e9quipe.\u00a0<strong id=\"docs-internal-guid-2af5fcb9-7fff-6439-74ee-4e38de4c9547\"\/><\/p>\n","protected":false},"excerpt":{"rendered":"Mi-janvier, Paul Lapeira a roul\u00e9 en Espagne pour pr\u00e9parer la saison 2026. Ce n\u2019\u00e9tait pas une habitude pour&hellip;\n","protected":false},"author":2,"featured_media":696079,"comment_status":"","ping_status":"","sticky":false,"template":"","format":"standard","meta":{"footnotes":""},"categories":[1411],"tags":[834,828,836,829,837,827,83,826,824,823,1154,207,814,817,815,816,822,821,832,211,839,1011,27,820,818,819,835,831,830,833,838,60,212,208,825],"class_list":{"0":"post-696078","1":"post","2":"type-post","3":"status-publish","4":"format-standard","5":"has-post-thumbnail","7":"category-cyclisme","8":"tag-attaque","9":"tag-belgique","10":"tag-braquet","11":"tag-bretagne","12":"tag-chute","13":"tag-competition","14":"tag-coupe-de-france","15":"tag-coureur","16":"tag-course-cyclisme","17":"tag-course-cycliste","18":"tag-cycling","19":"tag-cyclisme","20":"tag-direct","21":"tag-direct-velo","22":"tag-directvelo","23":"tag-directvelo-com","24":"tag-epreuve","25":"tag-epreuve-cycliste","26":"tag-federation-francaise-de-cyclisme","27":"tag-ffc","28":"tag-flandres","29":"tag-fr","30":"tag-france","31":"tag-live","32":"tag-live-course","33":"tag-live-epreuve","34":"tag-peloton","35":"tag-radio-peloton","36":"tag-radio-tour","37":"tag-ravitaillement","38":"tag-relance","39":"tag-sports","40":"tag-uci","41":"tag-velo","42":"tag-velos"},"share_on_mastodon":{"url":"https:\/\/pubeurope.com\/@fr\/115975284562924557","error":""},"_links":{"self":[{"href":"https:\/\/www.europesays.com\/fr\/wp-json\/wp\/v2\/posts\/696078","targetHints":{"allow":["GET"]}}],"collection":[{"href":"https:\/\/www.europesays.com\/fr\/wp-json\/wp\/v2\/posts"}],"about":[{"href":"https:\/\/www.europesays.com\/fr\/wp-json\/wp\/v2\/types\/post"}],"author":[{"embeddable":true,"href":"https:\/\/www.europesays.com\/fr\/wp-json\/wp\/v2\/users\/2"}],"replies":[{"embeddable":true,"href":"https:\/\/www.europesays.com\/fr\/wp-json\/wp\/v2\/comments?post=696078"}],"version-history":[{"count":0,"href":"https:\/\/www.europesays.com\/fr\/wp-json\/wp\/v2\/posts\/696078\/revisions"}],"wp:featuredmedia":[{"embeddable":true,"href":"https:\/\/www.europesays.com\/fr\/wp-json\/wp\/v2\/media\/696079"}],"wp:attachment":[{"href":"https:\/\/www.europesays.com\/fr\/wp-json\/wp\/v2\/media?parent=696078"}],"wp:term":[{"taxonomy":"category","embeddable":true,"href":"https:\/\/www.europesays.com\/fr\/wp-json\/wp\/v2\/categories?post=696078"},{"taxonomy":"post_tag","embeddable":true,"href":"https:\/\/www.europesays.com\/fr\/wp-json\/wp\/v2\/tags?post=696078"}],"curies":[{"name":"wp","href":"https:\/\/api.w.org\/{rel}","templated":true}]}}