{"id":696084,"date":"2026-01-28T23:22:03","date_gmt":"2026-01-28T23:22:03","guid":{"rendered":"https:\/\/www.europesays.com\/fr\/696084\/"},"modified":"2026-01-28T23:22:03","modified_gmt":"2026-01-28T23:22:03","slug":"un-tresor-photographique-et-cinematographique-inestimable-sort-de-lombre-pour-une-conference-unique-a-chatellerault","status":"publish","type":"post","link":"https:\/\/www.europesays.com\/fr\/696084\/","title":{"rendered":"Un tr\u00e9sor photographique et cin\u00e9matographique inestimable sort de l\u2019ombre pour une conf\u00e9rence unique \u00e0 Ch\u00e2tellerault"},"content":{"rendered":"<p>Le Centre ch\u00e2telleraudais histoire et archives (CCHA) organise samedi 31\u00a0janvier son 131e Forum \u00e0 la salle Camille-Pag\u00e9 \u00e0 Ch\u00e2tellerault. La conf\u00e9rence se tiendra \u00e0 16\u00a0h et s\u2019intitule\u00a0: \u00ab\u00a0\u00c0 la d\u00e9couverte du fonds Arambourou\u00a0\u00bb. Elle sera anim\u00e9e par Muriel Pergant, archiviste aux archives communautaires de Grand-Ch\u00e2tellerault, Jean-Paul Brajard, Jean-Fran\u00e7ois Millet, Francis Garnier, chercheurs au CCHA.<\/p>\n<p>Quatre conf\u00e9renciers<\/p>\n<p>La photographie f\u00eate officiellement en 2026-2027 son 200e anniversaire. Ch\u00e2tellerault y participe car elle a la chance d\u2019avoir abrit\u00e9 l\u2019un de ces infatigables chasseurs d\u2019images\u00a0: <a target=\"_self\" href=\"https:\/\/www.lanouvellerepublique.fr\/chatellerault\/chatellerault-un-premier-film-de-1896-de-charles-arambourou-mis-en-ligne-1737373114\" rel=\"noopener\">Charles Arambourou (1858-1919)<\/a>. Charles puis son fils Eug\u00e8ne ont pris des milliers de clich\u00e9s sur verre\u00a0: c\u2019est le fonds Arambourou.<\/p>\n<p>Gr\u00e2ce \u00e0 des acquisitions et \u00e0 de g\u00e9n\u00e9reux dons, les archives communautaires de Grand Ch\u00e2tellerault rec\u00e8lent une grande part de ce tr\u00e9sor qu\u2019elles acceptent d\u2019ouvrir aujourd\u2019hui.<\/p>\n<p>Pour nous le faire d\u00e9couvrir, les conf\u00e9renciers examineront ses origines, les n\u00e9cessit\u00e9s de sa conservation et num\u00e9risation. Ils souligneront la multiplicit\u00e9 des activit\u00e9s de Charles et Eug\u00e8ne, \u00e0 la fois inventeurs, \u00e9diteurs de cartes postales, correspondants de presse.<\/p>\n<p>Des courts m\u00e9trages pr\u00e9sent\u00e9s<\/p>\n<p>Avec des exemples photographiques choisis, ils nous entra\u00eeneront dans les pas du photographe comparant hier \u00e0 aujourd\u2019hui au gr\u00e9 des rues, sans oublier la pr\u00e9sence militaire dans la ville, objet de nombreuses photos.<\/p>\n<p>En 1896, Charles explore une autre approche de l\u2019image en tournant plusieurs <a target=\"_self\" href=\"https:\/\/www.lanouvellerepublique.fr\/chatellerault\/chatellerault-des-tresors-du-cinema-de-la-fin-du-19e-siecle-restaures-et-projetes\" rel=\"noopener\">films courts m\u00e9trages<\/a>\u00a0: quelques-uns seront pr\u00e9sent\u00e9s en conclusion.<\/p>\n<p>Accueil du public \u00e0 partir de 15\u00a0h\u00a045, conf\u00e9rence pr\u00e9c\u00e9d\u00e9e de l\u2019assembl\u00e9e g\u00e9n\u00e9rale annuelle de l\u2019association. Tables d\u2019informations et de publications du CCHA. Entr\u00e9e libre et gratuite.<\/p>\n","protected":false},"excerpt":{"rendered":"Le Centre ch\u00e2telleraudais histoire et archives (CCHA) organise samedi 31\u00a0janvier son 131e Forum \u00e0 la salle Camille-Pag\u00e9 \u00e0&hellip;\n","protected":false},"author":2,"featured_media":696085,"comment_status":"","ping_status":"","sticky":false,"template":"","format":"standard","meta":{"footnotes":""},"categories":[1358],"tags":[1392,1348,1384,1385,19489,11331,1386,58,1057,59,1011,27,1393,1584],"class_list":{"0":"post-696084","1":"post","2":"type-post","3":"status-publish","4":"format-standard","5":"has-post-thumbnail","7":"category-arts-et-design","8":"tag-a-la-une-local","9":"tag-arts","10":"tag-arts-and-design","11":"tag-arts-et-design","12":"tag-chatellerault","13":"tag-conferences","14":"tag-design","15":"tag-divertissement","16":"tag-education","17":"tag-entertainment","18":"tag-fr","19":"tag-france","20":"tag-loisirs","21":"tag-vienne"},"share_on_mastodon":{"url":"https:\/\/pubeurope.com\/@fr\/115975300203478044","error":""},"_links":{"self":[{"href":"https:\/\/www.europesays.com\/fr\/wp-json\/wp\/v2\/posts\/696084","targetHints":{"allow":["GET"]}}],"collection":[{"href":"https:\/\/www.europesays.com\/fr\/wp-json\/wp\/v2\/posts"}],"about":[{"href":"https:\/\/www.europesays.com\/fr\/wp-json\/wp\/v2\/types\/post"}],"author":[{"embeddable":true,"href":"https:\/\/www.europesays.com\/fr\/wp-json\/wp\/v2\/users\/2"}],"replies":[{"embeddable":true,"href":"https:\/\/www.europesays.com\/fr\/wp-json\/wp\/v2\/comments?post=696084"}],"version-history":[{"count":0,"href":"https:\/\/www.europesays.com\/fr\/wp-json\/wp\/v2\/posts\/696084\/revisions"}],"wp:featuredmedia":[{"embeddable":true,"href":"https:\/\/www.europesays.com\/fr\/wp-json\/wp\/v2\/media\/696085"}],"wp:attachment":[{"href":"https:\/\/www.europesays.com\/fr\/wp-json\/wp\/v2\/media?parent=696084"}],"wp:term":[{"taxonomy":"category","embeddable":true,"href":"https:\/\/www.europesays.com\/fr\/wp-json\/wp\/v2\/categories?post=696084"},{"taxonomy":"post_tag","embeddable":true,"href":"https:\/\/www.europesays.com\/fr\/wp-json\/wp\/v2\/tags?post=696084"}],"curies":[{"name":"wp","href":"https:\/\/api.w.org\/{rel}","templated":true}]}}