{"id":696088,"date":"2026-01-28T23:25:15","date_gmt":"2026-01-28T23:25:15","guid":{"rendered":"https:\/\/www.europesays.com\/fr\/696088\/"},"modified":"2026-01-28T23:25:15","modified_gmt":"2026-01-28T23:25:15","slug":"helena-sinspire-dun-celebre-conte-et-devoile-un-clip-sensationnel-pour-capuche-les-internautes-sont-conquis-encore-une-masterclass-video","status":"publish","type":"post","link":"https:\/\/www.europesays.com\/fr\/696088\/","title":{"rendered":"Helena s&rsquo;inspire d&rsquo;un c\u00e9l\u00e8bre conte et d\u00e9voile un clip sensationnel pour \u00ab\u00a0Capuche\u00a0\u00bb, les internautes sont conquis\u00a0: \u00ab\u00a0Encore une masterclass\u00a0\u00bb (vid\u00e9o)"},"content":{"rendered":"<p class=\"ap-StoryElement ap-StoryElement--mb ap-StoryText\">Elle est en lice pour quatre Victoires de la musique. Ces nominations confirment le statut d&rsquo;\u00e9toile montante d&rsquo;Helena. Depuis sa sortie de la Star Academy, tout sourit \u00e0 la jeune artiste belge qui peut d\u00e9j\u00e0 se targuer de trois NRJ Music Awards, d&rsquo;un album disque de platine et d&rsquo;une tourn\u00e9e au succ\u00e8s retentissant.<\/p>\n<p class=\"ap-StoryElement ap-StoryElement--mb ap-StoryText\">Soucieuse de satisfaire ses tr\u00e8s nombreux fans, Helena leur r\u00e9serve r\u00e9guli\u00e8rement des surprises. La derni\u00e8re en date, la sortie ce mercredi matin du clip de \u00ab\u00a0Capuche\u00a0\u00bb. Ce single, qui figure sur la r\u00e9\u00e9dition de son album, a connu un v\u00e9ritable engouement de la part du public, notamment gr\u00e2ce au sujet profond et universel qu&rsquo;il aborde : le harc\u00e8lement de rue. Comme a son habitude, Helena a d\u00e9voil\u00e9 un clip intense \u00e0 l&rsquo;esth\u00e9tique l\u00e9ch\u00e9e qui vient renforcer le sens d\u00e9j\u00e0 puissant des paroles.<\/p>\n<p><a href=\"https:\/\/www.parismatch.be\/actualites\/people-belgique\/2026\/01\/14\/les-confidences-danouk-apres-son-elimination-de-la-star-academy-jai-ressenti-le-soutien-du-public-belge-M6HUG5XJ3JE7BBHNTKMECLQ5PE\/\" target=\"_self\" class=\"ap-StoryInterstitialLink ap-StoryElement ap-StoryElement--mb\" rel=\"noopener\">Les confidences d&rsquo;Anouk apr\u00e8s son \u00e9limination de la Star Academy : \u00ab\u00a0Peut-\u00eatre qu&rsquo;apr\u00e8s la tourn\u00e9e, je d\u00e9ciderai de venir \u00e0 Paris\u00a0\u00bb<\/a>Helena en Petit Chaperon rouge dans le clip de \u00ab\u00a0Capuche\u00a0\u00bb<\/p>\n<p class=\"ap-StoryElement ap-StoryElement--mb ap-StoryText\">\u00ab\u00a0Capuche\u00a0\u00bb s&rsquo;attaque au sujet sensible du harc\u00e8lement de rue, que connaissent toutes les femmes ou presque. Helena y a ajout\u00e9 l&rsquo;aspect de sa notori\u00e9t\u00e9 nouvelle, qui la place parfois dans des situations inconfortables. Pour illustrer ce morceau, l&rsquo;artiste s&rsquo;est associ\u00e9e au cabinet DOZEN. Dans cette vid\u00e9o, <a href=\"https:\/\/www.parismatch.be\/actualites\/people-belgique\/2026\/01\/14\/prestation-iconique-et-fou-rire-collectif-helena-a-fait-sensation-lors-du-premier-concert-des-enfoires-videos-WY54IST7CVCKPO77Q4VRKCXTME\/\" target=\"_self\" rel=\"noopener\">Helena<\/a> \u00e9volue \u00e9quip\u00e9e d&rsquo;une cagoule rouge qui n&rsquo;est pas sans rappeler le conte de Perrault, Le Petit Chaperon rouge. Un indice sur cette r\u00e9f\u00e9rence avait d&rsquo;ailleurs d\u00e9j\u00e0 \u00e9t\u00e9 gliss\u00e9 par Helena dans <a href=\"https:\/\/www.parismatch.be\/culture\/medias\/2026\/01\/04\/star-academy-helena-et-anouk-unies-pour-delivrer-un-puissant-message-la-meilleure-prestation-de-la-soireevideo-ZKY26AYVGBBZJOIZNU7AUSDUVY\/\" target=\"_self\" rel=\"noopener\">sa mise en sc\u00e8ne du duo avec Anouk \u00e0 la Star Academy<\/a>.<\/p>\n<p><a href=\"https:\/\/www.parismatch.be\/culture\/musique\/2025\/12\/27\/reprise-de-mon-piano-et-moi-idole-de-jeunesse-helena-en-larmes-surprise-par-ses-proches-pour-le-retour-de-la-chanson-secrete-video-3JQAORFESVDHHEAX3NY3AR3ZEU\/\" target=\"_self\" class=\"ap-StoryInterstitialLink ap-StoryElement ap-StoryElement--mb\" rel=\"noopener\">Reprise de \u00ab\u00a0Mon piano et moi\u00a0\u00bb, idole de jeunesse\u2026 : Helena, en larmes, surprise par ses proches pour le retour de \u00ab\u00a0La Chanson Secr\u00e8te\u00a0\u00bb (vid\u00e9o)<\/a><\/p>\n<p class=\"ap-StoryElement ap-StoryElement--mb ap-StoryText\">\u00c0 l&rsquo;image du protagoniste du conte, Helena \u00e9volue dans un milieu hostile, symbolis\u00e9 par des ombres chinoises au regard malveillant, des mains mena\u00e7antes et une obscurit\u00e9 propice \u00e0 l&rsquo;angoisse. \u00c0 travers ce clip, la chanteuse belge illustre la r\u00e9alit\u00e9 v\u00e9cue et crainte quotidiennement par les femmes, tout en incarnant la puissance de celles-ci, d\u00e9terminer \u00e0 pouvoir, un jour, retirer leur capuche.<\/p>\n<p><img decoding=\"async\" src=\"https:\/\/www.europesays.com\/fr\/wp-content\/uploads\/2026\/01\/1769642715_910_hqdefault.webp.webp\" alt=\"Helena - Capuche (Clip officiel) - YouTube thumbnail\" class=\"lty-thumbnail\" loading=\"lazy\"\/>Watch<\/p>\n<p class=\"ap-StoryElement ap-StoryElement--mb ap-StoryText\">Tr\u00e8s vite, les fans d&rsquo;Helena ont salu\u00e9 la qualit\u00e9 de la vid\u00e9o dans les commentaires. \u00ab\u00a0Quel travail, bravo \u00e0 l&rsquo;\u00e9quipe c&rsquo;est sublime et cela met encore plus en valeur ces jolies chansons qu&rsquo;on \u00e9coute en boucle\u00a0\u00bb, \u00ab\u00a0Encore une masterclass\u00a0\u00bb, \u00ab\u00a0Cela repr\u00e9sente bien l&rsquo;intensit\u00e9 de cette chanson\u00a0\u00bb, \u00ab\u00a0C&rsquo;est de l&rsquo;art\u00a0\u00bb, lit-on sur YouTube. Encore une fois, Helena a r\u00e9ussi un coup de ma\u00eetre visuel qui vient d\u00e9passer les attentes de sa communaut\u00e9.<\/p>\n","protected":false},"excerpt":{"rendered":"Elle est en lice pour quatre Victoires de la musique. Ces nominations confirment le statut d&rsquo;\u00e9toile montante d&rsquo;Helena.&hellip;\n","protected":false},"author":2,"featured_media":625567,"comment_status":"","ping_status":"","sticky":false,"template":"","format":"standard","meta":{"footnotes":""},"categories":[1355],"tags":[79145,828,79146,79147,14127,58,59,1011,27,5094,1361,873,79148],"class_list":{"0":"post-696088","1":"post","2":"type-post","3":"status-publish","4":"format-standard","5":"has-post-thumbnail","7":"category-musique","8":"tag-artiste-belge","9":"tag-belgique","10":"tag-capuche","11":"tag-clip-video","12":"tag-conte","13":"tag-divertissement","14":"tag-entertainment","15":"tag-fr","16":"tag-france","17":"tag-helena","18":"tag-music","19":"tag-musique","20":"tag-petit-chaperon-rouge"},"share_on_mastodon":{"url":"https:\/\/pubeurope.com\/@fr\/115975312160660596","error":""},"_links":{"self":[{"href":"https:\/\/www.europesays.com\/fr\/wp-json\/wp\/v2\/posts\/696088","targetHints":{"allow":["GET"]}}],"collection":[{"href":"https:\/\/www.europesays.com\/fr\/wp-json\/wp\/v2\/posts"}],"about":[{"href":"https:\/\/www.europesays.com\/fr\/wp-json\/wp\/v2\/types\/post"}],"author":[{"embeddable":true,"href":"https:\/\/www.europesays.com\/fr\/wp-json\/wp\/v2\/users\/2"}],"replies":[{"embeddable":true,"href":"https:\/\/www.europesays.com\/fr\/wp-json\/wp\/v2\/comments?post=696088"}],"version-history":[{"count":0,"href":"https:\/\/www.europesays.com\/fr\/wp-json\/wp\/v2\/posts\/696088\/revisions"}],"wp:featuredmedia":[{"embeddable":true,"href":"https:\/\/www.europesays.com\/fr\/wp-json\/wp\/v2\/media\/625567"}],"wp:attachment":[{"href":"https:\/\/www.europesays.com\/fr\/wp-json\/wp\/v2\/media?parent=696088"}],"wp:term":[{"taxonomy":"category","embeddable":true,"href":"https:\/\/www.europesays.com\/fr\/wp-json\/wp\/v2\/categories?post=696088"},{"taxonomy":"post_tag","embeddable":true,"href":"https:\/\/www.europesays.com\/fr\/wp-json\/wp\/v2\/tags?post=696088"}],"curies":[{"name":"wp","href":"https:\/\/api.w.org\/{rel}","templated":true}]}}