{"id":696098,"date":"2026-01-28T23:31:12","date_gmt":"2026-01-28T23:31:12","guid":{"rendered":"https:\/\/www.europesays.com\/fr\/696098\/"},"modified":"2026-01-28T23:31:12","modified_gmt":"2026-01-28T23:31:12","slug":"la-fed-gele-ses-taux-et-assure-pouvoir-travailler-independamment-des-pressions-politiques-28-01-2026-a-2213","status":"publish","type":"post","link":"https:\/\/www.europesays.com\/fr\/696098\/","title":{"rendered":"La Fed g\u00e8le ses taux et assure pouvoir travailler ind\u00e9pendamment des pressions politiques &#8211; 28\/01\/2026 \u00e0 22:13"},"content":{"rendered":"<p>        <img decoding=\"async\" src=\"https:\/\/www.europesays.com\/fr\/wp-content\/uploads\/2026\/01\/50f7704ab49c7317ee36878ab44f5ce4-760x507.jpg\" alt=\"Le pr\u00e9sident de la Fed, Jerome Powell, lors d'une conf\u00e9rence de presse \u00e0 Washington, le 28 janvier 2026 ( AFP \/ SAUL LOEB )\" loading=\"eager\" fetchpriority=\"high\" width=\"760\" height=\"507\" style=\"max-width: 100%!important; height: auto;\"\/><\/p>\n<p class=\"c-image-news__legend\">Le pr\u00e9sident de la Fed, Jerome Powell, lors d&rsquo;une conf\u00e9rence de presse \u00e0 Washington, le 28 janvier 2026 ( AFP \/ SAUL LOEB )<\/p>\n<p>\n La R\u00e9serve f\u00e9d\u00e9rale am\u00e9ricaine (Fed) a laiss\u00e9 ses taux d&rsquo;int\u00e9r\u00eat inchang\u00e9s mercredi et a d\u00e9fendu son ind\u00e9pendance face aux pressions r\u00e9p\u00e9t\u00e9es du pr\u00e9sident Donald Trump.\n<\/p>\n<p>\n Les investisseurs s&rsquo;attendaient massivement \u00e0 ce que les taux directeurs restent dans une fourchette comprise entre 3,50% et 3,75%, apr\u00e8s trois baisses successives en autant de r\u00e9unions, fin 2025.\n<\/p>\n<p>\n Mais la d\u00e9cision de conserver les taux inchang\u00e9s a \u00e9t\u00e9 d\u00e9sapprouv\u00e9e par deux des douze responsables de la banque centrale am\u00e9ricaine, parce qu&rsquo;ils voulaient continuer \u00e0 l\u00e2cher du lest: les gouverneurs Stephen Miran et Christopher Waller.\n<\/p>\n<p>\n La d\u00e9fection de M. Miran n&rsquo;est pas une surprise.\n<\/p>\n<p>\n Entr\u00e9 \u00e0 la Fed en septembre \u00e0 la demande de M. Trump et apr\u00e8s une confirmation express du S\u00e9nat, il plaide depuis lors pour une politique mon\u00e9taire beaucoup moins restrictive.\n<\/p>\n<p>\n Cette fois, il n&rsquo;a cependant pas vot\u00e9 pour une diminution des taux tr\u00e8s marqu\u00e9e, d&rsquo;un demi-point de pourcentage, mais a plaid\u00e9 pour une baisse plus conventionnelle, d&rsquo;un quart de point.\n<\/p>\n<p>\n Il a \u00e9t\u00e9 rejoint par M. Waller, nomm\u00e9 gouverneur pendant le premier mandat de M. Trump.\n<\/p>\n<p>\n Son cas est particulier dans la mesure o\u00f9 il figure dans la liste des quatre favoris de l&rsquo;ex\u00e9cutif, en lice pour prendre la suite de l&rsquo;actuel pr\u00e9sident de la Fed, Jerome Powell, dont le mandat prendra fin en mai.\n<\/p>\n<p>\n Le pr\u00e9sident Trump cherche \u00e0 placer \u00e0 la t\u00eate de l&rsquo;institution un banquier central plus conciliant que M. Powell.\n<\/p>\n<p>\n Il veut une politique mon\u00e9taire tr\u00e8s souple pour doper l&rsquo;activit\u00e9 \u00e9conomique et r\u00e9duire les co\u00fbts de financement de la dette publique des Etats-Unis. Selon lui, l&rsquo;inflation n&rsquo;est plus un probl\u00e8me.\n<\/p>\n<p>\n Encore en progression en novembre, elle atteignait alors 2,8% et a probablement acc\u00e9l\u00e9r\u00e9 \u00e0 2,9% en d\u00e9cembre, a dit M. Powell en conf\u00e9rence de presse mercredi.\n<\/p>\n<p> &#8211; Pas de \u00ab\u00a0politique politicienne\u00a0\u00bb &#8211;<\/p>\n<p>\n A cette occasion, M. Powell a continu\u00e9 \u00e0 se d\u00e9partir de sa r\u00e9serve, pour assurer que la Fed ne comptait pas se laisser intimider.\n<\/p>\n<p>\n Il a r\u00e9cemment r\u00e9v\u00e9l\u00e9 faire l&rsquo;objet d&rsquo;une proc\u00e9dure lanc\u00e9e par le minist\u00e8re de la Justice pouvant aboutir \u00e0 des poursuites p\u00e9nales, concernant l&rsquo;important co\u00fbt des travaux de r\u00e9novation du si\u00e8ge de la Fed \u00e0 Washington.\n<\/p>\n<p>        <img decoding=\"async\" src=\"https:\/\/www.europesays.com\/fr\/wp-content\/uploads\/2026\/01\/ea27650230ac58534cdcbd36e16c3e8a-760x506.jpg\" alt=\"Le pr\u00e9sident de la Fed, Jerome Powell, lors d'une conf\u00e9rence de presse \u00e0 Washington, le 28 janvier 2026 ( AFP \/ SAUL LOEB )\" loading=\"eager\" fetchpriority=\"high\" width=\"760\" height=\"506\" style=\"max-width: 100%!important; height: auto;\"\/><\/p>\n<p class=\"c-image-news__legend\">Le pr\u00e9sident de la Fed, Jerome Powell, lors d&rsquo;une conf\u00e9rence de presse \u00e0 Washington, le 28 janvier 2026 ( AFP \/ SAUL LOEB )<\/p>\n<p>\n M. Powell a d\u00e9nonc\u00e9 un \u00ab\u00a0pr\u00e9texte\u00a0\u00bb, une fa\u00e7on de faire davantage pression sur une institution qui ne suit pas \u00ab\u00a0les pr\u00e9conisations du pr\u00e9sident\u00a0\u00bb des Etats-Unis en mati\u00e8re de politique mon\u00e9taire.\n<\/p>\n<p>\n Interrog\u00e9 sur le conseil qu&rsquo;il pouvait donner \u00e0 son successeur, il a r\u00e9pondu: \u00ab\u00a0Rester en dehors de la politique politicienne.\u00a0\u00bb\n<\/p>\n<p>\n \u00ab\u00a0Si on perd (l&rsquo;ind\u00e9pendance de la Fed, NDLR), il sera difficile de la retrouver. Nous ne l&rsquo;avons pas perdue. Je ne pense pas que cela arrivera. J&rsquo;esp\u00e8re sinc\u00e8rement que cela n&rsquo;arrivera pas\u00a0\u00bb, a-t-il aussi d\u00e9clar\u00e9.\n<\/p>\n<p>\n M. Powell a \u00e9galement d\u00e9fendu sa pr\u00e9sence \u00e0 une audience de la Cour supr\u00eame le 21 janvier concernant la tentative de r\u00e9vocation par M. Trump d&rsquo;une de ses coll\u00e8gues de la Fed, la gouverneure Lisa Cook.\n<\/p>\n<p>\n C&rsquo;est \u00ab\u00a0peut-\u00eatre l&rsquo;affaire judiciaire la plus importante en 113 ans d&rsquo;existence de la Fed. (&#8230;) J&rsquo;aurais eu du mal \u00e0 expliquer mon absence\u00a0\u00bb, a-t-il plaid\u00e9.\n<\/p>\n<p>\n Le ministre des Finances, Scott Bessent, avait qualifi\u00e9 d'\u00a0\u00bberreur\u00a0\u00bb la pr\u00e9sence de M. Powell \u00e0 l&rsquo;audience.\n<\/p>\n<p>\n Sur le plan de la politique mon\u00e9taire, la Fed a expliqu\u00e9 dans un communiqu\u00e9 que la croissance \u00e9tait \u00ab\u00a0robuste\u00a0\u00bb aux Etats-Unis, sugg\u00e9rant par l\u00e0 que l&rsquo;\u00e9conomie n&rsquo;avait pas besoin de soutien suppl\u00e9mentaire.\n<\/p>\n<p>\n La banque centrale a aussi chang\u00e9 sa fa\u00e7on de qualifier la situation sur le march\u00e9 du travail am\u00e9ricain, relevant un taux de ch\u00f4mage qui pr\u00e9sente \u00ab\u00a0des signes de stabilisation\u00a0\u00bb (il \u00e9tait de 4,4% en d\u00e9cembre).\n<\/p>\n<p>\n La Fed \u00ab\u00a0crie pr\u00e9matur\u00e9ment victoire sur le volet de l&#8217;emploi, compte tenu de la faiblesse persistante des indicateurs les plus fiables concernant la demande de main-d&rsquo;\u0153uvre, de l&rsquo;incertitude \u00e9lev\u00e9e entourant la politique gouvernementale et des co\u00fbts d&#8217;emprunt toujours \u00e9lev\u00e9s pour les petites entreprises\u00a0\u00bb, a r\u00e9agi dans une note Samuel Tombs, sp\u00e9cialiste de l&rsquo;\u00e9conomie am\u00e9ricaine de Pantheon Macroeconomics.<\/p>\n","protected":false},"excerpt":{"rendered":"Le pr\u00e9sident de la Fed, Jerome Powell, lors d&rsquo;une conf\u00e9rence de presse \u00e0 Washington, le 28 janvier 2026&hellip;\n","protected":false},"author":2,"featured_media":696099,"comment_status":"","ping_status":"","sticky":false,"template":"","format":"standard","meta":{"footnotes":""},"categories":[6],"tags":[400,398,408,35,405,33,34,1011,27,403,402,399,404,401,406,407],"class_list":{"0":"post-696098","1":"post","2":"type-post","3":"status-publish","4":"format-standard","5":"has-post-thumbnail","7":"category-economie","8":"tag-action-cac-40","9":"tag-bourse-de-paris","10":"tag-boursorama","11":"tag-business","12":"tag-cotations","13":"tag-economie","14":"tag-economy","15":"tag-fr","16":"tag-france","17":"tag-indices-devises","18":"tag-investir","19":"tag-investissement","20":"tag-marche-boursier","21":"tag-sicav","22":"tag-trackers","23":"tag-warrants"},"share_on_mastodon":{"url":"","error":""},"_links":{"self":[{"href":"https:\/\/www.europesays.com\/fr\/wp-json\/wp\/v2\/posts\/696098","targetHints":{"allow":["GET"]}}],"collection":[{"href":"https:\/\/www.europesays.com\/fr\/wp-json\/wp\/v2\/posts"}],"about":[{"href":"https:\/\/www.europesays.com\/fr\/wp-json\/wp\/v2\/types\/post"}],"author":[{"embeddable":true,"href":"https:\/\/www.europesays.com\/fr\/wp-json\/wp\/v2\/users\/2"}],"replies":[{"embeddable":true,"href":"https:\/\/www.europesays.com\/fr\/wp-json\/wp\/v2\/comments?post=696098"}],"version-history":[{"count":0,"href":"https:\/\/www.europesays.com\/fr\/wp-json\/wp\/v2\/posts\/696098\/revisions"}],"wp:featuredmedia":[{"embeddable":true,"href":"https:\/\/www.europesays.com\/fr\/wp-json\/wp\/v2\/media\/696099"}],"wp:attachment":[{"href":"https:\/\/www.europesays.com\/fr\/wp-json\/wp\/v2\/media?parent=696098"}],"wp:term":[{"taxonomy":"category","embeddable":true,"href":"https:\/\/www.europesays.com\/fr\/wp-json\/wp\/v2\/categories?post=696098"},{"taxonomy":"post_tag","embeddable":true,"href":"https:\/\/www.europesays.com\/fr\/wp-json\/wp\/v2\/tags?post=696098"}],"curies":[{"name":"wp","href":"https:\/\/api.w.org\/{rel}","templated":true}]}}