{"id":696106,"date":"2026-01-28T23:35:22","date_gmt":"2026-01-28T23:35:22","guid":{"rendered":"https:\/\/www.europesays.com\/fr\/696106\/"},"modified":"2026-01-28T23:35:22","modified_gmt":"2026-01-28T23:35:22","slug":"saint-etienne-7-etudiants-vont-faire-le-tour-du-mont-blanc-en-soutien-aux-enfants-malades","status":"publish","type":"post","link":"https:\/\/www.europesays.com\/fr\/696106\/","title":{"rendered":"Saint-\u00c9tienne :\u00a07 \u00e9tudiants\u00a0vont faire le tour du Mont-Blanc en soutien aux enfants malades"},"content":{"rendered":"<p>Sept \u00e9tudiants de l&rsquo;IAE (institut d&rsquo;administration des entreprises) de Saint-\u00c9tienne vont faire le tour du Mont-Blanc. Une distance de 170 km en dix jours, du 19 au 28 juin. Leur parcours sera diffus\u00e9 en direct 24h sur 24 sur Twitch pour collecter des fonds au profit de l&rsquo;accompagnement des enfants hospitalis\u00e9s.<\/p>\n<p>Jules Rocher, Ewan Williams, Rendy Halhoul, Axel Bernardon, Johan Lhermet, Marie Cichosweski et Pyrene Esteve. Ce sont <b>sept \u00e9tudiants st\u00e9phanois<\/b> de l&rsquo;Institut d&rsquo;administration des entreprises (IAE).<\/p>\n<p>Du <b>19 au 28 juin,<\/b> ils comptent faire le <b>tour du Mont-Blanc<\/b> et marcher 170 km sur 10.000 m\u00e8tres de d\u00e9nivel\u00e9, en seulement dix jours. Un p\u00e9riple qui sera <b>retransmis en direct sur la plateforme de streaming <a class=\"url\" href=\"https:\/\/www.twitch.tv\/marcheursdespoir\" target=\"_blank\" rel=\"noopener\">Twitch<\/a>.<\/b><\/p>\n<p>Un p\u00e9riple au b\u00e9n\u00e9fice des enfants hospitalis\u00e9s au CHU de Saint-\u00c9tienne\u00a0<\/p>\n<p>Avec pour objectif de r\u00e9colter<b> 5.000 euros<\/b> minimum. Les fonds serviront \u00e0 am\u00e9liorer le quotidien des <b>enfants hospitalis\u00e9s au CHU de Saint-\u00c9tienne.\u00a0<\/b><\/p>\n<p>En fonction de la somme r\u00e9colt\u00e9e et des besoins de l&rsquo;h\u00f4pital, les dons serviront \u00e0 <b>acheter du mat\u00e9riel<\/b> ou <b>des jeux pour occuper les enfants hospitalis\u00e9s.<\/b><\/p>\n<p>En plus de Twitch, une <a class=\"url\" href=\"https:\/\/www.helloasso.com\/associations\/marcheurs-d-espoir\/formulaires\/1\" target=\"_blank\" rel=\"noopener\">cagnotte HelloAsso<\/a> est mise<b> \u00e0 disposition d\u00e8s aujourd&rsquo;hui<\/b> pour soutenir les \u00e9tudiants.<\/p>\n<p>Pour le moment, les sept amis rassemblent la somme n\u00e9cessaire pour mener \u00e0 bien leur projet. Ils sont notamment \u00e0 la<b> recherche de sponsors.\u00a0<\/b><\/p>\n<p>Pour se faire conna\u00eetre, l&rsquo;association a organis\u00e9 diff\u00e9rents \u00e9v\u00e9nements comme un tournoi de foot. Elle est aussi pr\u00e9sente sur les <a class=\"url\" href=\"https:\/\/www.instagram.com\/marcheurs_despoir\/\" target=\"_blank\" rel=\"noopener\">r\u00e9seaux sociaux<\/a>.\u00a0<\/p>\n<p>Des d\u00e9fis pour se pr\u00e9parer physiquement<\/p>\n<p><b>Cent soixante-dix km de marche<\/b> sur <b>10.000 m\u00e8tres de d\u00e9nivel\u00e9<\/b>, c&rsquo;est aussi un <b>d\u00e9fi sportif.<\/b> Pour se pr\u00e9parer, certains se sont mis au d\u00e9fi de suivre les lignes de tramway. 12km pour la ligne T3 ou encore 19 km pour la ligne T1 aller-retour&#8230;<\/p>\n<p><b>Rendy<\/b>, interview\u00e9 par <b>Radio SCOOP,<\/b>\u00a0a confi\u00e9 avoir commenc\u00e9 le footing, avec l&rsquo;objectif de rajouter 1 km par jour dans sa course. <\/p>\n<blockquote><p>\u00ab\u00a0\u00c7a nous pousse dans nos retranchements donc c&rsquo;est hyper int\u00e9ressant\u00a0\u00bb<\/p><\/blockquote>\n<p>Durant le <b>tour du Mont-Blanc<\/b>, plusieurs <b>d\u00e9fis <\/b>ont \u00e9t\u00e9 pr\u00e9par\u00e9s pour inciter les spectateurs du live \u00e0 atteindre des <b>paliers de dons<\/b>. Ils donnent un c\u00f4t\u00e9 ludique et participatif \u00e0 ce d\u00e9fi. <\/p>\n<blockquote><p>\u00ab\u00a0On aimerait faire diff\u00e9rentes interventions pour vraiment pouvoir parler de divers sujets. Parler avec les gens, r\u00e9pondre aux questions, d\u00e9battre, etc. Et le but, c&rsquo;est surtout de faire des \u00ab\u00a0donations goals\u00a0\u00bb, comme le The Event.\u00a0\u00bb<\/p><\/blockquote>\n<p>Une grosse organisation avant le Mont-Blanc<\/p>\n<p>Sur les sept amis, seulement <b>cinq partiront<\/b>. Les autres g\u00e8reront la<b> logistique <\/b>et la bonne<b> diffusion du live.<\/b>\u00a0<\/p>\n<blockquote><p>\u00ab\u00a0On ne veut pas se pr\u00e9cipiter. On veut prendre le temps de pouvoir parler avec les gens. Et qu&rsquo;il y ait un vrai \u00e9change qui soit fait durant tout ce tour.\u00a0\u00bb<\/p><\/blockquote>\n<p>M\u00eame si le but est d&rsquo;\u00eatre en <b>autonomie totale<\/b>, suivant les conditions ils n&rsquo;auront peut-\u00eatre pas le choix de passer par des campings ou refuges.\u00a0<\/p>\n<blockquote><p>\u00ab\u00a0On va devoir se positionner sur toutes les possibilit\u00e9s. Avoir des plans A, des plans B, des plans C. C&rsquo;est beaucoup de pr\u00e9paration et beaucoup de r\u00e9flexions.\u00a0\u00bb<\/p><\/blockquote>\n<p>Pour suivre et soutenir les Marcheurs d&rsquo;espoir, rendez-vous sur Instagram, LinkedIn ou encore TikTok !\u00a0<img loading=\"lazy\" decoding=\"async\" src=\"https:\/\/www.europesays.com\/fr\/wp-content\/uploads\/2026\/01\/1769643322_880_img.png\" width=\"350\" height=\"200\" border=\"0\" title=\"L'Auvergnat Cyril Billet va prendre le d\u00c3\u00a9part de l'UTMB 2025\"\/><\/p>\n<p>\u25baSport<\/p>\n<p style=\"font-size: 22px;\"><b>Il va participer l&rsquo;UTMB et s&rsquo;y rendra&#8230; en marchant, le d\u00e9fi fou d&rsquo;un Auvergnat !<\/b><\/p>\n<p>L&rsquo;Ultra-trail du Mont-Blanc se tient \u00e0 la fin du&#8230;<\/p>\n<p>\n<script async src=\"\/\/www.instagram.com\/embed.js\"><\/script><\/p>\n","protected":false},"excerpt":{"rendered":"Sept \u00e9tudiants de l&rsquo;IAE (institut d&rsquo;administration des entreprises) de Saint-\u00c9tienne vont faire le tour du Mont-Blanc. Une distance&hellip;\n","protected":false},"author":2,"featured_media":696107,"comment_status":"","ping_status":"","sticky":false,"template":"","format":"standard","meta":{"footnotes":""},"categories":[9653],"tags":[1111,11,4077,2430,27853,1777,674,1011,27,79151,79150,27867,12,25,9920,4001],"class_list":{"0":"post-696106","1":"post","2":"type-post","3":"status-publish","4":"format-standard","5":"has-post-thumbnail","7":"category-saint-etienne","8":"tag-actu","9":"tag-actualites","10":"tag-association","11":"tag-auvergne-rhone-alpes","12":"tag-chu-saint-etienne","13":"tag-eu","14":"tag-europe","15":"tag-fr","16":"tag-france","17":"tag-iae","18":"tag-marcheurs-despoirs","19":"tag-mont-blanc","20":"tag-news","21":"tag-republique-francaise","22":"tag-saint-tienne","23":"tag-saint-etienne"},"share_on_mastodon":{"url":"https:\/\/pubeurope.com\/@fr\/115975351521135606","error":""},"_links":{"self":[{"href":"https:\/\/www.europesays.com\/fr\/wp-json\/wp\/v2\/posts\/696106","targetHints":{"allow":["GET"]}}],"collection":[{"href":"https:\/\/www.europesays.com\/fr\/wp-json\/wp\/v2\/posts"}],"about":[{"href":"https:\/\/www.europesays.com\/fr\/wp-json\/wp\/v2\/types\/post"}],"author":[{"embeddable":true,"href":"https:\/\/www.europesays.com\/fr\/wp-json\/wp\/v2\/users\/2"}],"replies":[{"embeddable":true,"href":"https:\/\/www.europesays.com\/fr\/wp-json\/wp\/v2\/comments?post=696106"}],"version-history":[{"count":0,"href":"https:\/\/www.europesays.com\/fr\/wp-json\/wp\/v2\/posts\/696106\/revisions"}],"wp:featuredmedia":[{"embeddable":true,"href":"https:\/\/www.europesays.com\/fr\/wp-json\/wp\/v2\/media\/696107"}],"wp:attachment":[{"href":"https:\/\/www.europesays.com\/fr\/wp-json\/wp\/v2\/media?parent=696106"}],"wp:term":[{"taxonomy":"category","embeddable":true,"href":"https:\/\/www.europesays.com\/fr\/wp-json\/wp\/v2\/categories?post=696106"},{"taxonomy":"post_tag","embeddable":true,"href":"https:\/\/www.europesays.com\/fr\/wp-json\/wp\/v2\/tags?post=696106"}],"curies":[{"name":"wp","href":"https:\/\/api.w.org\/{rel}","templated":true}]}}