{"id":696123,"date":"2026-01-28T23:46:16","date_gmt":"2026-01-28T23:46:16","guid":{"rendered":"https:\/\/www.europesays.com\/fr\/696123\/"},"modified":"2026-01-28T23:46:16","modified_gmt":"2026-01-28T23:46:16","slug":"grenoble-un-concert-anniversaire-daldebert-le-samedi-30-janvier-2027","status":"publish","type":"post","link":"https:\/\/www.europesays.com\/fr\/696123\/","title":{"rendered":"Grenoble. Un concert anniversaire d\u2019Aldebert le samedi 30\u00a0janvier 2027"},"content":{"rendered":"<p>Son album Enfantillages a 18 ans\u00a0? Il n\u2019a pourtant jamais \u00e9t\u00e9 question pour Aldebert de passer \u00e0 l\u2019\u00e2ge adulte et il compte bien garder son \u00e2me d\u2019enfant\u00a0! Alors, quoi de mieux pour conjurer le sort que de f\u00eater \u00e7a dignement en cr\u00e9ant un spectacle anniversaire autour d\u2019une s\u00e9lection de chansons issues de tous ses albums\u00a0?<\/p>\n<p>Un concert dr\u00f4le, po\u00e9tique, th\u00e9\u00e2tral et rock\u2019n\u2019roll, qui convie \u00ab\u00a0petits, moyens, grands et g\u00e9ants\u00a0\u00bb \u00e0 venir passer un moment unique et interg\u00e9n\u00e9rationnel\u00a0\u00e0 Grenoble le samedi 30\u00a0janvier\u00a02027.<\/p>\n<p class=\"note\">Samedi 30\u00a0janvier 2027 \u00e0 15\u00a0h, au Summum. Tarifs\u00a0: \u00e0 partir de 29\u00a0\u20ac.<\/p>\n","protected":false},"excerpt":{"rendered":"Son album Enfantillages a 18 ans\u00a0? Il n\u2019a pourtant jamais \u00e9t\u00e9 question pour Aldebert de passer \u00e0 l\u2019\u00e2ge&hellip;\n","protected":false},"author":2,"featured_media":696124,"comment_status":"","ping_status":"","sticky":false,"template":"","format":"standard","meta":{"footnotes":""},"categories":[9566],"tags":[1111,11,2430,1687,112,1777,674,1011,27,2731,2732,108,12,25,3140],"class_list":{"0":"post-696123","1":"post","2":"type-post","3":"status-publish","4":"format-standard","5":"has-post-thumbnail","7":"category-grenoble","8":"tag-actu","9":"tag-actualites","10":"tag-auvergne-rhone-alpes","11":"tag-culture-loisirs","12":"tag-edition-grenoble-agglomeration","13":"tag-eu","14":"tag-europe","15":"tag-fr","16":"tag-france","17":"tag-grenoble","18":"tag-grenoble-bassin","19":"tag-isere","20":"tag-news","21":"tag-republique-francaise","22":"tag-spectacle"},"share_on_mastodon":{"url":"https:\/\/pubeurope.com\/@fr\/115975394654143876","error":""},"_links":{"self":[{"href":"https:\/\/www.europesays.com\/fr\/wp-json\/wp\/v2\/posts\/696123","targetHints":{"allow":["GET"]}}],"collection":[{"href":"https:\/\/www.europesays.com\/fr\/wp-json\/wp\/v2\/posts"}],"about":[{"href":"https:\/\/www.europesays.com\/fr\/wp-json\/wp\/v2\/types\/post"}],"author":[{"embeddable":true,"href":"https:\/\/www.europesays.com\/fr\/wp-json\/wp\/v2\/users\/2"}],"replies":[{"embeddable":true,"href":"https:\/\/www.europesays.com\/fr\/wp-json\/wp\/v2\/comments?post=696123"}],"version-history":[{"count":0,"href":"https:\/\/www.europesays.com\/fr\/wp-json\/wp\/v2\/posts\/696123\/revisions"}],"wp:featuredmedia":[{"embeddable":true,"href":"https:\/\/www.europesays.com\/fr\/wp-json\/wp\/v2\/media\/696124"}],"wp:attachment":[{"href":"https:\/\/www.europesays.com\/fr\/wp-json\/wp\/v2\/media?parent=696123"}],"wp:term":[{"taxonomy":"category","embeddable":true,"href":"https:\/\/www.europesays.com\/fr\/wp-json\/wp\/v2\/categories?post=696123"},{"taxonomy":"post_tag","embeddable":true,"href":"https:\/\/www.europesays.com\/fr\/wp-json\/wp\/v2\/tags?post=696123"}],"curies":[{"name":"wp","href":"https:\/\/api.w.org\/{rel}","templated":true}]}}