{"id":696143,"date":"2026-01-28T23:58:11","date_gmt":"2026-01-28T23:58:11","guid":{"rendered":"https:\/\/www.europesays.com\/fr\/696143\/"},"modified":"2026-01-28T23:58:11","modified_gmt":"2026-01-28T23:58:11","slug":"municipales-2026-les-candidats-a-la-mairie-de-bordeaux-se-confrontent-sur-le-logement","status":"publish","type":"post","link":"https:\/\/www.europesays.com\/fr\/696143\/","title":{"rendered":"Municipales 2026 : les candidats \u00e0 la mairie de Bordeaux se confrontent sur le logement"},"content":{"rendered":"<p class=\"wp-block-post-excerpt__excerpt\">Cinq des douze t\u00eates de liste aux \u00e9lections municipales ont \u00e9t\u00e9 invit\u00e9es \u00e0 exposer leur propositions sur le logement lors d\u2019un d\u00e9bat organis\u00e9 par la F\u00e9d\u00e9ration fran\u00e7aise du B\u00e2timent de la Gironde. Si tous s\u2019accordent sur la n\u00e9cessit\u00e9 d\u2019apporter une r\u00e9ponse urgente \u00e0 la crise du logement, les divergences sont marqu\u00e9es dans le diagnostic et les solutions \u00e0 apporter. <\/p>\n","protected":false},"excerpt":{"rendered":"Cinq des douze t\u00eates de liste aux \u00e9lections municipales ont \u00e9t\u00e9 invit\u00e9es \u00e0 exposer leur propositions sur le&hellip;\n","protected":false},"author":2,"featured_media":696144,"comment_status":"","ping_status":"","sticky":false,"template":"","format":"standard","meta":{"footnotes":""},"categories":[2817],"tags":[1111,11,1997,1777,674,1011,27,79152,1908,3434,12,2219,25,1352],"class_list":{"0":"post-696143","1":"post","2":"type-post","3":"status-publish","4":"format-standard","5":"has-post-thumbnail","7":"category-bordeaux","8":"tag-actu","9":"tag-actualites","10":"tag-bordeaux","11":"tag-eu","12":"tag-europe","13":"tag-fr","14":"tag-france","15":"tag-label-batiment-frugal-bordelais","16":"tag-logement","17":"tag-municipales-2026","18":"tag-news","19":"tag-nouvelle-aquitaine","20":"tag-republique-francaise","21":"tag-urbanisme"},"share_on_mastodon":{"url":"https:\/\/pubeurope.com\/@fr\/115975441975825759","error":""},"_links":{"self":[{"href":"https:\/\/www.europesays.com\/fr\/wp-json\/wp\/v2\/posts\/696143","targetHints":{"allow":["GET"]}}],"collection":[{"href":"https:\/\/www.europesays.com\/fr\/wp-json\/wp\/v2\/posts"}],"about":[{"href":"https:\/\/www.europesays.com\/fr\/wp-json\/wp\/v2\/types\/post"}],"author":[{"embeddable":true,"href":"https:\/\/www.europesays.com\/fr\/wp-json\/wp\/v2\/users\/2"}],"replies":[{"embeddable":true,"href":"https:\/\/www.europesays.com\/fr\/wp-json\/wp\/v2\/comments?post=696143"}],"version-history":[{"count":0,"href":"https:\/\/www.europesays.com\/fr\/wp-json\/wp\/v2\/posts\/696143\/revisions"}],"wp:featuredmedia":[{"embeddable":true,"href":"https:\/\/www.europesays.com\/fr\/wp-json\/wp\/v2\/media\/696144"}],"wp:attachment":[{"href":"https:\/\/www.europesays.com\/fr\/wp-json\/wp\/v2\/media?parent=696143"}],"wp:term":[{"taxonomy":"category","embeddable":true,"href":"https:\/\/www.europesays.com\/fr\/wp-json\/wp\/v2\/categories?post=696143"},{"taxonomy":"post_tag","embeddable":true,"href":"https:\/\/www.europesays.com\/fr\/wp-json\/wp\/v2\/tags?post=696143"}],"curies":[{"name":"wp","href":"https:\/\/api.w.org\/{rel}","templated":true}]}}