{"id":696194,"date":"2026-01-29T00:33:13","date_gmt":"2026-01-29T00:33:13","guid":{"rendered":"https:\/\/www.europesays.com\/fr\/696194\/"},"modified":"2026-01-29T00:33:13","modified_gmt":"2026-01-29T00:33:13","slug":"pas-forcement-evident-hinaupoko-deveze-cette-raison-pour-laquelle-elle-est-pressee-den-finir-avec-miss-france","status":"publish","type":"post","link":"https:\/\/www.europesays.com\/fr\/696194\/","title":{"rendered":"\u00ab\u00a0Pas forc\u00e9ment \u00e9vident\u00a0\u00bb : Hinaupoko Deveze, cette raison pour laquelle elle est press\u00e9e d\u2019en finir avec Miss France"},"content":{"rendered":"<p>Depuis sa victoire le 6 d\u00e9cembre 2025, <a href=\"https:\/\/www.public.fr\/tag\/hinaupoko-deveze\" target=\"_blank\" rel=\"noopener\">Hinaupoko Dev\u00e8ze<\/a>, \u00e9lue <a href=\"https:\/\/www.public.fr\/tag\/miss-france\" target=\"_blank\" rel=\"noopener\">Miss France<\/a> 2026, a totalement chang\u00e9 de vie. <strong>Rythme de vie effr\u00e9n\u00e9, interviews qui s\u2019encha\u00eenent<\/strong>, et voyages presque chaque semaine, elle vit une p\u00e9riode tr\u00e8s intense et doit faire face \u00e0 une nouvelle exposition m\u00e9diatique qui a rapidement transform\u00e9 sa vie quotidienne.<\/p>\n<p>Couronn\u00e9e au Z\u00e9nith d\u2019Amiens,<a href=\"https:\/\/www.public.fr\/hinaupoko-deveze-son-look-masculin-pour-son-premier-retour-en-polynesie-depuis-le-sacre-de-miss-france\" target=\"_blank\" rel=\"noopener\"> la jeune femme de 23 ans originaire de Tahiti<\/a> a exprim\u00e9 \u00e0 la fois sa joie, sa gratitude et les \u00e9motions intenses qui accompagnent son nouveau r\u00f4le de reine de beaut\u00e9. Si elle a savour\u00e9 les premiers jours de r\u00e8gne, entre interviews et \u00e9v\u00e9nements, <strong>certains aspects de cette nouvelle vie semblent d\u00e9j\u00e0 peser lourdement <\/strong>sur elle et sur ceux qui l\u2019entourent. <\/p>\n<p>Notamment l\u2019\u00e9loignement de sa famille, situ\u00e9e \u00e0 l\u2019autre bout du monde. Apr\u00e8s plusieurs semaines de tourn\u00e9es et de rencontres, elle laisse transpara\u00eetre cette r\u00e9alit\u00e9 : un r\u00e8gne, aussi honorifique soit-il, n\u2019est <strong>pas forc\u00e9ment \u00e9vident<\/strong> \u00e0 vivre au quotidien.<\/p>\n<p>Un rythme effr\u00e9n\u00e9 pour Hinaupoko Dev\u00e8ze\u00a0<\/p>\n<p>\u00catre Miss France, c\u2019est aussi accepter de mettre sa vie personnelle entre parenth\u00e8ses. Depuis son sacre, Hinaupoko Dev\u00e8ze sillonne la France et l\u2019outre-mer, r\u00e9pondant aux nombreuses sollicitations li\u00e9es \u00e0 son titre. Interviews, \u00e9v\u00e9nements caritatifs, c\u00e9r\u00e9monies officielles, s\u00e9ances photo\u2026 le planning est millim\u00e9tr\u00e9 et laisse peu de place \u00e0 l\u2019improvisation et surtout, au temps libre pour retrouver les siens.<\/p>\n<p>Si la Polyn\u00e9sienne mesure la chance qui lui est offerte, elle reconna\u00eet que ce rythme soutenu n\u2019est \u00ab\u00a0pas forc\u00e9ment \u00e9vident\u00a0\u00bb \u00e0 tenir sur la dur\u00e9e. Loin de son \u00eele natale, elle doit composer avec l\u2019\u00e9loignement de sa famille, de ses rep\u00e8res et de son quotidien d\u2019avant. Un sacrifice qu\u2019elle accepte par devoir, mais qui p\u00e8se parfois lourd sur le moral.<\/p>\n<p>Une ann\u00e9e aussi prestigieuse qu\u2019\u00e9prouvante<\/p>\n<p>Le lundi 27 janvier 2025, elle a par exemple pu retrouver les siens \u00e0 Papeete en Polyn\u00e9sie. Nos confr\u00e8res de <a href=\"https:\/\/www.programme-tv.net\/news\/evenement\/miss-france-miss-france\/396674-hinaupoko-deveze-miss-france-2026-en-larmes-lors-de-ses-retrouvailles-avec-sa-famille-a-tahiti-merci-de-m-avoir-portee-photos\/\" target=\"_blank\" rel=\"noopener\">T\u00e9l\u00e9-Loisirs<\/a>, pr\u00e9sents sur place, indiquent qu\u2019Hinaupoko Dev\u00e8ze a eu beaucoup de mal \u00e0 retenir son \u00e9motion. \u00ab\u00a0Je n&rsquo;ai pas encore dit bonjour \u00e0 tout le monde que je pleure d\u00e9j\u00e0.\u00a0Merci de m&rsquo;avoir port\u00e9e, chacun ici a apport\u00e9 sa pierre \u00e0 l&rsquo;\u00e9difice. J&rsquo;ai si h\u00e2te de vous serrer dans mes bras\u2026\u00a0\u00bb, lance-t-elle apr\u00e8s son premier bain de foule et en versant quelques larmes.\u00a0<\/p>\n<p>Par la suite, Miss France 2026 a eu la chance de retrouver de nombreux proches dans un cadre priv\u00e9. Lors de ce moment, la reine de beaut\u00e9 a eu droit \u00e0 une chanson \u00e0 son honneur, interpr\u00e9t\u00e9e par Rataro et Kauana, avec un titre simple mais choisi pour l\u2019occasion :\u00a0Hinaupoko. \u00ab\u00a0C&rsquo;est magnifique, quel honneur vous me faites !\u00a0\u00bb, les remercie-t-elle. Au cours d\u2019une conf\u00e9rence de presse, Hinaupoko Dev\u00e8ze avait \u00e9voqu\u00e9 l\u2019\u00e9loignement avec sa famille et \u00e0 quel point cet \u00e9loignement pes\u00e9 sur son moral : \u00ab\u00a0Ma famille et mes amis savent dans quoi je me suis engag\u00e9e.\u00a0<strong>Ce n&rsquo;est pas forc\u00e9ment \u00e9vident avec, en plus, la distance et le d\u00e9calage horaire<\/strong>, mais cela ne dure qu&rsquo;un an. Je les ai pr\u00e9par\u00e9s \u00e0 cela et ils me soutiennent\u00a0\u00bb.<\/p>\n<p>\u00c0 plusieurs reprises, la jeune femme a confi\u00e9 combien le soutien de ses proches \u00e9tait essentiel pour tenir. Les retrouvailles r\u00e9centes avec sa famille \u00e0 Tahiti, charg\u00e9es en \u00e9motion, ont d\u2019ailleurs rappel\u00e9 \u00e0 quel point les liens familiaux ont une grande importante pour elle. Derri\u00e8re le sourire de Miss France, il y a aussi une jeune femme qui doit apprendre \u00e0 g\u00e9rer la pression et la fatigue.<\/p>\n<p>\n          Hits &amp; People en continu\n        <\/p>\n<p>\n          Public Radio\n        <\/p>\n<p>      Mentionn\u00e9s dans cet article<\/p>\n<p>      Sur le m\u00eame sujet<\/p>\n","protected":false},"excerpt":{"rendered":"Depuis sa victoire le 6 d\u00e9cembre 2025, Hinaupoko Dev\u00e8ze, \u00e9lue Miss France 2026, a totalement chang\u00e9 de vie.&hellip;\n","protected":false},"author":2,"featured_media":696195,"comment_status":"","ping_status":"","sticky":false,"template":"","format":"standard","meta":{"footnotes":""},"categories":[1359],"tags":[58,59,1011,27,70396,3034,973],"class_list":{"0":"post-696194","1":"post","2":"type-post","3":"status-publish","4":"format-standard","5":"has-post-thumbnail","7":"category-people","8":"tag-divertissement","9":"tag-entertainment","10":"tag-fr","11":"tag-france","12":"tag-hinaupoko-deveze","13":"tag-miss-france","14":"tag-people"},"share_on_mastodon":{"url":"https:\/\/pubeurope.com\/@fr\/115975579545930815","error":""},"_links":{"self":[{"href":"https:\/\/www.europesays.com\/fr\/wp-json\/wp\/v2\/posts\/696194","targetHints":{"allow":["GET"]}}],"collection":[{"href":"https:\/\/www.europesays.com\/fr\/wp-json\/wp\/v2\/posts"}],"about":[{"href":"https:\/\/www.europesays.com\/fr\/wp-json\/wp\/v2\/types\/post"}],"author":[{"embeddable":true,"href":"https:\/\/www.europesays.com\/fr\/wp-json\/wp\/v2\/users\/2"}],"replies":[{"embeddable":true,"href":"https:\/\/www.europesays.com\/fr\/wp-json\/wp\/v2\/comments?post=696194"}],"version-history":[{"count":0,"href":"https:\/\/www.europesays.com\/fr\/wp-json\/wp\/v2\/posts\/696194\/revisions"}],"wp:featuredmedia":[{"embeddable":true,"href":"https:\/\/www.europesays.com\/fr\/wp-json\/wp\/v2\/media\/696195"}],"wp:attachment":[{"href":"https:\/\/www.europesays.com\/fr\/wp-json\/wp\/v2\/media?parent=696194"}],"wp:term":[{"taxonomy":"category","embeddable":true,"href":"https:\/\/www.europesays.com\/fr\/wp-json\/wp\/v2\/categories?post=696194"},{"taxonomy":"post_tag","embeddable":true,"href":"https:\/\/www.europesays.com\/fr\/wp-json\/wp\/v2\/tags?post=696194"}],"curies":[{"name":"wp","href":"https:\/\/api.w.org\/{rel}","templated":true}]}}