{"id":696224,"date":"2026-01-29T00:49:18","date_gmt":"2026-01-29T00:49:18","guid":{"rendered":"https:\/\/www.europesays.com\/fr\/696224\/"},"modified":"2026-01-29T00:49:18","modified_gmt":"2026-01-29T00:49:18","slug":"meurthe-et-moselle-a-nancy-le-chant-des-forets-a-ete-le-plus-gros-succes-de-2025-au-cameo","status":"publish","type":"post","link":"https:\/\/www.europesays.com\/fr\/696224\/","title":{"rendered":"Meurthe-et-Moselle. \u00c0 Nancy, Le Chant des for\u00eats a \u00e9t\u00e9 le plus gros succ\u00e8s de 2025 au Cam\u00e9o"},"content":{"rendered":"<p>\u00c0 Nancy, au cin\u00e9ma Cam\u00e9o,  Le Chant des For\u00eats , a d\u00e9pass\u00e9 le cap des 10\u00a0000 spectateurs ce dimanche 25\u00a0janvier. Sorti le 17\u00a0d\u00e9cembre 2025, le documentaire r\u00e9alis\u00e9 par le Vosgien Vincent Munier avait permis au Cam\u00e9o d\u2019\u00eatre class\u00e9 premier cin\u00e9ma de France en termes d\u2019entr\u00e9es sur la premi\u00e8re semaine.<\/p>\n<p>\u00ab\u00a0C\u2019est assez incroyable\u00a0\u00bb, constate Charline Tabaraud, cog\u00e9rante des cin\u00e9mas Cam\u00e9o Saint-S\u00e9bastien et Cam\u00e9o Commanderie. \u00ab\u00a0Le film, qui restera \u00e0 l\u2019affiche jusqu\u2019\u00e0 la c\u00e9r\u00e9monie des C\u00e9sars pr\u00e9vue le 26\u00a0f\u00e9vrier prochain, est le plus gros succ\u00e8s de l\u2019ann\u00e9e 2026 au Cam\u00e9o. C\u2019\u00e9tait la sortie id\u00e9ale de fin d\u2019ann\u00e9e, car ce film contemplatif, sinc\u00e8re, qui c\u00e9l\u00e8bre la nature et la beaut\u00e9 animale dans notre r\u00e9gion, s\u2019adresse \u00e0 un large public multig\u00e9n\u00e9rationnel.\u00a0\u00bb<\/p>\n<p>Les trois s\u00e9ances programm\u00e9es en avant-premi\u00e8re, le 26\u00a0novembre 2025 au Cam\u00e9o, en pr\u00e9sence de Vincent Munier, de son p\u00e8re, Michel, et de son fils, Simon, avaient fait salle comble, en suscitant un engouement rarement vu pour un documentaire. \u00ab\u00a0Au niveau national, le film va d\u00e9passer le million de spectateurs, reprend Charline Tabaraud. Honn\u00eatement, personne ne s\u2019attendait \u00e0 un tel succ\u00e8s, c\u2019est formidable\u00a0!\u00a0\u00bb<\/p>\n<p>Au Cam\u00e9o, en 2025, Le Chant des for\u00eats devance d\u00e9j\u00e0 Connemara , adapt\u00e9 du roman de <a href=\"https:\/\/www.vosgesmatin.fr\/p\/nicolas-mathieu\" target=\"_blank\" rel=\"noopener\">Nicolas Mathieu<\/a>, qui arrive en deuxi\u00e8me position avec pr\u00e8s de 4\u00a0000 entr\u00e9es. Les Nanc\u00e9iens semblent d\u00e9cid\u00e9ment tr\u00e8s sensibles aux films r\u00e9gionalistes et \u00e0 la beaut\u00e9 des Vosges, leur bouff\u00e9e d\u2019oxyg\u00e8ne.<\/p>\n","protected":false},"excerpt":{"rendered":"\u00c0 Nancy, au cin\u00e9ma Cam\u00e9o, Le Chant des For\u00eats , a d\u00e9pass\u00e9 le cap des 10\u00a0000 spectateurs ce&hellip;\n","protected":false},"author":2,"featured_media":695627,"comment_status":"","ping_status":"","sticky":false,"template":"","format":"standard","meta":{"footnotes":""},"categories":[9635],"tags":[1111,11,650,1687,1796,1798,2878,1777,674,107,1011,27,775,1702,12,25,79156,774],"class_list":{"0":"post-696224","1":"post","2":"type-post","3":"status-publish","4":"format-standard","5":"has-post-thumbnail","7":"category-nancy","8":"tag-actu","9":"tag-actualites","10":"tag-cinema","11":"tag-culture-loisirs","12":"tag-edition-epinal","13":"tag-edition-remiremont-gerardmer","14":"tag-encadre","15":"tag-eu","16":"tag-europe","17":"tag-fil-info","18":"tag-fr","19":"tag-france","20":"tag-grand-est","21":"tag-nancy","22":"tag-news","23":"tag-republique-francaise","24":"tag-vagney","25":"tag-vosges"},"share_on_mastodon":{"url":"https:\/\/pubeurope.com\/@fr\/115975642410728130","error":""},"_links":{"self":[{"href":"https:\/\/www.europesays.com\/fr\/wp-json\/wp\/v2\/posts\/696224","targetHints":{"allow":["GET"]}}],"collection":[{"href":"https:\/\/www.europesays.com\/fr\/wp-json\/wp\/v2\/posts"}],"about":[{"href":"https:\/\/www.europesays.com\/fr\/wp-json\/wp\/v2\/types\/post"}],"author":[{"embeddable":true,"href":"https:\/\/www.europesays.com\/fr\/wp-json\/wp\/v2\/users\/2"}],"replies":[{"embeddable":true,"href":"https:\/\/www.europesays.com\/fr\/wp-json\/wp\/v2\/comments?post=696224"}],"version-history":[{"count":0,"href":"https:\/\/www.europesays.com\/fr\/wp-json\/wp\/v2\/posts\/696224\/revisions"}],"wp:featuredmedia":[{"embeddable":true,"href":"https:\/\/www.europesays.com\/fr\/wp-json\/wp\/v2\/media\/695627"}],"wp:attachment":[{"href":"https:\/\/www.europesays.com\/fr\/wp-json\/wp\/v2\/media?parent=696224"}],"wp:term":[{"taxonomy":"category","embeddable":true,"href":"https:\/\/www.europesays.com\/fr\/wp-json\/wp\/v2\/categories?post=696224"},{"taxonomy":"post_tag","embeddable":true,"href":"https:\/\/www.europesays.com\/fr\/wp-json\/wp\/v2\/tags?post=696224"}],"curies":[{"name":"wp","href":"https:\/\/api.w.org\/{rel}","templated":true}]}}