{"id":696234,"date":"2026-01-29T00:58:11","date_gmt":"2026-01-29T00:58:11","guid":{"rendered":"https:\/\/www.europesays.com\/fr\/696234\/"},"modified":"2026-01-29T00:58:11","modified_gmt":"2026-01-29T00:58:11","slug":"grenoble-une-visite-guidee-de-lexposition-francois-kollar-le-dimanche-1er-fevrier","status":"publish","type":"post","link":"https:\/\/www.europesays.com\/fr\/696234\/","title":{"rendered":"Grenoble. Une visite guid\u00e9e de l\u2019exposition Fran\u00e7ois Kollar le dimanche 1er \u00a0f\u00e9vrier"},"content":{"rendered":"<p>En 1931, les \u00e9ditions Horizons de France confient \u00e0 Fran\u00e7ois Kollar (1904-1979), photographe slovaque install\u00e9 \u00e0 Paris, une commande sur le monde du travail, alors que la France conna\u00eet une v\u00e9ritable mutation sociale, \u00e9conomique et industrielle. Il sillonne les routes du pays, r\u00e9alisant plus de 10\u00a0000 clich\u00e9s, dont 2\u00a0000 sont r\u00e9unis dans 15 fascicules appel\u00e9s La France travaille. C\u2019est cet univers que Kollar met en lumi\u00e8re\u00a0: celui des femmes et des hommes de la terre, de l\u2019usine, de l\u2019atelier, de la mine, du rail, de la mer&#8230; \u00c0 d\u00e9couvrir le dimanche 1er \u00a0f\u00e9vrier au mus\u00e9e de l\u2019Ancien \u00c9v\u00each\u00e9 \u00e0 Grenoble.<\/p>\n<p class=\"note\">Dimanche 1er \u00a0f\u00e9vrier de 16\u00a0h \u00e0 17\u00a0h, au mus\u00e9e de l\u2019Ancien \u00c9v\u00each\u00e9. Gratuit. Sur inscription au 04\u00a076\u00a003\u00a015\u00a025.<\/p>\n","protected":false},"excerpt":{"rendered":"En 1931, les \u00e9ditions Horizons de France confient \u00e0 Fran\u00e7ois Kollar (1904-1979), photographe slovaque install\u00e9 \u00e0 Paris, une&hellip;\n","protected":false},"author":2,"featured_media":696235,"comment_status":"","ping_status":"","sticky":false,"template":"","format":"standard","meta":{"footnotes":""},"categories":[9566],"tags":[1111,11,2430,1687,112,1777,674,1011,27,2731,2732,108,12,25,3140],"class_list":{"0":"post-696234","1":"post","2":"type-post","3":"status-publish","4":"format-standard","5":"has-post-thumbnail","7":"category-grenoble","8":"tag-actu","9":"tag-actualites","10":"tag-auvergne-rhone-alpes","11":"tag-culture-loisirs","12":"tag-edition-grenoble-agglomeration","13":"tag-eu","14":"tag-europe","15":"tag-fr","16":"tag-france","17":"tag-grenoble","18":"tag-grenoble-bassin","19":"tag-isere","20":"tag-news","21":"tag-republique-francaise","22":"tag-spectacle"},"share_on_mastodon":{"url":"https:\/\/pubeurope.com\/@fr\/115975677832929461","error":""},"_links":{"self":[{"href":"https:\/\/www.europesays.com\/fr\/wp-json\/wp\/v2\/posts\/696234","targetHints":{"allow":["GET"]}}],"collection":[{"href":"https:\/\/www.europesays.com\/fr\/wp-json\/wp\/v2\/posts"}],"about":[{"href":"https:\/\/www.europesays.com\/fr\/wp-json\/wp\/v2\/types\/post"}],"author":[{"embeddable":true,"href":"https:\/\/www.europesays.com\/fr\/wp-json\/wp\/v2\/users\/2"}],"replies":[{"embeddable":true,"href":"https:\/\/www.europesays.com\/fr\/wp-json\/wp\/v2\/comments?post=696234"}],"version-history":[{"count":0,"href":"https:\/\/www.europesays.com\/fr\/wp-json\/wp\/v2\/posts\/696234\/revisions"}],"wp:featuredmedia":[{"embeddable":true,"href":"https:\/\/www.europesays.com\/fr\/wp-json\/wp\/v2\/media\/696235"}],"wp:attachment":[{"href":"https:\/\/www.europesays.com\/fr\/wp-json\/wp\/v2\/media?parent=696234"}],"wp:term":[{"taxonomy":"category","embeddable":true,"href":"https:\/\/www.europesays.com\/fr\/wp-json\/wp\/v2\/categories?post=696234"},{"taxonomy":"post_tag","embeddable":true,"href":"https:\/\/www.europesays.com\/fr\/wp-json\/wp\/v2\/tags?post=696234"}],"curies":[{"name":"wp","href":"https:\/\/api.w.org\/{rel}","templated":true}]}}