{"id":696260,"date":"2026-01-29T01:16:12","date_gmt":"2026-01-29T01:16:12","guid":{"rendered":"https:\/\/www.europesays.com\/fr\/696260\/"},"modified":"2026-01-29T01:16:12","modified_gmt":"2026-01-29T01:16:12","slug":"dix-ans-de-prison-requis-contre-karim-harrat-pour-un-trafic-international-de-drogue","status":"publish","type":"post","link":"https:\/\/www.europesays.com\/fr\/696260\/","title":{"rendered":"dix ans de prison requis contre Karim Harrat pour un trafic international de drogue"},"content":{"rendered":"<p>Au-del\u00e0 de la prouesse technologique qui a permis de venir \u00e0 bout d\u2019un cryptage dit inviolable, le \u00ab\u00a0craquage\u00a0\u00bb par des policiers europ\u00e9ens, en\u00a02021, de la messagerie <a href=\"https:\/\/www.laprovence.com\/article\/faits-divers-justice\/2838120093583414\/messagerie-cryptee-des-narcotrafiquants-les-assises-speciales-pour-28-personnes\" target=\"_blank\" rel=\"noopener\">Sky ECC<\/a>, a eu ceci d\u2019instructif que les \u00e9changes d\u00e9couverts sur cette messagerie, r\u00e9put\u00e9e \u00ab\u00a0la plus s\u00fbre du monde\u00a0\u00bb, ont \u00ab\u00a0permis une plong\u00e9e <a href=\"https:\/\/www.laprovence.com\/article\/ecoplanete\/1104404360517314\/abysses-a-thin-line-ces-series-tele-qui-semparent-de-lurgence-climatique\" target=\"_blank\" rel=\"noopener\">abyssale<\/a> dans les arcanes de la criminalit\u00e9\u00a0\u00bb.<\/p>\n<p>\u00ab\u00a0Nous sommes tous des professionnels de la d\u00e9linquance\u00a0\u00bb<\/p>\n<p>Dans la salle d\u2019audience du tribunal correctionnel de Marseille, o\u00f9 sont jug\u00e9s depuis lundi <a href=\"https:\/\/www.laprovence.com\/article\/faits-divers-justice\/6643885746430414\/narcotrafic-un-baron-marseillais-juge-avoir-gere-par-la-terreur-un-trafic-de-cocaine-et-de-cannabis\" target=\"_blank\" rel=\"noopener\">Karim Harrat<\/a>, consid\u00e9r\u00e9 comme l\u2019un des plus importants narcotrafiquants fran\u00e7ais, et trois cadres pr\u00e9sum\u00e9s d\u2019un trafic international de drogue, la repr\u00e9sentante du parquet ne d\u00e9couvre pas les contraintes et autres soucis logistiques qui pr\u00e9sident \u00e0 toute entreprise, y compris lorsqu\u2019elle est criminelle\u00a0: \u00ab\u00a0Ici, nous sommes tous des professionnels de la d\u00e9linquance, m\u00eame les pr\u00e9venus.\u00a0\u00bb Mais du c\u00f4t\u00e9 des enqu\u00eateurs comme de la justice, on s\u2019\u00e9tait \u00ab\u00a0r\u00e9sign\u00e9 \u00e0 intercepter des messages de plus en plus cod\u00e9s\u00a0\u00bb.<\/p>\n<p>Telle une <a href=\"https:\/\/www.laprovence.com\/article\/papier\/5035457\/mais-qui-donc-a-cree-marseille.html\" target=\"_blank\" rel=\"noopener\">pierre de Rosette<\/a>, <a href=\"https:\/\/www.laprovence.com\/article\/economie\/6216780188553714\/voici-comment-la-nouvelle-cybermenace-s-attaque-directement-aux-cerveaux-plus-qu-aux-systemes\" target=\"_blank\" rel=\"noopener\">hacker<\/a> Sky ECC, sur laquelle les pr\u00e9venus \u00ab\u00a0se sont sentis libres de parler en clair, ce que nous n\u2019esp\u00e9rions plus depuis un certain nombre d\u2019ann\u00e9es\u00a0\u00bb, berc\u00e9s sans doute par \u00ab\u00a0un r\u00eave de clandestinit\u00e9\u00a0\u00bb, a permis de d\u00e9chiffrer tout \u00ab\u00a0ce qu\u2019on soup\u00e7onnait\u00a0\u00bb. Et la magistrate de d\u00e9rouler les deux pans de son r\u00e9quisitoire\u00a0: la structure du trafic &#8211; r\u00e9v\u00e9l\u00e9e gr\u00e2ce aux \u00e9changes sur la <a href=\"https:\/\/www.laprovence.com\/article\/faits-divers-justice\/2838120093583414\/messagerie-cryptee-des-narcotrafiquants-les-assises-speciales-pour-28-personnes\" target=\"_blank\" rel=\"noopener\">messagerie crypt\u00e9e<\/a> &#8211; et la m\u00e9galomanie de son d\u00e9miurge qu\u2019elle d\u00e9signe sans ambages comme \u00e9tant Karim Harrat, quand bien m\u00eame le Marseillais de 37\u00a0ans nie avec vigueur tous les faits qu\u2019on lui reproche, et jusqu\u2019au surnom du \u00ab\u00a0Rant\u00a0\u00bb (pour <a href=\"https:\/\/www.laprovence.com\/article\/faits-divers-justice\/6561980\/un-caid-de-la-paternelle-interpelle-au-maroc.html\" target=\"_blank\" rel=\"noopener\">Rantanplan<\/a>, le berger allemand de la bande dessin\u00e9e Lucky Luke, NDLR).<\/p>\n<p>\u00ab\u00a0Il est le chef de cette organisation mafieuse\u00a0\u00bb<\/p>\n<p>Outre que ce surnom va fort mal \u00e0 l\u2019homme assis derri\u00e8re le box vitr\u00e9 des pr\u00e9venus, \u00e9galement poursuivi dans quatre affaires d\u2019homicides qui lui vaudront de compara\u00eetre bient\u00f4t devant des cours d\u2019assises &#8211; des assassinats qu\u2019il conteste et pour lesquels il reste pr\u00e9sum\u00e9 innocent &#8211; revendiquer le sobriquet serait, selon la procureure, un aveu\u00a0: \u00ab\u00a0Le surnom du Rant le rallie \u00e0 toutes les autres proc\u00e9dures. S\u2019il reconna\u00eet qu\u2019il est le Rant, il y a des enjeux encore plus importants, des \u00e9ch\u00e9ances lourdes\u00a0\u00bb, ass\u00e8ne la magistrate, faisant allusion aux 80\u00a0ans de prison que <a href=\"https:\/\/www.laprovence.com\/article\/faits-divers-justice\/1747291810777716\/le-marseillais-karim-harrat-dit-le-rent-a-ete-extrade-par-le-maroc\" target=\"_blank\" rel=\"noopener\">Karim Harrat <\/a>s\u2019est \u00e9mu de risquer la veille, \u00e0 la barre. \u00ab\u00a0Mais il nie une \u00e9vidence tant les \u00e9l\u00e9ments apport\u00e9s attestent incontestablement l\u2019attribution de ces t\u00e9l\u00e9phones [\u2026] il est le Rant, il est le chef de cette organisation mafieuse parfaitement hi\u00e9rarchis\u00e9e, pilot\u00e9e depuis l\u2019\u00e9tranger\u00a0\u00bb, tranche-t-elle.<\/p>\n<p>Sur Sky ECC, \u00e9num\u00e8re la magistrate, \u00ab\u00a0parce qu\u2019on se sent \u00e0 l\u2019abri de toute interception, c\u2019est sans fard qu\u2019on passe des ordres, g\u00e8re les commandes et les moyens de les acheminer, qu\u2019on recrute, menace d\u2019\u00e9liminer ceux qui trahissent, manquent \u00e0 leur devoir ou parlent trop, qu\u2019on trouve les moyens de continuer \u00e0 faire tourner le business malgr\u00e9 le <a href=\"https:\/\/www.laprovence.com\/article\/edition-marseille\/5944446\/le-covid-19-met-la-fievre-aux-reseaux-de-stups.html\" target=\"_blank\" rel=\"noopener\">coronavirus<\/a>, qu\u2019on s\u2019assure du silence des uns, qu\u2019on donne le go pour \u00e9liminer les autres\u00a0\u00bb. Et la parqueti\u00e8re de faire mine de s\u2019interroger\u00a0: \u00ab\u00a0Pourquoi se donner ce mal, ce stress quotidien\u00a0? Pour l\u2019argent\u00a0! Et pour l\u2019aura. Il faut montrer qu\u2019on est le plus grand, le plus fort, qu\u2019on tient la ville de Marseille\u00a0\u00bb.<\/p>\n<p><strong>\u00ab\u00a0Ce dossier est une mauvaise compilation de proc\u00e9dures\u00a0\u00bb<\/strong><\/p>\n<p>Jetant un coup d\u2019\u0153il sur les retranscriptions qu\u2019elle conna\u00eet par c\u0153ur, la magistrate cite des messages qu\u2019elle attribue \u00e0 Karim Harrat\u00a0: \u00ab\u00a0Elle (Marseille, NDLR) m\u2019appartient. Personne ne peut m\u2019arr\u00eater. Je veux tout le monde au garde \u00e0 vous, m\u00eame le <a href=\"https:\/\/www.laprovence.com\/article\/faits-divers-justice\/1423468354384614\/un-reseau-de-trafic-de-drogue-demantele-dans-les-quartiers-sud-de-marseille-pilote-depuis-la-castellane\" target=\"_blank\" rel=\"noopener\">g\u00e9rant<\/a>\u00ab\u00a0.<\/p>\n<p>\u00ab\u00a0Dans ce dossier, c\u2019est la folie des grandeurs qui a transpir\u00e9 tout le long\u00a0\u00bb, estime-t-elle, en relevant\u00a0\u00ab\u00a0les quantit\u00e9s pl\u00e9thoriques de cannabis et de coca\u00efne\u00a0\u00bb ventil\u00e9es sur Marseille et la r\u00e9gion <a href=\"https:\/\/www.laprovence.com\/article\/faits-divers-justice\/3419675020006214\/trafic-de-drogue-quand-les-narcos-marseillais-principalement-de-la-dz-mafia-sinstallent-a-nice\" target=\"_blank\" rel=\"noopener\">ni\u00e7oise<\/a>, l\u2019absence de justificatifs susceptibles d\u2019expliquer le train de vie de Karim Harrat qui s\u2019\u00e9tait exil\u00e9 un temps \u00ab\u00a0\u00e0 <a href=\"https:\/\/www.laprovence.com\/article\/france-monde\/344462386370614\/dubai-jusqua-quand-une-oasis-pour-les-narcos-europeens\" target=\"_blank\" rel=\"noopener\">Duba\u00ef<\/a>\u00a0\u00bb avant son extradition du Maroc en\u00a02023, et l\u2019accumulation d\u2019\u00e9l\u00e9ments qui, \u00ab\u00a0mis ensemble, ne peuvent constituer une co\u00efncidence\u00a0\u00bb.<\/p>\n<p>La peine maximale de 10\u00a0ans de prison avec une mesure de s\u00fbret\u00e9 des deux tiers et une amende de 500\u00a0000\u00a0euros ont \u00e9t\u00e9 requises contre Karim Harrat. Le parquet a requis sept ans de prison contre trois autres pr\u00e9venus, cadres de l\u2019organisation, interlocuteurs et relais marseillais de Karim Harrat, dont l\u2019un avait introduit sur la place marseillaise la technologie Sky ECC aupr\u00e8s des narcotrafiquants.<\/p>\n<p>\u00ab\u00a0Une mauvaise compilation de proc\u00e9dures\u00a0\u00bb<\/p>\n<p>\u00c0 leur tour, ses trois d\u00e9fenseurs ont r\u00e9clam\u00e9 la relaxe de Karim Harrat, qui s\u2019\u00e9tait d\u00e9crit mardi comme un simple \u00ab\u00a0voleur de cartes bleues\u00a0\u00bb, victime de la \u00ab\u00a0propagande de &lsquo;Tatoo'\u00a0\u00bb, un ancien trafiquant qui l\u2019a d\u00e9nonc\u00e9 devant les magistrats, \u00ab\u00a0et des journalistes qui l\u2019ont reprise\u00a0\u00bb. \u00ab\u00a0Il est scandaleux d\u2019accoler les surnoms du Rant ou du Rant 2\u00a0\u00a0\u00bb \u00e0 leur client sur la base de \u00ab\u00a0rumeurs\u00a0\u00bb et de propos d\u2019un \u00ab\u00a0trafiquant qui, devant les juges, distribue les r\u00f4les et commente les assassinats \u00e0 Marseille\u00a0\u00bb, a ass\u00e9n\u00e9 Me <a href=\"https:\/\/www.laprovence.com\/article\/faits-divers-justice\/3578931043979815\/trafic-de-stupefiants-leurs-proces-verbaux-annules-deux-marseillais-recouvrent-leur-liberte\" target=\"_blank\" rel=\"noopener\">Philippe Jacquemin<\/a>. \u00ab\u00a0Ce dossier est une mauvaise compilation de proc\u00e9dures qui n\u2019ont pas encore \u00e9t\u00e9 jug\u00e9es, qui n\u2019ont pas fait leurs preuves, afin d\u2019attribuer \u00e0 Karim Harrat le pseudo du\u00a0\u2019Rant'\u00a0\u00bb, a d\u00e9plor\u00e9 Me Karim Morand-Lahouazi. Ou encore, \u00ab\u00a0un puzzle incomplet de l\u2019accusation avec des pi\u00e8ces qui ne s\u2019embo\u00eetent pas\u00a0\u00bb, selon Me Fabian Lahaie. Au sujet du surnom de \u00ab\u00a0Rant\u00a0\u00bb associ\u00e9 \u00e0 <a href=\"https:\/\/www.laprovence.com\/article\/faits-divers-justice\/3939745\/le-voleur-avait-economise-pour-indemniser-les-victimes.html\" target=\"_blank\" rel=\"noopener\">Karim Harrat<\/a>, \u00ab\u00a0la l\u00e9gende urbaine devenue l\u00e9gende m\u00e9diatique ne doit pas devenir une v\u00e9rit\u00e9 judiciaire\u00a0\u00bb, a insist\u00e9 celui-ci. Le jugement sera rendu ce jeudi 29\u00a0janvier \u00e0 11\u00a0h\u00a030, a annonc\u00e9 le pr\u00e9sident.<\/p>\n","protected":false},"excerpt":{"rendered":"Au-del\u00e0 de la prouesse technologique qui a permis de venir \u00e0 bout d\u2019un cryptage dit inviolable, le \u00ab\u00a0craquage\u00a0\u00bb&hellip;\n","protected":false},"author":2,"featured_media":696261,"comment_status":"","ping_status":"","sticky":false,"template":"","format":"standard","meta":{"footnotes":""},"categories":[2814],"tags":[5734,1111,11,1764,1444,7365,1777,674,274,1011,27,884,8721,12,806,882,25,13985],"class_list":{"0":"post-696260","1":"post","2":"type-post","3":"status-publish","4":"format-standard","5":"has-post-thumbnail","7":"category-marseille","8":"tag-5734","9":"tag-actu","10":"tag-actualites","11":"tag-ans","12":"tag-contre","13":"tag-dix","14":"tag-eu","15":"tag-europe","16":"tag-faits-divers-justice","17":"tag-fr","18":"tag-france","19":"tag-marseille","20":"tag-narcotrafic","21":"tag-news","22":"tag-prison","23":"tag-provence-alpes-cote-dazur","24":"tag-republique-francaise","25":"tag-requis"},"share_on_mastodon":{"url":"https:\/\/pubeurope.com\/@fr\/115975748702129151","error":""},"_links":{"self":[{"href":"https:\/\/www.europesays.com\/fr\/wp-json\/wp\/v2\/posts\/696260","targetHints":{"allow":["GET"]}}],"collection":[{"href":"https:\/\/www.europesays.com\/fr\/wp-json\/wp\/v2\/posts"}],"about":[{"href":"https:\/\/www.europesays.com\/fr\/wp-json\/wp\/v2\/types\/post"}],"author":[{"embeddable":true,"href":"https:\/\/www.europesays.com\/fr\/wp-json\/wp\/v2\/users\/2"}],"replies":[{"embeddable":true,"href":"https:\/\/www.europesays.com\/fr\/wp-json\/wp\/v2\/comments?post=696260"}],"version-history":[{"count":0,"href":"https:\/\/www.europesays.com\/fr\/wp-json\/wp\/v2\/posts\/696260\/revisions"}],"wp:featuredmedia":[{"embeddable":true,"href":"https:\/\/www.europesays.com\/fr\/wp-json\/wp\/v2\/media\/696261"}],"wp:attachment":[{"href":"https:\/\/www.europesays.com\/fr\/wp-json\/wp\/v2\/media?parent=696260"}],"wp:term":[{"taxonomy":"category","embeddable":true,"href":"https:\/\/www.europesays.com\/fr\/wp-json\/wp\/v2\/categories?post=696260"},{"taxonomy":"post_tag","embeddable":true,"href":"https:\/\/www.europesays.com\/fr\/wp-json\/wp\/v2\/tags?post=696260"}],"curies":[{"name":"wp","href":"https:\/\/api.w.org\/{rel}","templated":true}]}}