{"id":696280,"date":"2026-01-29T01:27:11","date_gmt":"2026-01-29T01:27:11","guid":{"rendered":"https:\/\/www.europesays.com\/fr\/696280\/"},"modified":"2026-01-29T01:27:11","modified_gmt":"2026-01-29T01:27:11","slug":"une-nouvelle-attaque-aerienne-russe-fait-trois-morts-dans-la-region-de-zaporijjia","status":"publish","type":"post","link":"https:\/\/www.europesays.com\/fr\/696280\/","title":{"rendered":"une nouvelle attaque a\u00e9rienne russe fait trois morts dans la r\u00e9gion de Zaporijjia"},"content":{"rendered":"<p>\n    Les Russes m\u00e8nent des frappes de drone contre des quartiers r\u00e9sidentiels de Vilniansk, selon le gouverneur de la r\u00e9gion de ZaporijjiaIvan Fedorov.<\/p>\n<p class=\"fig-paragraph\">Des\u00a0<a href=\"http:\/\/www.lefigaro.fr\/international\/attaque-d-un-train-de-voyageurs-infrastructures-energetiques-au-moins-12-morts-dans-des-frappes-russes-en-ukraine-20260128\" target=\"_blank\" data-fig-type=\"NewsFlash\" rel=\"noopener\" data-gtm-custom-categorie=\"navigation\" data-gtm-custom-action=\"crossclick\" data-gtm-custom-label=\"Contextuel\" data-gtm-event=\"customEventSPE\" data-fig-domain=\"LEFIGARO\">frappes russes<\/a>\u00a0ont tu\u00e9 trois personnes dans la r\u00e9gion de Zaporijjia, dans le centre-est de l\u2019Ukraine, a annonc\u00e9 son gouverneur t\u00f4t jeudi.<\/p>\n<p class=\"fig-paragraph\">\u00abLes Russes ont men\u00e9 des frappes de drone contre des quartiers r\u00e9sidentiels de Vilniansk (&#8230;) Deux femmes et un homme ont \u00e9t\u00e9 tu\u00e9s, et un autre homme a \u00e9t\u00e9 bless\u00e9\u00bb, a partag\u00e9 Ivan Fedorov sur le r\u00e9seau social Telegram.<\/p>\n","protected":false},"excerpt":{"rendered":"Les Russes m\u00e8nent des frappes de drone contre des quartiers r\u00e9sidentiels de Vilniansk, selon le gouverneur de la&hellip;\n","protected":false},"author":2,"featured_media":696282,"comment_status":"","ping_status":"","sticky":false,"template":"","format":"standard","meta":{"footnotes":""},"categories":[1590],"tags":[11,1777,674,131,12,220],"class_list":{"0":"post-696280","1":"post","2":"type-post","3":"status-publish","4":"format-standard","5":"has-post-thumbnail","7":"category-ukraine","8":"tag-actualites","9":"tag-eu","10":"tag-europe","11":"tag-guerre-en-ukraine","12":"tag-news","13":"tag-ukraine"},"share_on_mastodon":{"url":"","error":""},"_links":{"self":[{"href":"https:\/\/www.europesays.com\/fr\/wp-json\/wp\/v2\/posts\/696280","targetHints":{"allow":["GET"]}}],"collection":[{"href":"https:\/\/www.europesays.com\/fr\/wp-json\/wp\/v2\/posts"}],"about":[{"href":"https:\/\/www.europesays.com\/fr\/wp-json\/wp\/v2\/types\/post"}],"author":[{"embeddable":true,"href":"https:\/\/www.europesays.com\/fr\/wp-json\/wp\/v2\/users\/2"}],"replies":[{"embeddable":true,"href":"https:\/\/www.europesays.com\/fr\/wp-json\/wp\/v2\/comments?post=696280"}],"version-history":[{"count":0,"href":"https:\/\/www.europesays.com\/fr\/wp-json\/wp\/v2\/posts\/696280\/revisions"}],"wp:featuredmedia":[{"embeddable":true,"href":"https:\/\/www.europesays.com\/fr\/wp-json\/wp\/v2\/media\/696282"}],"wp:attachment":[{"href":"https:\/\/www.europesays.com\/fr\/wp-json\/wp\/v2\/media?parent=696280"}],"wp:term":[{"taxonomy":"category","embeddable":true,"href":"https:\/\/www.europesays.com\/fr\/wp-json\/wp\/v2\/categories?post=696280"},{"taxonomy":"post_tag","embeddable":true,"href":"https:\/\/www.europesays.com\/fr\/wp-json\/wp\/v2\/tags?post=696280"}],"curies":[{"name":"wp","href":"https:\/\/api.w.org\/{rel}","templated":true}]}}