{"id":696298,"date":"2026-01-29T01:39:24","date_gmt":"2026-01-29T01:39:24","guid":{"rendered":"https:\/\/www.europesays.com\/fr\/696298\/"},"modified":"2026-01-29T01:39:24","modified_gmt":"2026-01-29T01:39:24","slug":"le-breton-manuel-guinard-qualifie-pour-la-finale-de-lopen-daustralie-en-double-mixte","status":"publish","type":"post","link":"https:\/\/www.europesays.com\/fr\/696298\/","title":{"rendered":"Le Breton Manuel Guinard qualifi\u00e9 pour la finale de l\u2019Open d\u2019Australie en double mixte"},"content":{"rendered":"<p>Un Breton en finale d\u2019un tournoi du Grand Chelem ! Ce mercredi, le Malouin Manuel Guinard s\u2019est qualifi\u00e9, avec Kristina Mladenovic, pour la finale du tournoi de double mixte de l\u2019Open d\u2019Australie.<\/p>\n<p>Les deux Fran\u00e7ais, qui disputent leur premier tournoi ensemble, ont remport\u00e9 <a href=\"https:\/\/www.letelegramme.fr\/sports\/tennis\/le-breton-manuel-guinard-qualifie-pour-les-demi-finales-de-lopen-daustralie-en-double-mixte-6972750.php\" target=\"_blank\" rel=\"noopener\">leur demi-finale<\/a> face aux t\u00eates de s\u00e9rie n\u00b0 2, la Br\u00e9silienne Luisa Stefani et le Salvadorien Marcelo Arevalo. Apr\u00e8s avoir remport\u00e9 le premier set et perdu le second, le Breton (30 ans, n\u00b0 24 mondial en double messieurs) et la Nordiste (32 ans, n\u00b0 49 et ex-n\u00b0 1 en double dames) se sont impos\u00e9s au super-tie-break (6-2, 3-6, 10-7).<\/p>\n<p>Face aux tenants du titre australiens en finale<\/p>\n<p>Il s\u2019agira de la toute premi\u00e8re finale en Grand Chelem pour Manuel Guinard, mais de la 17e (!) pour Kristina Mladenovic, <a href=\"https:\/\/www.letelegramme.fr\/sports\/tennis\/la-francaise-mladenovic-sacree-en-double-feminin-a-roland-garros-160908.php\" target=\"_blank\" rel=\"noopener\">qui en a d\u00e9j\u00e0 disput\u00e9 onze en double dames<\/a> (pour six victoires) et cinq en double mixte (pour trois victoires).<\/p>\n<p>Pour tenter de remporter le tournoi, vendredi, la paire fran\u00e7aise devra sans doute faire sans l\u2019appui du public puisque ce sont deux Australiens qui lui feront face : Olivia Gadecki (23 ans, 64e en double dames) et John Peers (37 ans, 54e en double messieurs et ex-n\u00b02), qui sont les tenants du titre \u00e0 Melbourne. Peers est \u00e9galement champion olympique en titre du double messieurs.<\/p>\n","protected":false},"excerpt":{"rendered":"Un Breton en finale d\u2019un tournoi du Grand Chelem ! Ce mercredi, le Malouin Manuel Guinard s\u2019est qualifi\u00e9,&hellip;\n","protected":false},"author":2,"featured_media":696299,"comment_status":"","ping_status":"","sticky":false,"template":"","format":"standard","meta":{"footnotes":""},"categories":[1415],"tags":[11,765,3166,1011,27,3728,60,1467],"class_list":{"0":"post-696298","1":"post","2":"type-post","3":"status-publish","4":"format-standard","5":"has-post-thumbnail","7":"category-tennis","8":"tag-actualites","9":"tag-en-continu","10":"tag-en-continu-sports","11":"tag-fr","12":"tag-france","13":"tag-saint-malo","14":"tag-sports","15":"tag-tennis"},"share_on_mastodon":{"url":"https:\/\/pubeurope.com\/@fr\/115975838974317640","error":""},"_links":{"self":[{"href":"https:\/\/www.europesays.com\/fr\/wp-json\/wp\/v2\/posts\/696298","targetHints":{"allow":["GET"]}}],"collection":[{"href":"https:\/\/www.europesays.com\/fr\/wp-json\/wp\/v2\/posts"}],"about":[{"href":"https:\/\/www.europesays.com\/fr\/wp-json\/wp\/v2\/types\/post"}],"author":[{"embeddable":true,"href":"https:\/\/www.europesays.com\/fr\/wp-json\/wp\/v2\/users\/2"}],"replies":[{"embeddable":true,"href":"https:\/\/www.europesays.com\/fr\/wp-json\/wp\/v2\/comments?post=696298"}],"version-history":[{"count":0,"href":"https:\/\/www.europesays.com\/fr\/wp-json\/wp\/v2\/posts\/696298\/revisions"}],"wp:featuredmedia":[{"embeddable":true,"href":"https:\/\/www.europesays.com\/fr\/wp-json\/wp\/v2\/media\/696299"}],"wp:attachment":[{"href":"https:\/\/www.europesays.com\/fr\/wp-json\/wp\/v2\/media?parent=696298"}],"wp:term":[{"taxonomy":"category","embeddable":true,"href":"https:\/\/www.europesays.com\/fr\/wp-json\/wp\/v2\/categories?post=696298"},{"taxonomy":"post_tag","embeddable":true,"href":"https:\/\/www.europesays.com\/fr\/wp-json\/wp\/v2\/tags?post=696298"}],"curies":[{"name":"wp","href":"https:\/\/api.w.org\/{rel}","templated":true}]}}