{"id":696304,"date":"2026-01-29T01:45:08","date_gmt":"2026-01-29T01:45:08","guid":{"rendered":"https:\/\/www.europesays.com\/fr\/696304\/"},"modified":"2026-01-29T01:45:08","modified_gmt":"2026-01-29T01:45:08","slug":"nicki-minaj-se-rallie-a-donald-trump-ses-admirateurs-jettent-ses-disques-a-poubelle-liberation","status":"publish","type":"post","link":"https:\/\/www.europesays.com\/fr\/696304\/","title":{"rendered":"Nicki Minaj se rallie \u00e0 Donald Trump, ses admirateurs jettent ses disques \u00e0 poubelle &#8211; Lib\u00e9ration"},"content":{"rendered":"<ol>\n<li><a href=\"https:\/\/news.google.com\/rss\/articles\/CBMi_gFBVV95cUxOelhPTjYzTWhVb09GM3dNU0t1WDRCUUI3LUJXQVFTRDV2VnVOMVJ1ZGNMNmhORnZwVThTNWFRSWdINDRDZWRjYUpmcE5CdHVHSEZOOFpPN1UxNncyN2FwQlN2TDBsd21STmVodmRlRVlQVF9QTV9wRm5wM1BNeFRDM2ljRFpXT0VtYUZ1WVkzOTI4cGhlZzh1ZGR2OUJIRnBsbUJTUnIyUlh3U2JCRWVVWE8tME04MGg0dExESFdKWGVDSDJWR1Y1YzJpVGY4eE5NcXMxallOUzRjVTVBSW9XdnlBX0RabG45ZjBtN0Q5cFlaVUxVU0dzYUEtdXVPUQ?oc=5\" target=\"_blank\" rel=\"noopener\">Nicki Minaj se rallie \u00e0 Donald Trump, ses admirateurs jettent ses disques \u00e0 poubelle<\/a>&nbsp;&nbsp;Lib\u00e9ration<\/li>\n<li><a href=\"https:\/\/news.google.com\/rss\/articles\/CBMizAFBVV95cUxOWUJLVXRReU5mOWl2MUVrSlk2ZXQxT0YzS2FqR0FNMDgzdFZnM3JHWGtIcU5ZWTZFdzJ2Y1hDVDZVTktieHJSbDNTTE0xS3FNVGxLS3dZaEJqRWUxNTBhQ21vemVXZWYyVE1sVVpLZG9QM3M5UjhqMkM1aDFnV0tzd1hQNlhpbW40ZWtpeVAzM1JaMHkyaGpSaWxBdXdJa1hCZElGNUpKTGt1MFlDSFN3eEtqbDdjMVdwT3ZMSWJFekhweDhiZmpzNUQ5VUo?oc=5\" target=\"_blank\" rel=\"noopener\">La rappeuse am\u00e9ricaine Nicki Minaj dit \u00eatre \u00ab\u00a0la premi\u00e8re fan\u00a0\u00bb de Donald Trump<\/a>&nbsp;&nbsp;BFM<\/li>\n<li><a href=\"https:\/\/news.google.com\/rss\/articles\/CBMivwFBVV95cUxNbk0xVnhUb1ptQ2h0cGg3WjNMYzhKV1VnLUc5N1J5TW5OUWV3YWZsWTA5OG1YWEVGRWhfVk1mdUdCZktNQlFqTHlyYVN2M1F2RzRrS1dKVU1PZWp5TjkyWHVaUzRTaGRxak10R24yY01ZX29fRTFoTmUxaEVHWU9hM29NWTJvc01IWXNxYm9hV1VUcDV0OVFjQlowbVNYYk5oZngzUjFKTjc3TFBvb3dYNXJoMVUwNllIQjV1R1hHYw?oc=5\" target=\"_blank\" rel=\"noopener\">Nicki Minaj va participer \u00e0 un \u00e9v\u00e9nement officiel au c\u00f4t\u00e9 de Donald Trump<\/a>&nbsp;&nbsp;20 Minutes<\/li>\n<li><a href=\"https:\/\/news.google.com\/rss\/articles\/CBMivAFBVV95cUxOUWxHTjVNdXlsUVpTQnNWOFRQOUFpaXVmQTNYaWd1dDNjTkNhU3NudnozMkttOElUOFNjX1ZJSW5WUTVTLVpXYldvelFyLTdSWktJZVNvbll1aUdNWHcyNkRxNGhBZWZpRUY4YWZSN3cxOUFTdWFVLWVBUGJyUFlQV2xZS19wcTdKQ3RVZTdIbDlBUDkzYXVIUDEzNGpEZkptYnZRdDlPN2lUamoybEZqTndiSXA3QkdTYU1HWNIBwgFBVV95cUxNbDljdmVsRUFsWkNST1F3MkZXQ0NUX29IbFd1MXZudnB1a0NMRi0xNkl3TUNNTXBxSUNtOURtWXd4VkFkUm5RY2gtUkJuUDk0VlVPUU1IamFrdFZxZEZLak0xVVZzV1gyYUUxUXoxdlh0aFV4MlB1RVc2eGZSd2dvdkZ0Y2RHb3FTMTNsRDdHMU1jam52RHREQ3FYSHNyeHpRMjRzcjZrakIwcENfWmZJSTV4SG9MNHZuNUh2TnNVN3lyZw?oc=5\" target=\"_blank\" rel=\"noopener\">Nicki Minaj : la rappeuse revendique \u00eatre \u00abla premi\u00e8re fan\u00bb de Donald Trump et assure \u00abque \u00e7a ne va pas changer\u00bb<\/a>&nbsp;&nbsp;CNews<\/li>\n<li><a href=\"https:\/\/news.google.com\/rss\/articles\/CBMiqwFBVV95cUxNS3lDR1k2Wkl6UXhoTUJfUkxMNjFET1FuNnVSQ29CeFpUQzZOR29aNk91UjE5UWZESXhoaEJrMHlmUUNDaGRLTmpxSHJKbU52bWZmM2o2ZC1mTXA1OVNkM1VnTWRCSVdlX0cyZzR5WjVMeFA1Y0Z4cXM1Q01qbjFwaVVVZ1ZOUE0wdFdyeDN0RDZ3MVFjRDJmWkN3b3RsV0xTTTU1QS0wNDZMelE?oc=5\" target=\"_blank\" rel=\"noopener\">Nicki Minaj va participer \u00e0 un sommet pr\u00e9sidentiel avec Donald Trump<\/a>&nbsp;&nbsp;TVA Nouvelles<\/li>\n<\/ol>\n","protected":false},"excerpt":{"rendered":"Nicki Minaj se rallie \u00e0 Donald Trump, ses admirateurs jettent ses disques \u00e0 poubelle&nbsp;&nbsp;Lib\u00e9ration La rappeuse am\u00e9ricaine Nicki&hellip;\n","protected":false},"author":2,"featured_media":395849,"comment_status":"","ping_status":"","sticky":false,"template":"","format":"standard","meta":{"footnotes":""},"categories":[1359],"tags":[58,59,1011,27,973],"class_list":{"0":"post-696304","1":"post","2":"type-post","3":"status-publish","4":"format-standard","5":"has-post-thumbnail","7":"category-people","8":"tag-divertissement","9":"tag-entertainment","10":"tag-fr","11":"tag-france","12":"tag-people"},"share_on_mastodon":{"url":"https:\/\/pubeurope.com\/@fr\/115975862506391103","error":""},"_links":{"self":[{"href":"https:\/\/www.europesays.com\/fr\/wp-json\/wp\/v2\/posts\/696304","targetHints":{"allow":["GET"]}}],"collection":[{"href":"https:\/\/www.europesays.com\/fr\/wp-json\/wp\/v2\/posts"}],"about":[{"href":"https:\/\/www.europesays.com\/fr\/wp-json\/wp\/v2\/types\/post"}],"author":[{"embeddable":true,"href":"https:\/\/www.europesays.com\/fr\/wp-json\/wp\/v2\/users\/2"}],"replies":[{"embeddable":true,"href":"https:\/\/www.europesays.com\/fr\/wp-json\/wp\/v2\/comments?post=696304"}],"version-history":[{"count":0,"href":"https:\/\/www.europesays.com\/fr\/wp-json\/wp\/v2\/posts\/696304\/revisions"}],"wp:featuredmedia":[{"embeddable":true,"href":"https:\/\/www.europesays.com\/fr\/wp-json\/wp\/v2\/media\/395849"}],"wp:attachment":[{"href":"https:\/\/www.europesays.com\/fr\/wp-json\/wp\/v2\/media?parent=696304"}],"wp:term":[{"taxonomy":"category","embeddable":true,"href":"https:\/\/www.europesays.com\/fr\/wp-json\/wp\/v2\/categories?post=696304"},{"taxonomy":"post_tag","embeddable":true,"href":"https:\/\/www.europesays.com\/fr\/wp-json\/wp\/v2\/tags?post=696304"}],"curies":[{"name":"wp","href":"https:\/\/api.w.org\/{rel}","templated":true}]}}