{"id":696320,"date":"2026-01-29T01:56:11","date_gmt":"2026-01-29T01:56:11","guid":{"rendered":"https:\/\/www.europesays.com\/fr\/696320\/"},"modified":"2026-01-29T01:56:11","modified_gmt":"2026-01-29T01:56:11","slug":"la-maison-blanche-et-le-premier-ministre-de-slovaquie-dementent-un-article-sur-la-sante-mentale-de-trump","status":"publish","type":"post","link":"https:\/\/www.europesays.com\/fr\/696320\/","title":{"rendered":"La Maison-Blanche et le Premier ministre de Slovaquie d\u00e9mentent un article sur la sant\u00e9 mentale de Trump"},"content":{"rendered":"<p>Robert Fico a d\u00fb d\u00e9mentir ce mercredi avoir fait part \u00e0 d\u2019autres dirigeants <a href=\"https:\/\/www.20minutes.fr\/dossier\/europe\" class=\"c-link c-link--is-underlined\" target=\"_blank\" rel=\"noopener\">europ\u00e9ens <\/a>de son inqui\u00e9tude sur l\u2019\u00e9tat de <a href=\"https:\/\/www.20minutes.fr\/sante\/\" class=\"c-link c-link--is-underlined\" target=\"_blank\" rel=\"noopener\">sant\u00e9 <\/a>mentale du pr\u00e9sident am\u00e9ricain <a href=\"https:\/\/www.20minutes.fr\/dossier\/donald_trump\" class=\"c-link c-link--is-underlined\" target=\"_blank\" rel=\"noopener\">Donald Trump<\/a>. La Maison-Blanche aussi. \u00ab\u00a0Ce sont des informations absolument et totalement fausses de diplomates europ\u00e9ens qui cherchent \u00e0 exister\u00a0\u00bb, a d\u00e9clar\u00e9 une porte-parole de l\u2019ex\u00e9cutif am\u00e9ricain, Anna Kelly, dans une d\u00e9claration transmise \u00e0 l\u2019AFP. Robert Fico, qui se revendique de la m\u00eame id\u00e9ologie souverainiste et nationaliste que le pr\u00e9sident am\u00e9ricain, a lui d\u00e9nonc\u00e9 dans un communiqu\u00e9 les \u00ab\u00a0mensonges\u00a0\u00bb d\u2019un m\u00e9dia qu\u2019il a qualifi\u00e9 de \u00ab\u00a0haineux, progressiste et pro-Bruxelles\u00a0\u00bb.<\/p>\n<p>Un Premier ministre \u00ab\u00a0traumatis\u00e9\u00a0\u00bb\u00a0?<\/p>\n<p>Politico, un site d\u2019information consacr\u00e9 \u00e0 l\u2019actualit\u00e9 europ\u00e9enne, affirme que le dirigeant slovaque serait ressorti \u00ab\u00a0traumatis\u00e9\u00a0\u00bb d\u2019une rencontre r\u00e9cente avec Donald Trump dans sa r\u00e9sidence Mar-a-Lago, en Floride, et qu\u2019il en aurait fait part \u00e0 d\u2019autres dirigeants europ\u00e9ens pendant un sommet la semaine derni\u00e8re.<\/p>\n<\/p>\n<p>Le site s\u2019appuie sur les t\u00e9moignages de cinq diplomates europ\u00e9ens anonymes, auxquels les d\u00e9clarations de Robert Fico ont \u00e9t\u00e9 rapport\u00e9es. Selon les sources de Politico, le dirigeant slovaque aurait exprim\u00e9 des inqui\u00e9tudes sur \u00ab\u00a0l\u2019\u00e9tat psychologique\u00a0\u00bb du pr\u00e9sident am\u00e9ricain et l\u2019aurait jug\u00e9 \u00ab\u00a0dangereux\u00a0\u00bb.<\/p>\n<p>La Maison-Blanche a affirm\u00e9 que la rencontre en Floride, le 17\u00a0janvier, avait \u00e9t\u00e9 \u00ab\u00a0positive et productive\u00a0\u00bb. Robert Fico, sans \u00e9voquer directement dans son communiqu\u00e9 la sant\u00e9 mentale du pr\u00e9sident am\u00e9ricain, a assur\u00e9 qu\u2019il n\u2019avait \u00e9voqu\u00e9 sa visite \u00e0 Mar-a-Lago avec \u00ab\u00a0aucun pr\u00e9sident ou Premier ministre\u00a0\u00bb pendant le sommet \u00e9voqu\u00e9 par Politico.<\/p>\n<p><a href=\"https:\/\/www.20minutes.fr\/dossier\/donald_trump\" class=\"c-link c-btn c-btn--primary\" target=\"_blank\" rel=\"noopener\">Plus d&rsquo;articles sur Donald Trump<\/a><\/p>\n<p>A l\u2019issue de cette rencontre en Floride, le dirigeant slovaque avait d\u00e9clar\u00e9 avoir eu avec Donald Trump des \u00e9changes \u00ab\u00a0extr\u00eamement importants\u00a0\u00bb sur l\u2019\u00e9nergie nucl\u00e9aire.<\/p>\n","protected":false},"excerpt":{"rendered":"Robert Fico a d\u00fb d\u00e9mentir ce mercredi avoir fait part \u00e0 d\u2019autres dirigeants europ\u00e9ens de son inqui\u00e9tude sur&hellip;\n","protected":false},"author":2,"featured_media":696321,"comment_status":"","ping_status":"","sticky":false,"template":"","format":"standard","meta":{"footnotes":""},"categories":[5],"tags":[47,11,75,73,1011,27,14,78,74,12,3363,4919,10845,28],"class_list":{"0":"post-696320","1":"post","2":"type-post","3":"status-publish","4":"format-standard","5":"has-post-thumbnail","7":"category-international","8":"tag-actualite","9":"tag-actualites","10":"tag-donald-trump","11":"tag-etats-unis","12":"tag-fr","13":"tag-france","14":"tag-international","15":"tag-maison-blanche","16":"tag-monde","17":"tag-news","18":"tag-premier-ministre","19":"tag-president","20":"tag-slovaquie","21":"tag-world"},"share_on_mastodon":{"url":"https:\/\/pubeurope.com\/@fr\/115975905934802582","error":""},"_links":{"self":[{"href":"https:\/\/www.europesays.com\/fr\/wp-json\/wp\/v2\/posts\/696320","targetHints":{"allow":["GET"]}}],"collection":[{"href":"https:\/\/www.europesays.com\/fr\/wp-json\/wp\/v2\/posts"}],"about":[{"href":"https:\/\/www.europesays.com\/fr\/wp-json\/wp\/v2\/types\/post"}],"author":[{"embeddable":true,"href":"https:\/\/www.europesays.com\/fr\/wp-json\/wp\/v2\/users\/2"}],"replies":[{"embeddable":true,"href":"https:\/\/www.europesays.com\/fr\/wp-json\/wp\/v2\/comments?post=696320"}],"version-history":[{"count":0,"href":"https:\/\/www.europesays.com\/fr\/wp-json\/wp\/v2\/posts\/696320\/revisions"}],"wp:featuredmedia":[{"embeddable":true,"href":"https:\/\/www.europesays.com\/fr\/wp-json\/wp\/v2\/media\/696321"}],"wp:attachment":[{"href":"https:\/\/www.europesays.com\/fr\/wp-json\/wp\/v2\/media?parent=696320"}],"wp:term":[{"taxonomy":"category","embeddable":true,"href":"https:\/\/www.europesays.com\/fr\/wp-json\/wp\/v2\/categories?post=696320"},{"taxonomy":"post_tag","embeddable":true,"href":"https:\/\/www.europesays.com\/fr\/wp-json\/wp\/v2\/tags?post=696320"}],"curies":[{"name":"wp","href":"https:\/\/api.w.org\/{rel}","templated":true}]}}