{"id":696391,"date":"2026-01-29T02:41:18","date_gmt":"2026-01-29T02:41:18","guid":{"rendered":"https:\/\/www.europesays.com\/fr\/696391\/"},"modified":"2026-01-29T02:41:18","modified_gmt":"2026-01-29T02:41:18","slug":"lequipe-de-france-sincline-face-a-lallemagne-et-quitte-la-competition","status":"publish","type":"post","link":"https:\/\/www.europesays.com\/fr\/696391\/","title":{"rendered":"L&rsquo;\u00e9quipe de France s&rsquo;incline face \u00e0 l&rsquo;Allemagne et quitte la comp\u00e9tition"},"content":{"rendered":"<p class=\"svelte-qfpp5o first-paragraph\">Les Fran\u00e7ais, qui avaient remport\u00e9 l&rsquo;\u00e9preuve il y a deux ans, ne verront pas le dernier carr\u00e9 dans la Boxen de Herning, une premi\u00e8re depuis l&rsquo;\u00e9dition 2020.<\/p>\n<p class=\"svelte-qfpp5o\">La d\u00e9ception est immense alors que les hommes de Guillaume Gille, toujours sur le chemin de la reconstruction apr\u00e8s la claque re\u00e7ue aux Jeux olympiques contre cette m\u00eame \u00e9quipe d&rsquo;Allemagne, avaient coch\u00e9 les demies voir la victoire finale dans leur liste de souhaits.<\/p>\n<p class=\"svelte-qfpp5o\">Au final, ils repartiront avec deux revers de rang. Une claque re\u00e7ue par l&rsquo;Espagne en d\u00e9but de semaine (36-32), et un revers face au vice-champion olympique, alors qu&rsquo;un succ\u00e8s \u00e9tait obligatoire pour la suite de la comp\u00e9tition (les deux premi\u00e8res \u00e9quipes du groupe I se qualifiaient).<\/p>\n<p class=\"svelte-qfpp5o\">Et apr\u00e8s avoir couru au score quasiment tout du long, ils ont g\u00e2ch\u00e9 leurs multiples occasions de revenir \u00e0 \u00e9galit\u00e9 dans les dix derni\u00e8res minutes, en butant sur les gardiens Andreas Wolff et David Sp\u00e4th.<\/p>\n<p class=\"svelte-qfpp5o\">Surtout, ils ont \u00e0 nouveau offert un contenu bien trop insuffisant dans le premier acte pour esp\u00e9rer quoi que ce soit.<\/p>\n<p>Des Allemands imbattables<\/p>\n<p class=\"svelte-qfpp5o\">Coupables de trop d&rsquo;approximations, de pertes de balle, de pr\u00e9cipitation aussi, les Fran\u00e7ais ont encore souffert \u00e0 trouver des solutions en attaque quand les Allemands, rapides, n&rsquo;ont laiss\u00e9 que peu de d\u00e9chets sur leur passage.<\/p>\n<p class=\"svelte-qfpp5o\">A l&rsquo;image du demi-centre Juri Knorr, dont la puissance a \u00e9c\u0153ur\u00e9 les Bleus. Le joueur de 25 ans a quitt\u00e9 le terrain \u00e0 la pause avec un impeccable 6\/6. Pour 10 buts au total.<\/p>\n<p class=\"svelte-qfpp5o\">Les derni\u00e8res secondes de la premi\u00e8re p\u00e9riode ont \u00e9t\u00e9 d&rsquo;autant plus difficiles que les Fran\u00e7ais auraient pu revenir \u00e0 un but d&rsquo;\u00e9cart. Au lieu de \u00e7a, un poteau d&rsquo;Aymeric Minne suivi d&rsquo;une contre-attaque \u00e0 toute vitesse a creus\u00e9 l&rsquo;\u00e9cart \u00e0 +4 (19-15).<\/p>\n<p class=\"svelte-qfpp5o\">Au final, seul Dika Mem, h\u00e9ros malheureux du quart de finale des JO contre cette m\u00eame nation il y a deux ans, a tenu le coup en premi\u00e8re p\u00e9riode, avec sept r\u00e9alisations.<\/p>\n<p class=\"svelte-qfpp5o\">A ses c\u00f4t\u00e9s, le gardien R\u00e9mi Desbonnet a r\u00e9alis\u00e9 lui un deuxi\u00e8me acte \u00e0 la hauteur, ses nombreux arr\u00eats remettant m\u00eame un temps ses co\u00e9quipiers dans le coup alors que la d\u00e9fense tricolore a longtemps \u00e9t\u00e9 \u00e0 la peine.<\/p>\n<p class=\"svelte-qfpp5o\">Mais les Bleus ont trop g\u00e2ch\u00e9. Et payent cash une partie au cours de laquelle ils sont partis de trop loin.<\/p>\n","protected":false},"excerpt":{"rendered":"Les Fran\u00e7ais, qui avaient remport\u00e9 l&rsquo;\u00e9preuve il y a deux ans, ne verront pas le dernier carr\u00e9 dans&hellip;\n","protected":false},"author":2,"featured_media":696392,"comment_status":"","ping_status":"","sticky":false,"template":"","format":"standard","meta":{"footnotes":""},"categories":[1587],"tags":[11,672,1804,1805,1803,1777,674,1801,12,1802],"class_list":{"0":"post-696391","1":"post","2":"type-post","3":"status-publish","4":"format-standard","5":"has-post-thumbnail","7":"category-allemagne","8":"tag-actualites","9":"tag-allemagne","10":"tag-bundesrepublik-deutschland","11":"tag-de","12":"tag-deutschland","13":"tag-eu","14":"tag-europe","15":"tag-germany","16":"tag-news","17":"tag-republique-federale-dallemagne"},"share_on_mastodon":{"url":"https:\/\/pubeurope.com\/@fr\/115976082813812877","error":""},"_links":{"self":[{"href":"https:\/\/www.europesays.com\/fr\/wp-json\/wp\/v2\/posts\/696391","targetHints":{"allow":["GET"]}}],"collection":[{"href":"https:\/\/www.europesays.com\/fr\/wp-json\/wp\/v2\/posts"}],"about":[{"href":"https:\/\/www.europesays.com\/fr\/wp-json\/wp\/v2\/types\/post"}],"author":[{"embeddable":true,"href":"https:\/\/www.europesays.com\/fr\/wp-json\/wp\/v2\/users\/2"}],"replies":[{"embeddable":true,"href":"https:\/\/www.europesays.com\/fr\/wp-json\/wp\/v2\/comments?post=696391"}],"version-history":[{"count":0,"href":"https:\/\/www.europesays.com\/fr\/wp-json\/wp\/v2\/posts\/696391\/revisions"}],"wp:featuredmedia":[{"embeddable":true,"href":"https:\/\/www.europesays.com\/fr\/wp-json\/wp\/v2\/media\/696392"}],"wp:attachment":[{"href":"https:\/\/www.europesays.com\/fr\/wp-json\/wp\/v2\/media?parent=696391"}],"wp:term":[{"taxonomy":"category","embeddable":true,"href":"https:\/\/www.europesays.com\/fr\/wp-json\/wp\/v2\/categories?post=696391"},{"taxonomy":"post_tag","embeddable":true,"href":"https:\/\/www.europesays.com\/fr\/wp-json\/wp\/v2\/tags?post=696391"}],"curies":[{"name":"wp","href":"https:\/\/api.w.org\/{rel}","templated":true}]}}