{"id":696395,"date":"2026-01-29T02:43:16","date_gmt":"2026-01-29T02:43:16","guid":{"rendered":"https:\/\/www.europesays.com\/fr\/696395\/"},"modified":"2026-01-29T02:43:16","modified_gmt":"2026-01-29T02:43:16","slug":"aes-ue-entre-degel-et-calculs-diplomatiques","status":"publish","type":"post","link":"https:\/\/www.europesays.com\/fr\/696395\/","title":{"rendered":"AES\u2013UE: entre d\u00e9gel et calculs diplomatiques"},"content":{"rendered":"<p textalign=\"\" class=\"\">En ce d\u00e9but d&rsquo;ann\u00e9e 2026, il y a comme une amorce de redoux dans les relations entre les pays du Sahel et l\u2019Europe, alors que la stagnation semblait la r\u00e8gle entre les deux partenaires ces trois derni\u00e8res ann\u00e9es.<\/p>\n<p textalign=\"left\" class=\"\">Emmanuel Macron accueille aujourd\u2019hui \u00e0 l&rsquo;Elys\u00e9e son homologue tchadien, Mahamat Deby. Une visite qui survient apr\u00e8s un an de tensions diplomatiques, avec pour point culminant la <a target=\"_blank\" rel=\"noopener noreferrer nofollow\" class=\"link\" href=\"https:\/\/www.trtfrancais.com\/article\/18239793\">rupture de l&rsquo;accord de coop\u00e9ration militaire<\/a> liant les deux pays depuis 48 ans. Cette rencontre se tiendra \u201cavec l\u2019ambition de porter un partenariat renouvel\u00e9 et mutuellement b\u00e9n\u00e9fique\u201d, pr\u00e9cise l&rsquo;Elys\u00e9e dans un communiqu\u00e9.\u00a0<\/p>\n<p><a data-link-preview=\"\" href=\"https:\/\/www.trtfrancais.com\/article\/18205996\" target=\"_blank\" rel=\"noopener noreferrer\" dir=\"ltr\" class=\"relative flex w-full px-4 py-3 flex-col items-start gap-6 rounded bg-[#F1F1F1] border-l-0 transition-all duration-200 ease-in-out box-border mb-4 hover:bg-[#F9F9F9] hover:shadow-[0_4px_6px_-1px_rgba(0,0,0,0.1),0_-4px_6px_-1px_rgba(0,0,0,0.06),4px_0_6px_-1px_rgba(0,0,0,0.06)] focus:bg-[#F9F9F9] focus:shadow-[0_4px_6px_-1px_rgba(0,0,0,0.1),0_-4px_6px_-1px_rgba(0,0,0,0.06),4px_0_6px_-1px_rgba(0,0,0,0.06)] before:content-[&quot;&quot;] before:absolute before:left-0 before:top-0 before:bottom-0 before:w-[3px] before:rounded-l-md before:bg-[#01ABD9]\"><img decoding=\"async\" class=\"flex justify-center items-center rounded-md !w-20 !h-20 aspect-square flex-shrink-0 sm:rounded md:rounded-md lg:!w-[84px] lg:!h-[84px] lg:rounded xl:rounded-md\" src=\"https:\/\/www.europesays.com\/fr\/wp-content\/uploads\/2026\/01\/20892427_0-82-1600-901.jpeg\"\/><\/p>\n<p>En Relation<\/p>\n<p><\/a><\/p>\n<p textalign=\"left\" class=\"\">Peu avant l\u2019annonce de la visite parisienne de Mahamat Deby, le repr\u00e9sentant de l\u2019Union europ\u00e9enne au Sahel Joao Cravinho, s\u2019\u00e9tait rendu \u00e0 Niamey le 20 janvier, \u00e0 la rencontre du Premier ministre Ali Mahamane, dans \u201cune approche renouvel\u00e9e en direction du Sahel\u201d, selon le diplomate europ\u00e9en.<\/p>\n<p textalign=\"left\" class=\"\">Assistons-nous aux lueurs d\u2019un v\u00e9ritable r\u00e9chauffement diplomatique ou aux leurres d\u2019un simple ajustement tactique dict\u00e9 par la r\u00e9alit\u00e9 du terrain ?<\/p>\n<p textalign=\"left\" class=\"\">Dans les deux cas, explique \u00e0 TRT Fran\u00e7ais Seidik Abba, essayiste et pr\u00e9sident du Centre international de r\u00e9flexions et d&rsquo;\u00e9tudes sur le Sahel (Cires, think tank bas\u00e9 \u00e0 Paris, Ndlr), \u201cc&rsquo;est le pragmatisme qui a pris le dessus par rapport \u00e0 d&rsquo;autres consid\u00e9rations\u201d. Dans le cas du Tchad, ajoute-t-il, \u201cil est \u00e9vident que par le pass\u00e9, la relation militaire avec la France a pu servir le r\u00e9gime du pr\u00e9sident Idriss D\u00e9by-Hitno\u201d.\u00a0<\/p>\n<p textalign=\"left\" class=\"\">La France op\u00e9rait ainsi dans le renseignement militaire, la surveillance du territoire, la formation des militaires et l&rsquo;\u00e9quipement des troupes, d&rsquo;apr\u00e8s les <a target=\"_blank\" rel=\"noopener noreferrer nofollow\" class=\"link\" href=\"https:\/\/td.ambafrance.org\/L-attache-de-defense-et-la-mission\">informations de l\u2019ambassade de France<\/a> \u00e0 N&rsquo;djamena.<\/p>\n<p textalign=\"left\" class=\"\">Dans le contexte actuel, la situation s\u00e9curitaire du Tchad s\u2019est d\u00e9grad\u00e9e avec les risques de d\u00e9bordements du conflit soudanais. Au 25 avril 2025, l<a target=\"_blank\" rel=\"noopener noreferrer nofollow\" class=\"link\" href=\"https:\/\/www.unhcr.org\/fr\/actualites\/articles-et-reportages\/deux-ans-apres-le-debut-de-la-guerre-les-refugies-soudanais\">es Nations-Unies ont\u00a0 recens\u00e9<\/a> au moins 770 000 r\u00e9fugi\u00e9s soudanais au Tchad, sur 1,3 million de personnes d\u00e9plac\u00e9es de force provenant des pays voisins comme la R\u00e9publique centrafricaine et le Cameroun.<\/p>\n<p textalign=\"left\" class=\"\">De plus, le 16 janvier dernier, le gouvernement tchadien a menac\u00e9 de riposter apr\u00e8s une incursion sur son territoire des Forces de Soutien Rapide (FSR) qui a co\u00fbt\u00e9 la vie \u00e0 sept soldats dans l\u2019Est du pays.<\/p>\n<p textalign=\"left\" class=\"\">\u201cLe Gouvernement met en garde, de fa\u00e7on solennelle et pour la derni\u00e8re fois, les auteurs de cette attaque ainsi que leurs commanditaires\u201d, a averti le ministre tchadien de la communication, Gassim Cherif Mahamat.<\/p>\n","protected":false},"excerpt":{"rendered":"En ce d\u00e9but d&rsquo;ann\u00e9e 2026, il y a comme une amorce de redoux dans les relations entre les&hellip;\n","protected":false},"author":2,"featured_media":696396,"comment_status":"","ping_status":"","sticky":false,"template":"","format":"standard","meta":{"footnotes":""},"categories":[1586],"tags":[11,1777,674,1779,1011,27,12,25,1778,364],"class_list":{"0":"post-696395","1":"post","2":"type-post","3":"status-publish","4":"format-standard","5":"has-post-thumbnail","7":"category-europe","8":"tag-actualites","9":"tag-eu","10":"tag-europe","11":"tag-european-union","12":"tag-fr","13":"tag-france","14":"tag-news","15":"tag-republique-francaise","16":"tag-ue","17":"tag-union-europeenne"},"share_on_mastodon":{"url":"https:\/\/pubeurope.com\/@fr\/115976090788265004","error":""},"_links":{"self":[{"href":"https:\/\/www.europesays.com\/fr\/wp-json\/wp\/v2\/posts\/696395","targetHints":{"allow":["GET"]}}],"collection":[{"href":"https:\/\/www.europesays.com\/fr\/wp-json\/wp\/v2\/posts"}],"about":[{"href":"https:\/\/www.europesays.com\/fr\/wp-json\/wp\/v2\/types\/post"}],"author":[{"embeddable":true,"href":"https:\/\/www.europesays.com\/fr\/wp-json\/wp\/v2\/users\/2"}],"replies":[{"embeddable":true,"href":"https:\/\/www.europesays.com\/fr\/wp-json\/wp\/v2\/comments?post=696395"}],"version-history":[{"count":0,"href":"https:\/\/www.europesays.com\/fr\/wp-json\/wp\/v2\/posts\/696395\/revisions"}],"wp:featuredmedia":[{"embeddable":true,"href":"https:\/\/www.europesays.com\/fr\/wp-json\/wp\/v2\/media\/696396"}],"wp:attachment":[{"href":"https:\/\/www.europesays.com\/fr\/wp-json\/wp\/v2\/media?parent=696395"}],"wp:term":[{"taxonomy":"category","embeddable":true,"href":"https:\/\/www.europesays.com\/fr\/wp-json\/wp\/v2\/categories?post=696395"},{"taxonomy":"post_tag","embeddable":true,"href":"https:\/\/www.europesays.com\/fr\/wp-json\/wp\/v2\/tags?post=696395"}],"curies":[{"name":"wp","href":"https:\/\/api.w.org\/{rel}","templated":true}]}}