{"id":696399,"date":"2026-01-29T02:45:19","date_gmt":"2026-01-29T02:45:19","guid":{"rendered":"https:\/\/www.europesays.com\/fr\/696399\/"},"modified":"2026-01-29T02:45:19","modified_gmt":"2026-01-29T02:45:19","slug":"les-lunettes-de-macron-sont-elles-vraiment-made-in-france-la-polemique-enfle","status":"publish","type":"post","link":"https:\/\/www.europesays.com\/fr\/696399\/","title":{"rendered":"Les lunettes de Macron sont-elles vraiment \u00ab\u00a0Made in France\u00a0\u00bb\u00a0? La pol\u00e9mique enfle\u2026"},"content":{"rendered":"<p>Un <a href=\"https:\/\/www.20minutes.fr\/dossier\/president\" class=\"c-link c-link--is-underlined\" target=\"_blank\" rel=\"noopener\">pr\u00e9sident <\/a>de la R\u00e9publique qui se lance involontairement dans la publicit\u00e9 mensong\u00e8re\u00a0? Selon les informations d\u2019Ici (anciennement France Bleu), la paire de lunettes de soleil que porte depuis plusieurs jours <a href=\"https:\/\/www.20minutes.fr\/politique\/emmanuel-macron\/\" class=\"c-link c-link--is-underlined\" target=\"_blank\" rel=\"noopener\">Emmanuel Macron<\/a>, pr\u00e9sent\u00e9e comme un symbole du \u00ab\u00a0Made in France\u00a0\u00bb ne serait en fait plus produite dans le <a href=\"https:\/\/www.20minutes.fr\/dossier\/jura\" class=\"c-link c-link--is-underlined\" target=\"_blank\" rel=\"noopener\">Jura<\/a>.<\/p>\n<p>D\u2019apr\u00e8s Julien Forestier, pr\u00e9sident du syndicat des lunettiers du Jura, la marque Henry Jullien, originaire de la r\u00e9gion mais rachet\u00e9e en\u00a02023 par le groupe italien iVision Tech, ne produirait plus ses mod\u00e8les en France.<\/p>\n<p>Mauvaise pub<\/p>\n<p>Le pr\u00e9sident du syndicat assure qu\u2019il ne resterait sur le site historique de Lons-le-Saunier que \u00ab\u00a0trois personnes qui font du SAV\u00a0\u00bb. Pour lui, la marque a profit\u00e9 du coup de projecteur et de l\u2019h\u00e9ritage historique du savoir-faire r\u00e9gional sans que cela ne profite \u00e0 l\u2019\u00e9conomie locale. Il craint m\u00eame un retour de b\u00e2ton lorsque le public se rendra compte de la supercherie\u00a0: \u00ab\u00a0On ne va plus faire confiance au \u00ab\u00a0Made in Jura\u00a0\u00bb.\u00a0\u00bb<\/p>\n<p><a href=\"https:\/\/www.20minutes.fr\/politique\/emmanuel-macron\/\" class=\"c-link c-btn c-btn--primary\" target=\"_blank\" rel=\"noopener\">Plus d&rsquo;articles sur Emmanuel Macron<\/a><\/p>\n<p>Interrog\u00e9e par Ici, la marque persiste et assure que \u00ab\u00a0les lunettes du pr\u00e9sident Macron ont \u00e9t\u00e9 enti\u00e8rement fabriqu\u00e9es \u00e0 Lons-le-Saunier, o\u00f9 certains mod\u00e8les historiques de Henry Jullien continuent d\u2019\u00eatre produits.\u00a0\u00bb La production serait aujourd\u2019hui partag\u00e9e entre la France et l\u2019Italie, apr\u00e8s plusieurs ann\u00e9es de restructuration. Difficile donc de savoir, lorsque Emmanuel Macron a achet\u00e9 ces lunettes, o\u00f9 la branche a \u00e9t\u00e9 moul\u00e9e.<\/p>\n","protected":false},"excerpt":{"rendered":"Un pr\u00e9sident de la R\u00e9publique qui se lance involontairement dans la publicit\u00e9 mensong\u00e8re\u00a0? Selon les informations d\u2019Ici (anciennement&hellip;\n","protected":false},"author":2,"featured_media":696400,"comment_status":"","ping_status":"","sticky":false,"template":"","format":"standard","meta":{"footnotes":""},"categories":[2],"tags":[47,11,2718,1073,1011,27,3672,1826,1200,12,4919,25,104],"class_list":{"0":"post-696399","1":"post","2":"type-post","3":"status-publish","4":"format-standard","5":"has-post-thumbnail","7":"category-actualites","8":"tag-actualite","9":"tag-actualites","10":"tag-bourgogne-franche-comte","11":"tag-emmanuel-macron","12":"tag-fr","13":"tag-france","14":"tag-franche-comte","15":"tag-jura","16":"tag-lunettes","17":"tag-news","18":"tag-president","19":"tag-republique-francaise","20":"tag-societe"},"share_on_mastodon":{"url":"https:\/\/pubeurope.com\/@fr\/115976098511647652","error":""},"_links":{"self":[{"href":"https:\/\/www.europesays.com\/fr\/wp-json\/wp\/v2\/posts\/696399","targetHints":{"allow":["GET"]}}],"collection":[{"href":"https:\/\/www.europesays.com\/fr\/wp-json\/wp\/v2\/posts"}],"about":[{"href":"https:\/\/www.europesays.com\/fr\/wp-json\/wp\/v2\/types\/post"}],"author":[{"embeddable":true,"href":"https:\/\/www.europesays.com\/fr\/wp-json\/wp\/v2\/users\/2"}],"replies":[{"embeddable":true,"href":"https:\/\/www.europesays.com\/fr\/wp-json\/wp\/v2\/comments?post=696399"}],"version-history":[{"count":0,"href":"https:\/\/www.europesays.com\/fr\/wp-json\/wp\/v2\/posts\/696399\/revisions"}],"wp:featuredmedia":[{"embeddable":true,"href":"https:\/\/www.europesays.com\/fr\/wp-json\/wp\/v2\/media\/696400"}],"wp:attachment":[{"href":"https:\/\/www.europesays.com\/fr\/wp-json\/wp\/v2\/media?parent=696399"}],"wp:term":[{"taxonomy":"category","embeddable":true,"href":"https:\/\/www.europesays.com\/fr\/wp-json\/wp\/v2\/categories?post=696399"},{"taxonomy":"post_tag","embeddable":true,"href":"https:\/\/www.europesays.com\/fr\/wp-json\/wp\/v2\/tags?post=696399"}],"curies":[{"name":"wp","href":"https:\/\/api.w.org\/{rel}","templated":true}]}}