{"id":696411,"date":"2026-01-29T02:59:13","date_gmt":"2026-01-29T02:59:13","guid":{"rendered":"https:\/\/www.europesays.com\/fr\/696411\/"},"modified":"2026-01-29T02:59:13","modified_gmt":"2026-01-29T02:59:13","slug":"tu-as-tout-mon-respect","status":"publish","type":"post","link":"https:\/\/www.europesays.com\/fr\/696411\/","title":{"rendered":"\u00ab Tu as tout mon respect \u00bb"},"content":{"rendered":"<p>                    Par<br \/>\n        <strong><br \/>\n            <a href=\"https:\/\/actu.fr\/auteur\/redaction-pa\" title=\"Consulter tous les articles de R\u00e9daction Le Pays d&#039;Auge\" target=\"_blank\" rel=\"noopener\">R\u00e9daction Le Pays d&rsquo;Auge<\/a><br \/>\n                    <\/strong><\/p>\n<p>        Publi\u00e9 le<\/p>\n<p>            28 janv. 2026 \u00e0 20h30        <\/p>\n<p>\u00ab\u2009C\u2019est une encyclop\u00e9die doubl\u00e9e d\u2019un moulin \u00e0 paroles\u2009\u00bb, pr\u00e9sente Karine Lemarchand en parlant de <a href=\"https:\/\/actu.fr\/normandie\/pont-l-eveque_14514\/agriculteur-du-pays-dauge-yannick-participe-a-lamour-est-dans-le-pre_63638016.html\" target=\"_blank\" rel=\"noopener\">Yannick, agriculteur du pays d\u2019Auge<\/a> (Calvados) \u00e0 l\u2019affiche de la saison 21 de <a href=\"https:\/\/www.m6.fr\/l-amour-est-dans-le-pre-p_857\" target=\"_blank\" rel=\"noopener\">L\u2019Amour est dans le pr\u00e9<\/a>\u00a0sur M6. Dans son portrait diffus\u00e9 lundi 26 janvier 2026, l\u2019Augeron revient sur son \u00ab\u2009parcours incroyable\u2009\u00bb.<\/p>\n<p class=\" wall-content\">Lors du tournage, la pr\u00e9sentatrice star est accueillie par Pascal et B\u00e9n\u00e9dicte, les repreneurs de la ferme de Yannick. \u00ab\u2009On n\u2019est pas de la famille, mais presque\u2009! On se conna\u00eet depuis 35\u00a0ans, il est m\u00eame le parrain de Lucie, l\u2019une de nos trois enfants. \u00c0 sa retraite, il nous a propos\u00e9 de reprendre l\u2019exploitation, mais dans les faits, il est toujours l\u00e0 et nous accompagne\u2009\u00bb, raconte Pascal.<\/p>\n<p>\u00ab\u2009Un cas \u00e0 prendre des pincettes\u2009\u00bb<\/p>\n<p class=\" wall-content\">D\u00e9crit par le couple comme quelqu\u2019un de \u00ab\u2009tr\u00e8s actif, gentil et g\u00e9n\u00e9reux\u2009\u00bb, et au c\u0153ur tendre, l\u2019agriculteur de 64\u00a0ans cherche l\u2019amour. \u00ab\u2009Il faudra que la personne qu\u2019il trouve accepte aussi le handicap de son fils\u2009\u00bb, pr\u00e9vient Pascal.<\/p>\n<blockquote class=\"ac-article-quote wall-content\">\n<p>Voil\u00e0 un cas \u00e0 prendre des pincettes, mais je m\u2019engage \u00e0 faire rena\u00eetre la flamme dans le c\u0153ur de Yannick.<\/p>\n<p>Karine Lemarchand<\/p><\/blockquote>\n<p class=\" wall-content\">100 vaches allaitantes, 250 hectares de polyculture\u2009: la ferme de Patrick, \u00ab\u2009c\u2019est son b\u00e9b\u00e9\u2009\u00bb. \u00ab\u2009En 40\u00a0ans d\u2019activit\u00e9, le volubile Yannick n\u2019a eu qu\u2019une parole\u2009: transformer et agrandir la ferme familiale.\u2009\u00bb Depuis sa retraite en octobre\u00a02023, l\u2019homme continue \u00e0 s\u2019investir sur l\u2019exploitation aupr\u00e8s de ceux qu\u2019il consid\u00e8re comme ses enfants. \u00ab\u2009\u00c7a changerait si je trouvais quelqu\u2019un, l\u00e0, je prendrais du bon temps\u2009\u00bb, assure Yannick.<\/p>\n<p>\u00ab\u2009Un parcours tr\u00e8s difficile\u2009\u00bb<\/p>\n<p class=\" wall-content\">La vie n\u2019a pas fait de cadeau \u00e0 l\u2019agriculteur. \u00ab\u2009Yannick a eu un parcours tr\u00e8s difficile, \u00e0 cause d\u2019un patriarche autoritaire. Et quand vint le moment de reprendre la ferme familiale avec sa femme Nadine, Yannick a d\u00e9couvert que son p\u00e8re mettait en vente les terres de l\u2019exploitation derri\u00e8re son dos, obligeant le couple \u00e0 s\u2019endetter lourdement pour les racheter\u2009\u00bb, explique Karine Lemarchand.<\/p>\n<p>Vid\u00e9os : en ce moment sur Actu<\/p>\n<p class=\" wall-content\">Apr\u00e8s leur mariage en 1992, Yannick et Nadine ont deux enfants\u2009: Antoine puis Fabian, qui naissent tous les deux avec un handicap psychomoteur. \u00ab\u2009C\u2019\u00e9tait un coup de massue, j\u2019imagine\u2009?\u2009\u00bb l\u2019interroge la pr\u00e9sentatrice. \u00ab\u2009Oui et non, on a v\u00e9cu avec leur handicap\u2009\u00bb.<\/p>\n<blockquote class=\"ac-article-quote wall-content\">\n<p>Je ne comprends pas les gens qui regardent les handicap\u00e9s de travers, ce n\u2019est pas de leur faute. Il y a toujours pire que soi.<\/p>\n<p>Yannick<\/p><\/blockquote>\n<p>Votre r\u00e9gion, votre actu !<\/p>\n<p>Recevez chaque jour les infos qui comptent pour vous.<\/p>\n<p>\t<a href=\"https:\/\/actu.fr\/newsletter\" class=\"ac-btn ac-btn--corner ac-btn--medium ac-btn--blue800\" target=\"_blank\" rel=\"noopener\">S&rsquo;incrire<\/a><\/p>\n<p class=\" wall-content\">Une tumeur au cerveau est d\u00e9cel\u00e9e tr\u00e8s t\u00f4t chez Fabian, qui le rend aveugle. \u00ab\u2009Il a \u00e9t\u00e9 op\u00e9r\u00e9 huit ou neuf fois\u2009\u00bb, se rappelle son papa. Malgr\u00e9 de longs mois \u00e0 l\u2019h\u00f4pital, Fabien d\u00e9c\u00e8de l\u2019ann\u00e9e de ses 18\u00a0ans. \u00ab\u2009ll s\u2019est endormi paisiblement avec son doudou\u2009\u00bb, se souvient les larmes aux yeux Yannick, en s\u2019excusant\u2009: \u00ab\u2009excuse-moi, c\u2019est Fabian qui revient\u2009\u00bb.<\/p>\n<p>    <img   decoding=\"async\" loading=\"lazy\" class=\"size-large\" src=\"https:\/\/www.europesays.com\/fr\/wp-content\/uploads\/2026\/01\/0c45b15f4a7969155b15f4a79a555bv-960x640.jpg\" alt=\"Yannick avec ses vaches, dans son exploitation du pays d'Auge.\" width=\"960\" height=\"640\"\/><br \/>\n    Yannick avec ses vaches, dans son exploitation du pays d\u2019Auge. \u00a9C\u00e9cile ROGUE\/M6Le deuil de son fils et de sa femme<\/p>\n<p class=\" wall-content\">\u00ab\u2009Quand je vois le mois d\u2019avril arriver, je m\u2019en vais au courant\u2009\u00bb, annonce l\u2019agriculteur. Car le 28\u00a0avril est marqu\u00e9 de deux pierres noires dans le c\u0153ur du sexag\u00e9naire\u2009: en 2014, la mort de Fabian, puis en 2021, celle de Nadine, d\u00e9c\u00e9d\u00e9e \u00ab\u2009soit d\u2019une rupture d\u2019an\u00e9vrisme ou d\u2019une crise cardiaque foudroyante\u2009\u00bb.<\/p>\n<blockquote class=\"ac-article-quote wall-content\">\n<p>T\u2019es un survivant, tu me bluffes. Tu as tout mon respect.<\/p>\n<p>Karine Lemarchand<\/p><\/blockquote>\n<p class=\" wall-content\">Mais ce n\u2019est pas tout\u2009: Yannick, lui-m\u00eame, a fait deux arr\u00eats cardiaques. \u00ab\u2009Ah bon\u2009?\u2009! Mais les gens qui regardent vont se dire\u2009: ce n\u2019est pas possible\u2009!\u2009\u00bb r\u00e9agit la pr\u00e9sentatrice. \u00ab\u2009Mais tu vois, je suis en pleine forme\u2009!\u2009\u00bb le rassure-t-il. Au d\u00e9c\u00e8s de sa femme, Yannick se retrouve seule \u00e0 la ferme, avec son fils Antoine. L\u2019arriv\u00e9e de ses repreneurs et des leurs trois enfants l\u2019aide \u00e0 remonter la pente. \u00ab\u2009Je suis un peu comme leur grand-p\u00e8re.\u2009\u00bb<\/p>\n<p>\u00ab\u2009Je crois toujours en l\u2019amour\u2009\u00bb<\/p>\n<p class=\" wall-content\">Face \u00e0 tous ces drames, \u00ab\u2009est-ce qu\u2019il y a de la place pour quelqu\u2019un\u2009?\u2009\u00bb lui demande la pr\u00e9sentatrice. \u00ab\u2009Oui, je suis pr\u00eat \u00e0 l\u2019accueillir \u00e0 bras ouverts\u2009\u00bb, promet Yannick, fin \u00ab\u2009pr\u00eat \u00e0 aimer\u2009\u00bb. Mais \u00e0 une condition\u2009: accepter avec lui son fils en situation de handicap, Antoine. \u00ab\u2009C\u2019est le papier cadeau, il y a le p\u00e8re, mais aussi le fils. Je ne l\u00e2cherai jamais mon fils\u2009\u00bb, pr\u00e9vient le papa. \u00ab\u2009Autonome\u2009\u00bb, \u00ab\u2009discret\u2009\u00bb, et d\u2019une extr\u00eame gentillesse, le jeune homme travaille en ESAT cinq jours par semaine. \u00ab\u2009Il serait content s\u2019il y avait quelqu\u2019un \u00e0 la maison.\u2009\u00bb<\/p>\n<p class=\" wall-content\">L\u2019agriculteur, qui peut aussi \u00ab\u2009partir en amoureux\u2009\u00bb, aspire \u00e0 voyager. \u00ab\u2009Je voudrais surtout faire une croisi\u00e8re\u2009\u00bb, projette-t-il. Passionn\u00e9 par la m\u00e9canique, le jardin, la chasse, la bonne ch\u00e8re, le jeune retrait\u00e9 se dit pr\u00eat \u00e0 d\u00e9couvrir et surtout partager les passions de sa future ch\u00e8re et tendre. Si l\u2019homme ne veut pas de relation \u00e0 distance, il est ouvert \u00e0 d\u00e9m\u00e9nager ou partager son temps entre deux r\u00e9gions. \u00ab\u2009Je suis quelqu\u2019un de tr\u00e8s tactile, c\u00e2lin et attentionn\u00e9.\u2009\u00bb<\/p>\n<p>\u00ab\u2009Une joyeuse, qui rigole tout le temps et qui a le sourire\u2009\u00bb<\/p>\n<p class=\" wall-content\">Et physiquement, des crit\u00e8res\u2009? \u00ab\u2009Plut\u00f4t des petites formes. Mais j\u2019ai pas de pr\u00e9f\u00e9rence. C\u2019est surtout comment le c\u0153ur va s\u2019ouvrir, comment elle va prendre les choses avec mon fils\u2009\u00bb, r\u00e9pond Yannick, qui \u00ab\u2009croit toujours en l\u2019amour\u2009\u00bb. Avec l\u2019animatrice, il imagine la pr\u00e9tendante id\u00e9ale pour ce grand bavard\u2009: une femme \u00ab\u2009qui a de l\u2019\u00e9nergie\u2009\u00bb, \u00ab\u2009une joyeuse, qui rigole tout le temps et qui a le sourire\u2009\u00bb.<\/p>\n<p class=\" wall-content\">\u00ab\u2009Alors si vous avez 64\u00a0ans ou moins, et si vous souhaitez offrir du r\u00e9pondant \u00e0 cette langue bien pendue\u2009\u00bb, le courrier du c\u0153ur de Yannick est ouvert \u00e0 l\u2019adresse TSA 21234, 75070 Paris cedex 02 jusqu\u2019au 23\u00a0f\u00e9vrier 2026. Les t\u00e9l\u00e9spectateurs d\u00e9couvriront si l\u2019agriculteur a fait chavirer les c\u0153urs dans quelques semaines, \u00e0 l\u2019\u00e9tape mythique des speed-datings sur les p\u00e9niches parisiennes.<\/p>\n<p class=\" wall-content\">L\u2019\u00e9mission est \u00e0 revoir <a href=\"https:\/\/www.m6.fr\/l-amour-est-dans-le-pre-p_857\" target=\"_blank\" rel=\"noopener\">en replay sur le site de M6<\/a>.<\/p>\n<p class=\" wall-content\">Personnalisez votre actualit\u00e9 en ajoutant vos villes et m\u00e9dias en favori avec <a href=\"https:\/\/moncompte.actu.fr\" title=\"D\u00e9couvez Mon Actu\" rel=\"nofollow noopener\" data-trk=\"{&quot;cta&quot;:{&quot;action&quot;:&quot;https:\\\/\\\/moncompte.actu.fr&quot;,&quot;category&quot;:&quot;mon compte&quot;,&quot;from&quot;:&quot;article footer&quot;,&quot;name&quot;:&quot;Mon actu&quot;,&quot;type&quot;:&quot;cta&quot;}}\" target=\"_blank\">Mon Actu<\/a>.<\/p>\n","protected":false},"excerpt":{"rendered":"Par R\u00e9daction Le Pays d&rsquo;Auge Publi\u00e9 le 28 janv. 2026 \u00e0 20h30 \u00ab\u2009C\u2019est une encyclop\u00e9die doubl\u00e9e d\u2019un moulin&hellip;\n","protected":false},"author":2,"featured_media":696412,"comment_status":"","ping_status":"","sticky":false,"template":"","format":"standard","meta":{"footnotes":""},"categories":[1356],"tags":[58,59,1011,27,9307,104,252,1364],"class_list":{"0":"post-696411","1":"post","2":"type-post","3":"status-publish","4":"format-standard","5":"has-post-thumbnail","7":"category-television","8":"tag-divertissement","9":"tag-entertainment","10":"tag-fr","11":"tag-france","12":"tag-lamour-est-dans-le-pre","13":"tag-societe","14":"tag-television","15":"tag-tv"},"share_on_mastodon":{"url":"https:\/\/pubeurope.com\/@fr\/115976153623726210","error":""},"_links":{"self":[{"href":"https:\/\/www.europesays.com\/fr\/wp-json\/wp\/v2\/posts\/696411","targetHints":{"allow":["GET"]}}],"collection":[{"href":"https:\/\/www.europesays.com\/fr\/wp-json\/wp\/v2\/posts"}],"about":[{"href":"https:\/\/www.europesays.com\/fr\/wp-json\/wp\/v2\/types\/post"}],"author":[{"embeddable":true,"href":"https:\/\/www.europesays.com\/fr\/wp-json\/wp\/v2\/users\/2"}],"replies":[{"embeddable":true,"href":"https:\/\/www.europesays.com\/fr\/wp-json\/wp\/v2\/comments?post=696411"}],"version-history":[{"count":0,"href":"https:\/\/www.europesays.com\/fr\/wp-json\/wp\/v2\/posts\/696411\/revisions"}],"wp:featuredmedia":[{"embeddable":true,"href":"https:\/\/www.europesays.com\/fr\/wp-json\/wp\/v2\/media\/696412"}],"wp:attachment":[{"href":"https:\/\/www.europesays.com\/fr\/wp-json\/wp\/v2\/media?parent=696411"}],"wp:term":[{"taxonomy":"category","embeddable":true,"href":"https:\/\/www.europesays.com\/fr\/wp-json\/wp\/v2\/categories?post=696411"},{"taxonomy":"post_tag","embeddable":true,"href":"https:\/\/www.europesays.com\/fr\/wp-json\/wp\/v2\/tags?post=696411"}],"curies":[{"name":"wp","href":"https:\/\/api.w.org\/{rel}","templated":true}]}}