{"id":696414,"date":"2026-01-29T03:01:19","date_gmt":"2026-01-29T03:01:19","guid":{"rendered":"https:\/\/www.europesays.com\/fr\/696414\/"},"modified":"2026-01-29T03:01:19","modified_gmt":"2026-01-29T03:01:19","slug":"un-million-dentrees-pour-le-chant-des-forets","status":"publish","type":"post","link":"https:\/\/www.europesays.com\/fr\/696414\/","title":{"rendered":"un million d\u2019entr\u00e9es pour Le Chant des for\u00eats"},"content":{"rendered":"<p>\n    Sorti le 17\u00a0d\u00e9cembre, le documentaire de Vincent Munier continue de s\u00e9duire, attirant tous types de spectateurs. Un succ\u00e8s inhabituel pour ce genre de film, qui vient d\u2019\u00eatre nomm\u00e9 deux fois aux C\u00e9sars. D\u00e9cryptage.<\/p>\n<p class=\"fig-paragraph\">\u00ab\u00a0Il n\u2019y a pas d\u2019esp\u00e8ce exotique, je n\u2019ai pas un \u00e9crivain c\u00e9l\u00e8bre \u00e0 mes c\u00f4t\u00e9s, il y a juste mon p\u00e8re et mon fils, qui seront des passeurs. Ce n\u2019est pas \u00e9vident.\u00a0\u00bb Voil\u00e0 ce que disait\u00a0<a href=\"http:\/\/www.lefigaro.fr\/demain\/environnement\/vincent-munier-realisateur-du-chant-des-forets-il-faut-reveiller-notre-emerveillement-20260116\" data-fig-type=\"Article\" data-gtm-custom-categorie=\"navigation\" data-gtm-custom-action=\"crossclick\" data-gtm-custom-label=\"Contextuel\" data-gtm-event=\"customEventSPE\" data-fig-domain=\"LEFIGARO\" target=\"_blank\" rel=\"noopener\">Vincent Munier<\/a>\u00a0quelques jours avant la sortie en salle du Chant des for\u00eats, omettant m\u00eame de se citer. En 2021, pour son premier film,\u00a0<a href=\"https:\/\/www.lefigaro.fr\/culture\/la-panthere-des-neiges-a-l-affut-de-la-beaute-20210713\" data-fig-type=\"Article\" data-gtm-custom-categorie=\"navigation\" data-gtm-custom-action=\"crossclick\" data-gtm-custom-label=\"Contextuel\" data-gtm-event=\"customEventSPE\" data-fig-domain=\"LEFIGARO\" target=\"_blank\" rel=\"noopener\">La\u00a0Panth\u00e8re des neiges<\/a>, le photographe animalier avait invit\u00e9\u00a0<a href=\"https:\/\/www.lefigaro.fr\/tag\/sylvain-tesson\" target=\"_blank\" rel=\"sponsored noopener\" data-gtm-custom-categorie=\"navigation\" data-gtm-custom-action=\"crossclick\" data-gtm-custom-label=\"Contextuel\" data-gtm-event=\"customEventSPE\">Sylvain Tesson<\/a>\u00a0dans sa traque du f\u00e9lin au Tibet. Ce documentaire pas comme les autres avait attir\u00e9 620\u00a0000\u00a0spectateurs, un tr\u00e8s beau succ\u00e8s public. Il faut dire qu\u2019avec deux \u00ab\u00a0t\u00eates d\u2019affiche\u00a0\u00bb, un animal mythique et un \u00e9crivain c\u00e9l\u00e8bre, le public avait de quoi se sentir aimant\u00e9. Cette fois, c\u2019est autre chose.<\/p>\n<p class=\"fig-paragraph\">\u00c0 l\u2019approche de la cinquantaine, Vincent Munier estime qu\u2019il n\u2019a \u00ab\u00a0plus rien \u00e0 prouver apr\u00e8s trente-cinq ans \u00e0 faire de la photo et \u00e0 filmer les animaux\u00a0\u00bb. Ce qu\u2019il veut, c\u2019est partager. On peut dire que son but est atteint. Sorti le 17\u00a0d\u00e9cembre, Le Chant des for\u00eats a atteint le million de spectateurs\u2026<\/p>\n<p class=\"fig-premium-paywall__infos\">\n        Cet article est r\u00e9serv\u00e9 aux abonn\u00e9s.        Il vous reste 84% \u00e0 d\u00e9couvrir.\n    <\/p>\n<p>                <img  data- alt=\"Le Figaro\" class=\"fig-img--complete fig-img\"\/><\/p>\n<p class=\"fig-premium-paywall__title\">Vente Flash<\/p>\n<p class=\"fig-premium-paywall__subtitle\">6,49\u20ac par mois pendant 12 mois<\/p>\n<p class=\"fig-premium-paywall__connect\">\n                D\u00e9j\u00e0 abonn\u00e9\u00a0?                <a class=\"fig-premium-paywall__connect-link\" href=\"https:\/\/connect.lefigaro.fr\/login?client=horizon_web&amp;type=main&amp;redirect_uri=https%3A%2F%2Fwww.lefigaro.fr%2Fcinema%2Fil-devient-un-film-phenomene-un-million-d-entrees-pour-le-chant-des-forets-20260128\" data-js-gtm=\"{&quot;customCategorie&quot;: &quot;conversion&quot;, &quot;customAction&quot;: &quot;before_Landing_Connexion_paywall_auto&quot;, &quot;customLabel&quot;: &quot;bGVmaWdhcm8uZnJfXzFmMGY3NzZiLTU1NGMtNjM5YS05ZmVkLThmYmY5MzAyNmNkMV9fQXJ0aWNsZQ==_\u00ab\u00a0Il devient un film ph\u00e9nom\u00e8ne\u00a0\u00bb\u00a0: un million d\u2019entr\u00e9es pour &lt;i&gt;Le Chant des for\u00eats&lt;\/i&gt;_299&quot;, &quot;customIDSPE&quot;: &quot;bGVmaWdhcm8uZnJfXzFmMGY3NzZiLTU1NGMtNjM5YS05ZmVkLThmYmY5MzAyNmNkMV9fQXJ0aWNsZQ==&quot;, &quot;event&quot;: &quot;customEventSPE&quot;}\" target=\"_blank\" rel=\"noopener\"><br \/>\n                    Connectez-vous<br \/>\n                <\/a>\n            <\/p>\n","protected":false},"excerpt":{"rendered":"Sorti le 17\u00a0d\u00e9cembre, le documentaire de Vincent Munier continue de s\u00e9duire, attirant tous types de spectateurs. Un succ\u00e8s&hellip;\n","protected":false},"author":2,"featured_media":696415,"comment_status":"","ping_status":"","sticky":false,"template":"","format":"standard","meta":{"footnotes":""},"categories":[1354],"tags":[650,58,59,1346,5183,1011,27,1360,31580,774],"class_list":{"0":"post-696414","1":"post","2":"type-post","3":"status-publish","4":"format-standard","5":"has-post-thumbnail","7":"category-films","8":"tag-cinema","9":"tag-divertissement","10":"tag-entertainment","11":"tag-films","12":"tag-foret","13":"tag-fr","14":"tag-france","15":"tag-movies","16":"tag-sylvain-tesson","17":"tag-vosges"},"share_on_mastodon":{"url":"https:\/\/pubeurope.com\/@fr\/115976161481526272","error":""},"_links":{"self":[{"href":"https:\/\/www.europesays.com\/fr\/wp-json\/wp\/v2\/posts\/696414","targetHints":{"allow":["GET"]}}],"collection":[{"href":"https:\/\/www.europesays.com\/fr\/wp-json\/wp\/v2\/posts"}],"about":[{"href":"https:\/\/www.europesays.com\/fr\/wp-json\/wp\/v2\/types\/post"}],"author":[{"embeddable":true,"href":"https:\/\/www.europesays.com\/fr\/wp-json\/wp\/v2\/users\/2"}],"replies":[{"embeddable":true,"href":"https:\/\/www.europesays.com\/fr\/wp-json\/wp\/v2\/comments?post=696414"}],"version-history":[{"count":0,"href":"https:\/\/www.europesays.com\/fr\/wp-json\/wp\/v2\/posts\/696414\/revisions"}],"wp:featuredmedia":[{"embeddable":true,"href":"https:\/\/www.europesays.com\/fr\/wp-json\/wp\/v2\/media\/696415"}],"wp:attachment":[{"href":"https:\/\/www.europesays.com\/fr\/wp-json\/wp\/v2\/media?parent=696414"}],"wp:term":[{"taxonomy":"category","embeddable":true,"href":"https:\/\/www.europesays.com\/fr\/wp-json\/wp\/v2\/categories?post=696414"},{"taxonomy":"post_tag","embeddable":true,"href":"https:\/\/www.europesays.com\/fr\/wp-json\/wp\/v2\/tags?post=696414"}],"curies":[{"name":"wp","href":"https:\/\/api.w.org\/{rel}","templated":true}]}}