{"id":696416,"date":"2026-01-29T03:02:10","date_gmt":"2026-01-29T03:02:10","guid":{"rendered":"https:\/\/www.europesays.com\/fr\/696416\/"},"modified":"2026-01-29T03:02:10","modified_gmt":"2026-01-29T03:02:10","slug":"comment-reconnaitre-la-maladie-a-corps-de-lewy-et-la-differencier-dalzheimer","status":"publish","type":"post","link":"https:\/\/www.europesays.com\/fr\/696416\/","title":{"rendered":"comment reconna\u00eetre la maladie \u00e0 corps de Lewy et la diff\u00e9rencier d\u2019Alzheimer"},"content":{"rendered":"<p>                    Par<br \/>\n        <strong><br \/>\n            <a href=\"https:\/\/actu.fr\/auteur\/redaction-actu\" title=\"Consulter tous les articles de R\u00e9daction Actu\" target=\"_blank\" rel=\"noopener\">R\u00e9daction Actu<\/a><br \/>\n                    <\/strong><\/p>\n<p>        Publi\u00e9 le<\/p>\n<p>            28 janv. 2026 \u00e0 19h02        <\/p>\n<p>La <a href=\"https:\/\/actu.fr\/societe\/maladie-d-alzheimer-ce-nouveau-test-promet-de-detecter-les-trous-de-memoire-en-3-minutes_63567323.html\" target=\"_blank\" rel=\"noopener\">maladie d\u2019Alzheimer<\/a> n\u2019est pas la seule pathologie de type neurod\u00e9g\u00e9n\u00e9ratif qui se manifeste par une alt\u00e9ration de la m\u00e9moire pass\u00e9 50\u00a0ans. <strong>La maladie \u00e0 corps de Lewy \u2013 aussi appel\u00e9e \u00ab\u2009d\u00e9mence \u00e0 corps de Lewy\u2009\u00bb<\/strong> et dont la journ\u00e9e mondiale se tient ce mercredi 28 janvier 2026 \u2013 est tout aussi handicapante.<strong><br \/><\/strong>Une pathologie qui a emport\u00e9 <a href=\"https:\/\/actu.fr\/societe\/catherine-laborde-presentatrice-mythique-de-la-meteo-sur-tf1-est-morte_62176494.html\" target=\"_blank\" rel=\"noopener\">Catherine Laborde, l\u2019ex-pr\u00e9sentatrice m\u00e9t\u00e9o de TF1<\/a>, d\u00e9c\u00e9d\u00e9e l\u2019ann\u00e9e derni\u00e8re \u00e0 l\u2019\u00e2ge de 73 ans. <a href=\"https:\/\/actu.fr\/societe\/mort-de-catherine-laborde-c-est-quoi-la-maladie-a-corps-de-lewy-dont-souffrait-l-ex-presentatrice-meteo_62176254.html\" target=\"_blank\" rel=\"noopener\">Elle en souffrait depuis 2014<\/a>.<\/p>\n<p>Une maladie difficile \u00e0 rep\u00e9rer<\/p>\n<p class=\" wall-content\">\u00ab\u2009D\u00e9couverte dans les ann\u00e9es 1960 puis d\u00e9crite avec pr\u00e9cision au milieu des ann\u00e9es 90, la maladie \u00e0 corps de Lewy (MCL) est une maladie neurod\u00e9g\u00e9n\u00e9rative complexe\u2009\u00bb, d\u00e9crit l\u2019association France Alzheimer.<\/p>\n<p class=\" wall-content\">Baptis\u00e9e ainsi en l\u2019honneur du Dr Friederich Heinrich Lewy qui a \u00e9t\u00e9 le premier \u00e0 d\u00e9crire ces structures, elle a pour cons\u00e9quence, \u00e0 l\u2019image de la maladie <a href=\"https:\/\/actu.fr\/tag\/alzheimer\" target=\"_blank\" rel=\"noopener\">d\u2019Alzheimer<\/a>, <strong>d\u2019alt\u00e9rer la m\u00e9moire et les facult\u00e9s intellectuelles<\/strong>. En fait, elle est caract\u00e9ris\u00e9e par des d\u00e9p\u00f4ts anormaux d\u2019une prot\u00e9ine, l\u2019alpha-synucl\u00e9ine, et affecte les zones du cerveau responsables de la r\u00e9flexion et du mouvement.<\/p>\n<p class=\" wall-content\">En France, pr\u00e8s de 250\u2009000\u00a0personnes seraient concern\u00e9es mais seulement 67\u2009% auraient \u00e9t\u00e9 en r\u00e9alit\u00e9 diagnostiqu\u00e9es. Car beaucoup moins connue, et pr\u00e9sentant des sympt\u00f4mes proches d\u2019autres maladies d\u00e9g\u00e9n\u00e9ratives, <strong>la maladie \u00e0 corps de Lewy est difficile \u00e0 rep\u00e9rer<\/strong>.<\/p>\n<p>Comment la distinguer de la maladie d\u2019Alzheimer\u2009?<\/p>\n<p class=\" wall-content\">Outre les troubles cognitifs, plusieurs manifestations cliniques permettent de diagnostiquer la maladie. En effet, \u00ab\u2009contrairement \u00e0 la maladie d\u2019Alzheimer, les troubles cognitifs s\u2019accompagnent ici de probl\u00e8mes moteurs\u2009\u00bb. Plus l\u00e9gers que dans la maladie de Parkinson, ils se manifestent souvent par une certaine raideur, un ralentissement moteur ou des chutes.<\/p>\n<p class=\" wall-content\">Autre sympt\u00f4me sp\u00e9cifique\u2009: des modifications cardiaques. Ainsi \u00ab\u2009la tension est souvent l\u2019objet de probl\u00e8mes puisqu\u2019elle peut varier de 15 \u00e0 10\u2009\u00bb, note la Fondation Vaincre Alzheimer. Les patients perdent souvent connaissance pour cette raison.<\/p>\n<p>Votre r\u00e9gion, votre actu !<\/p>\n<p>Recevez chaque jour les infos qui comptent pour vous.<\/p>\n<p>\t<a href=\"https:\/\/actu.fr\/newsletter\" class=\"ac-btn ac-btn--corner ac-btn--medium ac-btn--blue800\" target=\"_blank\" rel=\"noopener\">S&rsquo;incrire<\/a><\/p>\n<blockquote class=\"ac-article-quote wall-content\">\n<p>La scintigraphie cardiaque aide le m\u00e9decin \u00e0 distinguer la maladie \u00e0 corps de Lewy de la maladie d\u2019Alzheimer.<\/p>\n<p>    <strong>Fondation Vaincre Alzheimer<\/strong>\n            <\/p><\/blockquote>\n<p class=\" wall-content\">Restent les hallucinations qui constituent un signe sp\u00e9cifique de la maladie \u00e0 corps de Lewy. Le malade a toutefois conscience que ce qu\u2019il voit ou entend n\u2019est pas r\u00e9el. S\u2019ajoutent des sympt\u00f4mes d\u00e9pressifs et des troubles de l\u2019humeur.<\/p>\n<p class=\" wall-content\">Si le tableau n\u2019\u00e9tait pas suffisamment complet, d\u2019autres sympt\u00f4mes, en partie communs \u00e0 ceux de la maladie d\u2019Alzheimer, peuvent aussi vous alerter. La personne peut ainsi \u00e9prouver des difficult\u00e9s \u00e0 raisonner de mani\u00e8re logique et \u00e0 faire plusieurs choses en m\u00eame temps, ainsi que des troubles de la m\u00e9moire et du sommeil.<\/p>\n<p class=\" wall-content\">L\u2019\u00e9volution de la d\u00e9mence \u00e0 corps de Lewy est assez variable d\u2019une personne \u00e0 l\u2019autre.<\/p>\n<p>Quels traitements\u2009?<\/p>\n<p class=\" wall-content\">Les m\u00e9decins ont recours \u00e0 un large panel d\u2019examens\u2009afin d\u2019\u00e9tablir le diagnostic, rendu difficile par la multiplication des sympt\u00f4mes\u2009: scintigraphie c\u00e9r\u00e9brale \u00e0 l\u2019ioflupane (DAT scan), IRM, mesure du sommeil (polysomnographie), scintigraphie cardiaque (pour \u00e9carter la piste Alzheimer), etc.<\/p>\n<p class=\" wall-content\"><strong>Il n\u2019existe pas de traitement curatif.<\/strong> La prise en charge est uniquement symptomatique et destin\u00e9e \u00e0 ralentir la progression de la maladie. Des m\u00e9dicaments permettent de freiner la manifestation des sympt\u00f4mes cognitifs, comme les inhibiteurs de la cholinest\u00e9rase.<\/p>\n<p class=\" wall-content\">Les traitements utilis\u00e9s pour <a href=\"https:\/\/actu.fr\/societe\/la-maladie-de-parkinson-va-exploser-dans-les-annees-a-venir-les-hommes-particulierement-touches_62493173.html\" target=\"_blank\" rel=\"noopener\">la maladie de Parkinson<\/a>, comme la levodopa, am\u00e9liorent notamment la marche. Et la clozapine \u00e0 petite dose r\u00e9duit les hallucinations. Les traitements par inhibiteurs de recapture de la s\u00e9rotonine peuvent \u00eatre indiqu\u00e9s en cas de d\u00e9pression.<\/p>\n<p class=\" wall-content\">\u00c0 noter\u2009: <strong>la maladie \u00e0 corps de Lewy d\u00e9bute g\u00e9n\u00e9ralement apr\u00e8s l\u2019\u00e2ge de 50\u00a0ans<\/strong>.<\/p>\n<p class=\" wall-content\">Avec Destination Sant\u00e9.<\/p>\n<p class=\" wall-content\">Personnalisez votre actualit\u00e9 en ajoutant vos villes et m\u00e9dias en favori avec <a href=\"https:\/\/moncompte.actu.fr\" title=\"D\u00e9couvez Mon Actu\" rel=\"nofollow noopener\" data-trk=\"{&quot;cta&quot;:{&quot;action&quot;:&quot;https:\\\/\\\/moncompte.actu.fr&quot;,&quot;category&quot;:&quot;mon compte&quot;,&quot;from&quot;:&quot;article footer&quot;,&quot;name&quot;:&quot;Mon actu&quot;,&quot;type&quot;:&quot;cta&quot;}}\" target=\"_blank\">Mon Actu<\/a>.<\/p>\n","protected":false},"excerpt":{"rendered":"Par R\u00e9daction Actu Publi\u00e9 le 28 janv. 2026 \u00e0 19h02 La maladie d\u2019Alzheimer n\u2019est pas la seule pathologie&hellip;\n","protected":false},"author":2,"featured_media":696417,"comment_status":"","ping_status":"","sticky":false,"template":"","format":"standard","meta":{"footnotes":""},"categories":[10],"tags":[772,1011,27,72,226,71,104],"class_list":{"0":"post-696416","1":"post","2":"type-post","3":"status-publish","4":"format-standard","5":"has-post-thumbnail","7":"category-sante","8":"tag-alzheimer","9":"tag-fr","10":"tag-france","11":"tag-health","12":"tag-maladie","13":"tag-sante","14":"tag-societe"},"share_on_mastodon":{"url":"https:\/\/pubeurope.com\/@fr\/115976165491685207","error":""},"_links":{"self":[{"href":"https:\/\/www.europesays.com\/fr\/wp-json\/wp\/v2\/posts\/696416","targetHints":{"allow":["GET"]}}],"collection":[{"href":"https:\/\/www.europesays.com\/fr\/wp-json\/wp\/v2\/posts"}],"about":[{"href":"https:\/\/www.europesays.com\/fr\/wp-json\/wp\/v2\/types\/post"}],"author":[{"embeddable":true,"href":"https:\/\/www.europesays.com\/fr\/wp-json\/wp\/v2\/users\/2"}],"replies":[{"embeddable":true,"href":"https:\/\/www.europesays.com\/fr\/wp-json\/wp\/v2\/comments?post=696416"}],"version-history":[{"count":0,"href":"https:\/\/www.europesays.com\/fr\/wp-json\/wp\/v2\/posts\/696416\/revisions"}],"wp:featuredmedia":[{"embeddable":true,"href":"https:\/\/www.europesays.com\/fr\/wp-json\/wp\/v2\/media\/696417"}],"wp:attachment":[{"href":"https:\/\/www.europesays.com\/fr\/wp-json\/wp\/v2\/media?parent=696416"}],"wp:term":[{"taxonomy":"category","embeddable":true,"href":"https:\/\/www.europesays.com\/fr\/wp-json\/wp\/v2\/categories?post=696416"},{"taxonomy":"post_tag","embeddable":true,"href":"https:\/\/www.europesays.com\/fr\/wp-json\/wp\/v2\/tags?post=696416"}],"curies":[{"name":"wp","href":"https:\/\/api.w.org\/{rel}","templated":true}]}}