{"id":696420,"date":"2026-01-29T03:04:13","date_gmt":"2026-01-29T03:04:13","guid":{"rendered":"https:\/\/www.europesays.com\/fr\/696420\/"},"modified":"2026-01-29T03:04:13","modified_gmt":"2026-01-29T03:04:13","slug":"beatrice-dalle-revele-ses-problemes-dargent-jai-pas-de-thune-jai-pas-dappart","status":"publish","type":"post","link":"https:\/\/www.europesays.com\/fr\/696420\/","title":{"rendered":"B\u00e9atrice Dalle r\u00e9v\u00e8le ses probl\u00e8mes d\u2019argent\u00a0: \u00ab\u00a0J\u2019ai pas de thune, j\u2019ai pas d\u2019appart\u00a0\u00bb"},"content":{"rendered":"<p>\n                                                                    l&rsquo;essentiel<br \/>\n                                                                L\u2019actrice B\u00e9atrice Dalle a confi\u00e9 ses probl\u00e8mes d\u2019argent dans l\u2019\u00e9mission \u00ab\u00a0Clique\u00a0\u00bb de Mouloud Achour sur Canal +. Elle affirme ne pas avoir de logement \u00e0 elle, ni d\u2019argent.\n                            <\/p>\n<p>On a beau \u00eatre une actrice star du cin\u00e9ma fran\u00e7ais et \u00eatre fauch\u00e9e. B\u00e9atrice Dalle traverse d\u2019importantes difficult\u00e9s financi\u00e8res. Cash sur sa situation, elle confie\u00a0: \u00ab\u00a0J\u2019ai pas de thune, j\u2019ai pas d\u2019appart\u00a0\u00bb. La com\u00e9dienne \u00e9tait l\u2019invit\u00e9e de l\u2019\u00e9mission \u00ab\u00a0Clique\u00a0\u00bb sur Canal +\u00a0le mardi 27\u00a0janvier.<\/p>\n<p>L\u2019ancienne compagne de JoeyStarr a expliqu\u00e9 qu\u2019elle vivait dans \u00ab\u00a0un appart dont l\u2019immeuble a \u00e9t\u00e9 vendu\u00a0\u00bb. \u00ab\u00a0C\u2019est comme si je squattais\u00a0\u00bb, assure-t-elle. En revanche elle n\u2019a pas expliqu\u00e9 pourquoi elle se trouvait dans cette situation malgr\u00e9 les films \u00e0 succ\u00e8s de sa carri\u00e8re depuis \u00ab\u00a037,2\u00b0C le matin\u00a0\u00bb tourn\u00e9 \u00e0 Gruissan dans l\u2019<a href=\"https:\/\/www.ladepeche.fr\/communes\/aude,11\/\" target=\"_blank\" rel=\"noopener\">Aude<\/a> et sorti en 1986.<\/p>\n<p>Connue pour son caract\u00e8re entier, rebelle et sa grande gueule, B\u00e9atrice Dalle reconna\u00eet avoir refus\u00e9 des r\u00f4les, parfois tr\u00e8s bien pay\u00e9s, au cours de sa carri\u00e8re. Mais elle n\u2019a aucun remords. \u00ab\u00a0Je m\u2019en fous, je ne regrette pas du tout parce que je pense que ma dignit\u00e9 n\u2019a pas de prix\u00a0\u00bb. Et d\u2019ajouter\u00a0: \u00ab\u00a0Si je n\u2019avais pas eu cette \u00e9thique et cette mani\u00e8re de vivre, ces gens-l\u00e0 ne seraient pas venus me trouver non plus et ils ne se seraient pas int\u00e9ress\u00e9s \u00e0 moi\u00a0\u00bb.<\/p>\n<\/p>\n<p>Elle d\u00e9clarait dans <a href=\"https:\/\/www.rfi.fr\/fr\/podcasts\/invit%C3%A9-culture\/20260104-b%C3%A9atrice-dalle-%C3%A0-l-affiche-du-premier-long-m%C3%A9trage-laurent-dans-le-vent\" target=\"_blank\" rel=\"noopener\">une interview \u00e0 RFI<\/a> r\u00e9cemment\u00a0: \u00ab\u00a0Je joue telle que je suis dans la vie. Il n\u2019y a jamais aucun calcul. Dans ma vie, il n\u2019y a aucun calcul. Pour moi, calculer quelque chose, cela veut forc\u00e9ment dire mensonge\u00a0\u00bb. \u00c2g\u00e9e de 61 ans, B\u00e9atrice Dalle est rest\u00e9e dix ans en couple avec JoeyStarr. Elle n\u2019a jamais voulu d\u2019enfants. \u00ab\u00a0Un enfant, je n\u2019en ai jamais voulu. Ma vie est plus importante\u00a0\u00bb.<\/p>\n<p>B\u00e9atrice Dalle est actuellement \u00e0 l\u2019affiche de \u00ab\u00a0Laurent dans le vent\u00a0\u00bb d\u2019Anton Balekdjian et L\u00e9o Couture dans lequel elle campe le r\u00f4le de Sophia, une m\u00e8re c\u00e9libataire exil\u00e9e \u00e0 la montagne avec son grand fils.<\/p>\n","protected":false},"excerpt":{"rendered":"l&rsquo;essentiel L\u2019actrice B\u00e9atrice Dalle a confi\u00e9 ses probl\u00e8mes d\u2019argent dans l\u2019\u00e9mission \u00ab\u00a0Clique\u00a0\u00bb de Mouloud Achour sur Canal +.&hellip;\n","protected":false},"author":2,"featured_media":696421,"comment_status":"","ping_status":"","sticky":false,"template":"","format":"standard","meta":{"footnotes":""},"categories":[8],"tags":[58,59,1011,27,973],"class_list":{"0":"post-696420","1":"post","2":"type-post","3":"status-publish","4":"format-standard","5":"has-post-thumbnail","7":"category-divertissement","8":"tag-divertissement","9":"tag-entertainment","10":"tag-fr","11":"tag-france","12":"tag-people"},"share_on_mastodon":{"url":"https:\/\/pubeurope.com\/@fr\/115976173207126651","error":""},"_links":{"self":[{"href":"https:\/\/www.europesays.com\/fr\/wp-json\/wp\/v2\/posts\/696420","targetHints":{"allow":["GET"]}}],"collection":[{"href":"https:\/\/www.europesays.com\/fr\/wp-json\/wp\/v2\/posts"}],"about":[{"href":"https:\/\/www.europesays.com\/fr\/wp-json\/wp\/v2\/types\/post"}],"author":[{"embeddable":true,"href":"https:\/\/www.europesays.com\/fr\/wp-json\/wp\/v2\/users\/2"}],"replies":[{"embeddable":true,"href":"https:\/\/www.europesays.com\/fr\/wp-json\/wp\/v2\/comments?post=696420"}],"version-history":[{"count":0,"href":"https:\/\/www.europesays.com\/fr\/wp-json\/wp\/v2\/posts\/696420\/revisions"}],"wp:featuredmedia":[{"embeddable":true,"href":"https:\/\/www.europesays.com\/fr\/wp-json\/wp\/v2\/media\/696421"}],"wp:attachment":[{"href":"https:\/\/www.europesays.com\/fr\/wp-json\/wp\/v2\/media?parent=696420"}],"wp:term":[{"taxonomy":"category","embeddable":true,"href":"https:\/\/www.europesays.com\/fr\/wp-json\/wp\/v2\/categories?post=696420"},{"taxonomy":"post_tag","embeddable":true,"href":"https:\/\/www.europesays.com\/fr\/wp-json\/wp\/v2\/tags?post=696420"}],"curies":[{"name":"wp","href":"https:\/\/api.w.org\/{rel}","templated":true}]}}