{"id":696424,"date":"2026-01-29T03:06:17","date_gmt":"2026-01-29T03:06:17","guid":{"rendered":"https:\/\/www.europesays.com\/fr\/696424\/"},"modified":"2026-01-29T03:06:17","modified_gmt":"2026-01-29T03:06:17","slug":"jamais-autant-dentreprises-navaient-ete-creees-en-france-mais-il-y-a-un-mais","status":"publish","type":"post","link":"https:\/\/www.europesays.com\/fr\/696424\/","title":{"rendered":"Jamais autant d\u2019entreprises n\u2019avaient \u00e9t\u00e9 cr\u00e9\u00e9es en France (mais, il y a un mais)"},"content":{"rendered":"<p>Selon les derni\u00e8res donn\u00e9es de l\u2019Insee publi\u00e9es ce 28 janvier 2026, l\u2019ann\u00e9e qui vient de s\u2019\u00e9couler a marqu\u00e9 un tournant historique pour le dynamisme entrepreneurial fran\u00e7ais avec <strong>un total in\u00e9dit de 1\u00a0170\u00a0000 cr\u00e9ations d\u2019entreprises<\/strong>. Une progression de 4,9\u00a0% par rapport \u00e0 2024 qui confirme que l\u2019envie d\u2019entreprendre reste solidement ancr\u00e9e dans l\u2019Hexagone.<\/p>\n<p>L\u2019ann\u00e9e 2025 s\u2019est termin\u00e9e sur une acc\u00e9l\u00e9ration surprise. Apr\u00e8s un mois de novembre timide (+0,7\u00a0%), le nombre de cr\u00e9ations a bondi de 3,9\u00a0% en d\u00e9cembre. Ce \u00ab\u00a0sprint final\u00a0\u00bb permet de clore l\u2019exercice sur un sommet statistique jamais atteint auparavant.<\/p>\n<p> <img loading=\"lazy\" decoding=\"async\" class=\"size-full wp-image-695928\" src=\"https:\/\/www.europesays.com\/fr\/wp-content\/uploads\/2026\/01\/outils-organisation-auto-entrepreneurs.jpg\" alt=\"Outils Organisation Auto Entrepreneurs\" width=\"1920\" height=\"1280\"  \/>\u00a9 antoniodiaz \/ Shutterstock.com La micro-entreprise au sommet <\/p>\n<p>La <a href=\"https:\/\/www.presse-citron.net\/micro-entrepreneur-are-cumul\/\" target=\"_blank\" rel=\"noopener\">micro-entreprise<\/a> demeure, de loin, le choix num\u00e9ro un en France. <strong>En d\u00e9cembre 2025, ce r\u00e9gime a repr\u00e9sent\u00e9 pr\u00e8s de 60\u00a0% des cr\u00e9ations totales d\u2019entreprises<\/strong>. Bien que leur rythme de croissance ait l\u00e9g\u00e8rement fl\u00e9chi en fin d\u2019ann\u00e9e, passant de +2,7\u00a0% en novembre \u00e0 +1,8\u00a0% en d\u00e9cembre, le volume de nouvelles immatriculations reste massif et t\u00e9moigne d\u2019une dynamique qui ne se d\u00e9ment pas.<\/p>\n<p>Parall\u00e8lement \u00e0 cette h\u00e9g\u00e9monie de <a href=\"https:\/\/www.presse-citron.net\/formation\/metier\/entrepreneur\/\" target=\"_blank\" rel=\"noopener\">l\u2019auto-entreprenariat<\/a>, le mois de d\u00e9cembre a \u00e9t\u00e9 marqu\u00e9 par un r\u00e9veil brutal et spectaculaire des statuts plus traditionnels. <strong>Les entreprises individuelles classiques ont ainsi enregistr\u00e9 un bond impressionnant de 15,6\u00a0%<\/strong>, tandis que les cr\u00e9ations de soci\u00e9t\u00e9s ont progress\u00e9 de 5,7\u00a0% sur un mois.<\/p>\n<p>Ce regain de vitalit\u00e9 permet d\u2019\u00e9quilibrer le bilan annuel\u00a0: sur l\u2019ensemble de l\u2019ann\u00e9e 2025, les soci\u00e9t\u00e9s et les micro-entrepreneurs affichent une progression identique de 5,9\u00a0%.<\/p>\n<p> <img loading=\"lazy\" decoding=\"async\" class=\"size-full wp-image-668111\" src=\"https:\/\/www.europesays.com\/fr\/wp-content\/uploads\/2026\/01\/micro-entreprise-acre.jpg\" alt=\"Micro Entreprise Acre\" width=\"1920\" height=\"1280\"  \/>\u00a9 Kateryna Onyshchuk \/ Shutterstock.com Analyse sectorielle\u00a0: entre locomotives et points noirs <\/p>\n<p>Le grand gagnant de cette dynamique est le secteur du soutien aux entreprises, dont les cr\u00e9ations ont acc\u00e9l\u00e9r\u00e9 de 6,9\u00a0% en d\u00e9cembre. Les transports et l\u2019entreposage affichent aussi une sant\u00e9 de fer (+7,2\u00a0%), tout comme le commerce (+4,3\u00a0%).<\/p>\n<p>Attention toutefois aux nuances techniques\u00a0: le boom des \u00ab\u00a0activit\u00e9s de si\u00e8ges sociaux\u00a0\u00bb est en partie li\u00e9 \u00e0 un changement de classification administrative des codes APE, qui a m\u00e9caniquement gonfl\u00e9 les chiffres de ce secteur au d\u00e9triment de la finance et de l\u2019assurance. \u00c0 l\u2019inverse, <strong>la construction reste le point noir du tableau, avec une baisse de 2,5\u00a0% en d\u00e9cembre, poursuivant son d\u00e9clin<\/strong>.<\/p>\n<p>\u00c0 noter, tout de m\u00eame, que si ces records sont une excellente nouvelle pour l\u2019attractivit\u00e9 fran\u00e7aise, ils doivent \u00eatre nuanc\u00e9s. Comme souvent en p\u00e9riode de forte activit\u00e9, le nombre de d\u00e9faillances d\u2019entreprises reste un indicateur crucial \u00e0 surveiller pour mesurer la viabilit\u00e9 r\u00e9elle de ces nouveaux projets sur le long terme. Et <a href=\"https:\/\/www.presse-citron.net\/la-french-tech-en-souffrance-les-faillites-encore-en-hausse\/\" target=\"_blank\" rel=\"noopener\">ils sont en hausse<\/a> depuis 2023.<\/p>\n<ul class=\"tldr\">\n<li>L\u2019entrepreneuriat fran\u00e7ais a battu un record historique en 2025 avec 1,17 million de cr\u00e9ations, soit +4,9\u00a0% sur un an.<\/li>\n<li>La micro-entreprise reste ultra-dominante (pr\u00e8s de 60\u00a0% des cr\u00e9ations), mais la fin d\u2019ann\u00e9e a aussi marqu\u00e9 le retour en force des statuts plus classiques.<\/li>\n<li>Attention toutefois \u00e0 l\u2019envers du d\u00e9cor\u00a0: certains secteurs comme la construction d\u00e9crochent, et les d\u00e9faillances d\u2019entreprises, en hausse depuis 2023, rappellent que cr\u00e9er est une chose, et que durer en est une autre.<\/li>\n<\/ul>\n<blockquote>\n<p class=\"text-base text-neutral-700 dark:text-neutral-300\">\ud83d\udccd Pour ne manquer aucune actualit\u00e9 de Presse-citron, suivez-nous sur <a href=\"https:\/\/news.google.com\/publications\/CAAqBggKMIPiNTC70wU?hl=fr&amp;gl=FR&amp;ceid=FR%3Afr\" target=\"_blank\" rel=\"noopener\">Google Actualit\u00e9s<\/a> et <a href=\"https:\/\/whatsapp.com\/channel\/0029VaCkGuz4NViitBXbEr0b\" target=\"_blank\" rel=\"noopener\">WhatsApp<\/a>.<\/p>\n<\/blockquote>\n","protected":false},"excerpt":{"rendered":"Selon les derni\u00e8res donn\u00e9es de l\u2019Insee publi\u00e9es ce 28 janvier 2026, l\u2019ann\u00e9e qui vient de s\u2019\u00e9couler a marqu\u00e9&hellip;\n","protected":false},"author":2,"featured_media":696425,"comment_status":"","ping_status":"","sticky":false,"template":"","format":"standard","meta":{"footnotes":""},"categories":[6],"tags":[35,33,34,15271,79174,257,1011,27],"class_list":{"0":"post-696424","1":"post","2":"type-post","3":"status-publish","4":"format-standard","5":"has-post-thumbnail","7":"category-economie","8":"tag-business","9":"tag-economie","10":"tag-economy","11":"tag-entrepreneurs","12":"tag-entrepreneuses","13":"tag-entreprise","14":"tag-fr","15":"tag-france"},"share_on_mastodon":{"url":"https:\/\/pubeurope.com\/@fr\/115976181285813926","error":""},"_links":{"self":[{"href":"https:\/\/www.europesays.com\/fr\/wp-json\/wp\/v2\/posts\/696424","targetHints":{"allow":["GET"]}}],"collection":[{"href":"https:\/\/www.europesays.com\/fr\/wp-json\/wp\/v2\/posts"}],"about":[{"href":"https:\/\/www.europesays.com\/fr\/wp-json\/wp\/v2\/types\/post"}],"author":[{"embeddable":true,"href":"https:\/\/www.europesays.com\/fr\/wp-json\/wp\/v2\/users\/2"}],"replies":[{"embeddable":true,"href":"https:\/\/www.europesays.com\/fr\/wp-json\/wp\/v2\/comments?post=696424"}],"version-history":[{"count":0,"href":"https:\/\/www.europesays.com\/fr\/wp-json\/wp\/v2\/posts\/696424\/revisions"}],"wp:featuredmedia":[{"embeddable":true,"href":"https:\/\/www.europesays.com\/fr\/wp-json\/wp\/v2\/media\/696425"}],"wp:attachment":[{"href":"https:\/\/www.europesays.com\/fr\/wp-json\/wp\/v2\/media?parent=696424"}],"wp:term":[{"taxonomy":"category","embeddable":true,"href":"https:\/\/www.europesays.com\/fr\/wp-json\/wp\/v2\/categories?post=696424"},{"taxonomy":"post_tag","embeddable":true,"href":"https:\/\/www.europesays.com\/fr\/wp-json\/wp\/v2\/tags?post=696424"}],"curies":[{"name":"wp","href":"https:\/\/api.w.org\/{rel}","templated":true}]}}