{"id":696466,"date":"2026-01-29T03:33:12","date_gmt":"2026-01-29T03:33:12","guid":{"rendered":"https:\/\/www.europesays.com\/fr\/696466\/"},"modified":"2026-01-29T03:33:12","modified_gmt":"2026-01-29T03:33:12","slug":"toulouse-des-parents-et-des-enseignants-mobilises-pour-le-droit-a-la-scolarite-des-enfants-sans-papiers","status":"publish","type":"post","link":"https:\/\/www.europesays.com\/fr\/696466\/","title":{"rendered":"Toulouse\u00a0: des parents et des enseignants mobilis\u00e9s pour le droit \u00e0 la scolarit\u00e9 des enfants sans papiers"},"content":{"rendered":"<p>\n                                                                    l&rsquo;essentiel<br \/>\n                                                                La solidarit\u00e9 s\u2019organise autour du groupe scolaire Ferdinand-de-Lesseps \u00e0 Toulouse pour soutenir des familles sans-papiers. Un petit-d\u00e9jeuner solidaire vise \u00e0 recueillir des signatures pour leur r\u00e9gularisation. Un rassemblement est pr\u00e9vu le 18\u00a0f\u00e9vrier devant la pr\u00e9fecture.\n                            <\/p>\n<p>Mercredi matin, le groupe scolaire Ferdinand-de-Lesseps, dans le quartier des Pradettes, est devenu le th\u00e9\u00e2tre d\u2019un \u00e9lan de solidarit\u00e9. Port\u00e9e depuis plusieurs ann\u00e9es par des parents, des enseignants et des membres de R\u00e9seau \u00c9ducation Sans Fronti\u00e8res (RESF 31), cette action prend la forme d\u2019un petit-d\u00e9jeuner solidaire. \u00ab\u00a0Ce moment permet de recueillir des signatures pour demander la r\u00e9gularisation de personnes sans-papiers\u00a0\u00bb, rappelle Annie Casties-Latapie, membre de RESF 31. Cette mobilisation porte ses fruits\u00a0: l\u2019an dernier, le r\u00e9examen de certains dossiers par la pr\u00e9fecture a permis \u00e0 des \u00e9tudiantes de poursuivre leur cursus.<\/p>\n<p>Cette semaine, l\u2019attention se porte sur trois familles originaires d\u2019Albanie, d\u2019Afrique subsaharienne et de G\u00e9orgie, dont les enfants sont scolaris\u00e9s dans l\u2019\u00e9tablissement. Bien qu\u2019elles soient en danger dans leur pays d\u2019origine, leurs demandes d\u2019asile ont \u00e9t\u00e9 rejet\u00e9es. \u00ab\u00a0Qui dit sans-papiers dit souvent sans logement\u00a0\u00bb, d\u00e9plore Anne Bonnet, enseignante retrait\u00e9e. \u00ab\u00a0Dans ces conditions, il est difficile pour les enfants de suivre une scolarit\u00e9 normale, alors qu\u2019il s\u2019agit d\u2019un droit universel.\u00a0\u00bb<\/p>\n<p>Ce mouvement s\u2019inscrit dans une campagne de r\u00e9gularisation plus large \u00e0 Toulouse, relanc\u00e9e le 11\u00a0janvier dernier. L\u2019objectif reste d\u2019obtenir une r\u00e9vision administrative pour chaque situation. Annie Casties-Latapie souligne l\u2019urgence de la situation\u00a0: \u00ab\u00a0Un rassemblement est pr\u00e9vu le 18\u00a0f\u00e9vrier \u00e0 16\u00a0h\u00a030 devant la pr\u00e9fecture de Haute-Garonne pour demander le r\u00e9examen de ces dossiers.\u00a0\u00bb Elle rappelle \u00e9galement que beaucoup de ces familles travaillent et remplissent les crit\u00e8res d\u2019int\u00e9gration, malgr\u00e9 des proc\u00e9dures de r\u00e9gularisation devenues de plus en plus complexes.<\/p>\n<p>Le prochain rassemblement se fait mercredi 4\u00a0f\u00e9vrier \u00e0 7\u00a0h\u00a045 devant l\u2019\u00e9cole Matabiau \u00e0 Toulouse.<\/p>\n","protected":false},"excerpt":{"rendered":"l&rsquo;essentiel La solidarit\u00e9 s\u2019organise autour du groupe scolaire Ferdinand-de-Lesseps \u00e0 Toulouse pour soutenir des familles sans-papiers. Un petit-d\u00e9jeuner&hellip;\n","protected":false},"author":2,"featured_media":696467,"comment_status":"","ping_status":"","sticky":false,"template":"","format":"standard","meta":{"footnotes":""},"categories":[2816],"tags":[1111,11,1777,674,1011,27,329,2722,12,2680,25,1857,1932,2312],"class_list":{"0":"post-696466","1":"post","2":"type-post","3":"status-publish","4":"format-standard","5":"has-post-thumbnail","7":"category-toulouse","8":"tag-actu","9":"tag-actualites","10":"tag-eu","11":"tag-europe","12":"tag-fr","13":"tag-france","14":"tag-france-monde","15":"tag-haute-garonne","16":"tag-news","17":"tag-occitanie","18":"tag-republique-francaise","19":"tag-sociu00e9tu00e9","20":"tag-solidaritu00e9","21":"tag-toulouse"},"share_on_mastodon":{"url":"https:\/\/pubeurope.com\/@fr\/115976287242822642","error":""},"_links":{"self":[{"href":"https:\/\/www.europesays.com\/fr\/wp-json\/wp\/v2\/posts\/696466","targetHints":{"allow":["GET"]}}],"collection":[{"href":"https:\/\/www.europesays.com\/fr\/wp-json\/wp\/v2\/posts"}],"about":[{"href":"https:\/\/www.europesays.com\/fr\/wp-json\/wp\/v2\/types\/post"}],"author":[{"embeddable":true,"href":"https:\/\/www.europesays.com\/fr\/wp-json\/wp\/v2\/users\/2"}],"replies":[{"embeddable":true,"href":"https:\/\/www.europesays.com\/fr\/wp-json\/wp\/v2\/comments?post=696466"}],"version-history":[{"count":0,"href":"https:\/\/www.europesays.com\/fr\/wp-json\/wp\/v2\/posts\/696466\/revisions"}],"wp:featuredmedia":[{"embeddable":true,"href":"https:\/\/www.europesays.com\/fr\/wp-json\/wp\/v2\/media\/696467"}],"wp:attachment":[{"href":"https:\/\/www.europesays.com\/fr\/wp-json\/wp\/v2\/media?parent=696466"}],"wp:term":[{"taxonomy":"category","embeddable":true,"href":"https:\/\/www.europesays.com\/fr\/wp-json\/wp\/v2\/categories?post=696466"},{"taxonomy":"post_tag","embeddable":true,"href":"https:\/\/www.europesays.com\/fr\/wp-json\/wp\/v2\/tags?post=696466"}],"curies":[{"name":"wp","href":"https:\/\/api.w.org\/{rel}","templated":true}]}}