{"id":69647,"date":"2025-05-02T15:42:10","date_gmt":"2025-05-02T15:42:10","guid":{"rendered":"https:\/\/www.europesays.com\/fr\/69647\/"},"modified":"2025-05-02T15:42:10","modified_gmt":"2025-05-02T15:42:10","slug":"grenoble-un-homme-chute-dun-pont-sur-la-rocade-sud-la-circulation-coupee","status":"publish","type":"post","link":"https:\/\/www.europesays.com\/fr\/69647\/","title":{"rendered":"Grenoble. Un homme chute d\u2019un pont sur la rocade sud, la circulation coup\u00e9e"},"content":{"rendered":"<p>Les sapeurs-pompiers et une \u00e9quipe du Samu 38 sont \u00e0 pied d\u2019\u0153uvre pour tenter de sauver un homme qui est tomb\u00e9 du pont qui enjambe la rocade sud\u00a0sur le cours de la Lib\u00e9ration \u00e0 Grenoble, vers 16\u00a0h\u00a030 ce vendredi 2\u00a0mai.<\/p>\n<p>La victime, dont on ignore encore si elle a fait une chute accidentelle ou si elle a s\u2019est volontairement jet\u00e9e dans le vide pour mettre fin \u00e0 ses jours, est tomb\u00e9e sur les voies dans le sens Grenoble-Chamb\u00e9ry et se trouvait en arr\u00eat cardiorespiratoire \u00e0 l\u2019arriv\u00e9e des secours.<\/p>\n<p>La circulation dans ce sens a donc \u00e9t\u00e9 coup\u00e9e pour leur permettre d\u2019intervenir en toute s\u00e9curit\u00e9.<\/p>\n","protected":false},"excerpt":{"rendered":"Les sapeurs-pompiers et une \u00e9quipe du Samu 38 sont \u00e0 pied d\u2019\u0153uvre pour tenter de sauver un homme&hellip;\n","protected":false},"author":2,"featured_media":69648,"comment_status":"","ping_status":"","sticky":false,"template":"","format":"standard","meta":{"footnotes":""},"categories":[9566],"tags":[119,1111,11,2430,112,1777,674,274,107,1011,27,2731,2732,108,12,25],"class_list":{"0":"post-69647","1":"post","2":"type-post","3":"status-publish","4":"format-standard","5":"has-post-thumbnail","7":"category-grenoble","8":"tag-accident","9":"tag-actu","10":"tag-actualites","11":"tag-auvergne-rhone-alpes","12":"tag-edition-grenoble-agglomeration","13":"tag-eu","14":"tag-europe","15":"tag-faits-divers-justice","16":"tag-fil-info","17":"tag-fr","18":"tag-france","19":"tag-grenoble","20":"tag-grenoble-bassin","21":"tag-isere","22":"tag-news","23":"tag-republique-francaise"},"share_on_mastodon":{"url":"https:\/\/pubeurope.com\/@fr\/114439005376169955","error":""},"_links":{"self":[{"href":"https:\/\/www.europesays.com\/fr\/wp-json\/wp\/v2\/posts\/69647","targetHints":{"allow":["GET"]}}],"collection":[{"href":"https:\/\/www.europesays.com\/fr\/wp-json\/wp\/v2\/posts"}],"about":[{"href":"https:\/\/www.europesays.com\/fr\/wp-json\/wp\/v2\/types\/post"}],"author":[{"embeddable":true,"href":"https:\/\/www.europesays.com\/fr\/wp-json\/wp\/v2\/users\/2"}],"replies":[{"embeddable":true,"href":"https:\/\/www.europesays.com\/fr\/wp-json\/wp\/v2\/comments?post=69647"}],"version-history":[{"count":0,"href":"https:\/\/www.europesays.com\/fr\/wp-json\/wp\/v2\/posts\/69647\/revisions"}],"wp:featuredmedia":[{"embeddable":true,"href":"https:\/\/www.europesays.com\/fr\/wp-json\/wp\/v2\/media\/69648"}],"wp:attachment":[{"href":"https:\/\/www.europesays.com\/fr\/wp-json\/wp\/v2\/media?parent=69647"}],"wp:term":[{"taxonomy":"category","embeddable":true,"href":"https:\/\/www.europesays.com\/fr\/wp-json\/wp\/v2\/categories?post=69647"},{"taxonomy":"post_tag","embeddable":true,"href":"https:\/\/www.europesays.com\/fr\/wp-json\/wp\/v2\/tags?post=69647"}],"curies":[{"name":"wp","href":"https:\/\/api.w.org\/{rel}","templated":true}]}}