{"id":696488,"date":"2026-01-29T03:48:22","date_gmt":"2026-01-29T03:48:22","guid":{"rendered":"https:\/\/www.europesays.com\/fr\/696488\/"},"modified":"2026-01-29T03:48:22","modified_gmt":"2026-01-29T03:48:22","slug":"bientot-une-rencontre-entre-volodymyr-zelensky-et-vladimir-poutine-moscou-invite-de-nouveau-le-president-ukrainien","status":"publish","type":"post","link":"https:\/\/www.europesays.com\/fr\/696488\/","title":{"rendered":"Bient\u00f4t une rencontre entre Volodymyr Zelensky et Vladimir Poutine? Moscou invite de nouveau le pr\u00e9sident ukrainien"},"content":{"rendered":"<p>Le conseiller diplomatique du Kremlin assure que la s\u00e9curit\u00e9 du pr\u00e9sident ukrainien sera \u00ab\u00a0garantie\u00a0\u00bb s&rsquo;il se rend \u00e0 Moscou. En cas de rencontre, la discussion devra \u00eatre \u00ab\u00a0bien pr\u00e9par\u00e9e\u00a0\u00bb et \u00ab\u00a0viser l&rsquo;obtention de r\u00e9sultats positifs pr\u00e9cis\u00a0\u00bb.<\/p>\n<p>\u00ab\u00a0Nous serions heureux de l&rsquo;accueillir \u00e0 Moscou\u00a0\u00bb. Le conseiller diplomatique du Kremlin, Iouri Ouchakov, a invit\u00e9 Volodymyr Zelensky \u00e0 Moscou pour rencontrer son homologue russe \u00e0 Moscou, selon l&rsquo;agence russe <a href=\"https:\/\/tass.com\/politics\/2077975\" target=\"_blank\" class=\"external_link\" rel=\"noopener\">Tass<\/a> et le m\u00e9dia ukrainien <a href=\"https:\/\/kyivindependent.com\/russia-says-its-ready-for-zelensky-putin-meeting\/\" target=\"_blank\" class=\"external_link\" rel=\"noopener\">The Kyiv independant<\/a>.<\/p>\n<p>Une invitation prononc\u00e9e apr\u00e8s que le ministre ukrainien des Affaires \u00e9trang\u00e8res Andrii Sybiha a affirm\u00e9 que le pr\u00e9sident ukrainien \u00e9tait pr\u00eat \u00e0 rencontrer Vladimir Poutine pour discuter de deux importants aspects des <a href=\"https:\/\/www.bfmtv.com\/international\/europe\/ukraine\/guerre-en-ukraine-l-envoye-special-americain-assure-qu-il-ne-reste-qu-un-point-a-regler-dans-les-negociations_AD-202601220263.html\" title=\"Guerre en Ukraine: l&#039;envoy\u00e9 sp\u00e9cial am\u00e9ricain assure qu&#039;il ne reste qu&#039;&quot;un point \u00e0 r\u00e9gler&quot; dans les n\u00e9gociations de paix\" class=\"internal_link\" target=\"_blank\" rel=\"noopener\">n\u00e9gociations de paix<\/a>, les quesions territoriales et l&rsquo;avenir de la <a href=\"https:\/\/www.bfmtv.com\/international\/europe\/ukraine\/deconnectee-depuis-une-semaine-la-centrale-nucleaire-ukrainienne-de-zaporijia-ne-presente-pas-de-danger-immediat-selon-l-aiea_AD-202510010343.html\" title=\"D\u00e9connect\u00e9e depuis une semaine, la centrale nucl\u00e9aire ukrainienne de Zaporijia ne pr\u00e9sente &quot;pas de danger imm\u00e9diat&quot;, selon l&#039;AIEA\" class=\"internal_link\" target=\"_blank\" rel=\"noopener\">centrale nucl\u00e9aire Zaporijia<\/a>, actuellement occup\u00e9e par les Russes.<\/p>\n<p>\u00ab\u00a0Notre pr\u00e9sident a d\u00e9clar\u00e9 \u00e0 plusieurs reprises aux journalistes que si Volodymyr Zelensky est r\u00e9ellement pr\u00eat pour une rencontre, nous serions heureux de l\u2019accueillir \u00e0 Moscou\u00a0\u00bb, a assur\u00e9 Iouri Ouchakov devant la presse ce mardi 28 janvier. \u00ab\u00a0Nous n&rsquo;avons jamais refus\u00e9 et ne refusons pas de tels contacts\u00a0\u00bb.<\/p>\n<p>La s\u00e9curit\u00e9 de Volodymyr Zelensky \u00ab\u00a0garantie\u00a0\u00bb<\/p>\n<p>Le conseiller du Kremlin a par ailleurs avanc\u00e9 que cette rencontre devrait \u00eatre \u00ab\u00a0bien pr\u00e9par\u00e9e\u00a0\u00bb et \u00ab\u00a0viser l&rsquo;obtention de r\u00e9sultats positifs pr\u00e9cis\u00a0\u00bb.<\/p>\n<blockquote class=\"embed embed_quote\"><p>\u00ab\u00a0Nous garantirons la s\u00e9curit\u00e9 (de Volodymyr Zelensky) et les conditions de travail n\u00e9cessaires\u00a0\u00bb, a-t-il affirm\u00e9.<\/p><\/blockquote>\n<p>Selon Tass, il a \u00e9galement indiqu\u00e9 que la possibilit\u00e9 d&rsquo;une rencontre entre les deux dirigeants a \u00e9t\u00e9 abord\u00e9e \u00e0 plusieurs reprises lors d&rsquo;entretiens t\u00e9l\u00e9phoniques entre Vladimir Poutine et Donald Trump.<\/p>\n<p>Cette proposition intervient apr\u00e8s les premi\u00e8res n\u00e9gociations directes connues entre Kiev et Moscou sur le plan am\u00e9rician de r\u00e8glement de conflit organis\u00e9es ce week-end \u00e0 <a href=\"https:\/\/www.bfmtv.com\/international\/asie\/russie\/apres-une-rencontre-jugee-utile-entre-vladimir-poutine-et-steve-witkoff-le-kremlin-annonce-une-reunion-trilaterale-a-abou-dhabi-ce-vendredi_AD-202601230140.html\" title=\"Apr\u00e8s une rencontre jug\u00e9e &quot;utile&quot; entre Vladimir Poutine et Steve Witkoff, le Kremlin annonce une r\u00e9union trilat\u00e9rale \u00e0 Abou-Dhabi ce vendredi\" class=\"internal_link\" target=\"_blank\" rel=\"noopener\">Abou Dhabi<\/a>. Ces discussions devraient reprendre dimanche dans la m\u00eame ville.<\/p>\n<p>Les deux dirigeants ne se sont jamais rencontr\u00e9s en personne depuis l&rsquo;invasion russe en Ukraine en 2022. En mai dernier, <a href=\"https:\/\/www.bfmtv.com\/international\/europe\/ukraine\/j-attendrai-poutine-en-turquie-jeudi-zelensky-accepte-des-pourparlers-mais-exhorte-moscou-a-accepter-une-treve_AN-202505110334.html\" title=\"&quot;J&#039;attendrai Poutine en Turquie jeudi&quot;: Zelensky accepte des pourparlers mais exhorte Moscou \u00e0 accepter une tr\u00eave\" class=\"internal_link\" target=\"_blank\" rel=\"noopener\">Volodymyr Zelensky avait propos\u00e9 \u00e0 son homologue russe de participer \u00e0 des discussions<\/a> \u00e0 Istanbul. Une invitation d\u00e9clin\u00e9e par Vladimir Poutine, qui avait <a href=\"https:\/\/www.bfmtv.com\/international\/europe\/ukraine\/guerre-en-ukraine-volodymyr-zelensky-estime-qu-une-rencontre-avec-vladimir-poutine-est-necessaire_AV-202509040647.html\" title=\"Guerre en Ukraine: Volodymyr Zelensky estime qu&#039;une rencontre avec Vladimir Poutine est &quot;n\u00e9cessaire&quot;\" class=\"internal_link\" target=\"_blank\" rel=\"noopener\">invit\u00e9 son homologue \u00e0 venir \u00e0 Moscou \u00e0 l&rsquo;automne dernier<\/a>. Une offre \u00e9galement rejet\u00e9e par le pr\u00e9sident ukrainien qui avait estim\u00e9 \u00ab\u00a0ne pas voir de volont\u00e9 de la part de la Russie de mettre fin \u00e0 la guerre\u00a0\u00bb.<\/p>\n","protected":false},"excerpt":{"rendered":"Le conseiller diplomatique du Kremlin assure que la s\u00e9curit\u00e9 du pr\u00e9sident ukrainien sera \u00ab\u00a0garantie\u00a0\u00bb s&rsquo;il se rend \u00e0&hellip;\n","protected":false},"author":2,"featured_media":696489,"comment_status":"","ping_status":"","sticky":false,"template":"","format":"standard","meta":{"footnotes":""},"categories":[1591],"tags":[11,1887,12,1885,1886,132],"class_list":{"0":"post-696488","1":"post","2":"type-post","3":"status-publish","4":"format-standard","5":"has-post-thumbnail","7":"category-russie","8":"tag-actualites","9":"tag-federation-de-russie","10":"tag-news","11":"tag-russia","12":"tag-russian-federation","13":"tag-russie"},"share_on_mastodon":{"url":"https:\/\/pubeurope.com\/@fr\/115976346225635190","error":""},"_links":{"self":[{"href":"https:\/\/www.europesays.com\/fr\/wp-json\/wp\/v2\/posts\/696488","targetHints":{"allow":["GET"]}}],"collection":[{"href":"https:\/\/www.europesays.com\/fr\/wp-json\/wp\/v2\/posts"}],"about":[{"href":"https:\/\/www.europesays.com\/fr\/wp-json\/wp\/v2\/types\/post"}],"author":[{"embeddable":true,"href":"https:\/\/www.europesays.com\/fr\/wp-json\/wp\/v2\/users\/2"}],"replies":[{"embeddable":true,"href":"https:\/\/www.europesays.com\/fr\/wp-json\/wp\/v2\/comments?post=696488"}],"version-history":[{"count":0,"href":"https:\/\/www.europesays.com\/fr\/wp-json\/wp\/v2\/posts\/696488\/revisions"}],"wp:featuredmedia":[{"embeddable":true,"href":"https:\/\/www.europesays.com\/fr\/wp-json\/wp\/v2\/media\/696489"}],"wp:attachment":[{"href":"https:\/\/www.europesays.com\/fr\/wp-json\/wp\/v2\/media?parent=696488"}],"wp:term":[{"taxonomy":"category","embeddable":true,"href":"https:\/\/www.europesays.com\/fr\/wp-json\/wp\/v2\/categories?post=696488"},{"taxonomy":"post_tag","embeddable":true,"href":"https:\/\/www.europesays.com\/fr\/wp-json\/wp\/v2\/tags?post=696488"}],"curies":[{"name":"wp","href":"https:\/\/api.w.org\/{rel}","templated":true}]}}