{"id":696490,"date":"2026-01-29T03:49:27","date_gmt":"2026-01-29T03:49:27","guid":{"rendered":"https:\/\/www.europesays.com\/fr\/696490\/"},"modified":"2026-01-29T03:49:27","modified_gmt":"2026-01-29T03:49:27","slug":"guerre-en-ukraine-dici-le-printemps-pres-de-2-millions-de-soldats-auront-ete-tues-ou-blesses","status":"publish","type":"post","link":"https:\/\/www.europesays.com\/fr\/696490\/","title":{"rendered":"Guerre en Ukraine\u00a0: d\u2019ici le printemps, pr\u00e8s de 2\u00a0millions de soldats auront \u00e9t\u00e9 tu\u00e9s ou bless\u00e9s"},"content":{"rendered":"<p>Odessa, Kiev, Kharkiv, Dnipro. De nombreuses villes ukrainiennes ont essuy\u00e9 de nouveaux bombardements russes ce mercredi 28\u00a0janvier. Ces attaques, qui visent aussi des infrastructures \u00e9nerg\u00e9tiques, ont provoqu\u00e9 des pannes de courant sur l\u2019ensemble du territoire.<\/p>\n<p>Apr\u00e8s quatre ann\u00e9es de guerre, la majorit\u00e9 des combats ont lieu dans le Donbass et dans la r\u00e9gion de Donetsk avec des affrontements en direction de Pokrovsk, Kramatorsk et Slaviansk. En pleine n\u00e9gociation diplomatique, les autorit\u00e9s russes ont fait de&#8230;<\/p>\n","protected":false},"excerpt":{"rendered":"Odessa, Kiev, Kharkiv, Dnipro. De nombreuses villes ukrainiennes ont essuy\u00e9 de nouveaux bombardements russes ce mercredi 28\u00a0janvier. Ces&hellip;\n","protected":false},"author":2,"featured_media":696491,"comment_status":"","ping_status":"","sticky":false,"template":"","format":"standard","meta":{"footnotes":""},"categories":[1590],"tags":[11,1777,674,12,220],"class_list":{"0":"post-696490","1":"post","2":"type-post","3":"status-publish","4":"format-standard","5":"has-post-thumbnail","7":"category-ukraine","8":"tag-actualites","9":"tag-eu","10":"tag-europe","11":"tag-news","12":"tag-ukraine"},"share_on_mastodon":{"url":"https:\/\/pubeurope.com\/@fr\/115976350176119616","error":""},"_links":{"self":[{"href":"https:\/\/www.europesays.com\/fr\/wp-json\/wp\/v2\/posts\/696490","targetHints":{"allow":["GET"]}}],"collection":[{"href":"https:\/\/www.europesays.com\/fr\/wp-json\/wp\/v2\/posts"}],"about":[{"href":"https:\/\/www.europesays.com\/fr\/wp-json\/wp\/v2\/types\/post"}],"author":[{"embeddable":true,"href":"https:\/\/www.europesays.com\/fr\/wp-json\/wp\/v2\/users\/2"}],"replies":[{"embeddable":true,"href":"https:\/\/www.europesays.com\/fr\/wp-json\/wp\/v2\/comments?post=696490"}],"version-history":[{"count":0,"href":"https:\/\/www.europesays.com\/fr\/wp-json\/wp\/v2\/posts\/696490\/revisions"}],"wp:featuredmedia":[{"embeddable":true,"href":"https:\/\/www.europesays.com\/fr\/wp-json\/wp\/v2\/media\/696491"}],"wp:attachment":[{"href":"https:\/\/www.europesays.com\/fr\/wp-json\/wp\/v2\/media?parent=696490"}],"wp:term":[{"taxonomy":"category","embeddable":true,"href":"https:\/\/www.europesays.com\/fr\/wp-json\/wp\/v2\/categories?post=696490"},{"taxonomy":"post_tag","embeddable":true,"href":"https:\/\/www.europesays.com\/fr\/wp-json\/wp\/v2\/tags?post=696490"}],"curies":[{"name":"wp","href":"https:\/\/api.w.org\/{rel}","templated":true}]}}