{"id":696511,"date":"2026-01-29T04:06:11","date_gmt":"2026-01-29T04:06:11","guid":{"rendered":"https:\/\/www.europesays.com\/fr\/696511\/"},"modified":"2026-01-29T04:06:11","modified_gmt":"2026-01-29T04:06:11","slug":"le-but-deja-mythique-marque-par-bodo-glimt-en-ligue-des-champions","status":"publish","type":"post","link":"https:\/\/www.europesays.com\/fr\/696511\/","title":{"rendered":"Le but d\u00e9j\u00e0 mythique marqu\u00e9 par Bodo Glimt en Ligue des Champions"},"content":{"rendered":"<p><strong>Si l\u2019Atl\u00e9tico Madrid pensait facilement remporter son match de Ligue des Champions face \u00e0 Bodo Glimt, les Espagnols ont d\u00fb tomber de haut. Surtout \u00e0 la 58e minute, marqu\u00e9e par le but l\u00e9ch\u00e9 de Kasper Hogh.<\/strong><\/p>\n<p>Bodo Glimt impressionne en Ligue des Champions<\/p>\n<p>Si la soir\u00e9e a \u00e9t\u00e9 lanc\u00e9e par <a href=\"https:\/\/fflose.com\/ousmane-dembele-rate-un-penalty-au-bout-de-3-minutes-en-ligue-des-champions\/\" target=\"_blank\" rel=\"noopener\">le p\u00e9nalty rat\u00e9 par Ousmane Demb\u00e9l\u00e9 avec le PSG<\/a>, il faut \u00e9galement tirer notre chapeau \u00e0 l\u2019\u00e9quipe de Bodo Glimt. En effet, apr\u00e8s avoir vaincu Manchester City sur leur pelouse, les Norv\u00e9giens se d\u00e9pla\u00e7aient \u00e0 Madrid pour y affronter l\u2019Atl\u00e9tico. Tandis que les deux \u00e9quipes se tiennent t\u00eate (1-1), la 58e minute va absolument tout changer. En effet, une action hors du temps voit le jour : trois tirs, un arr\u00eat du gardien, un arr\u00eat sur la ligne d\u2019un d\u00e9fenseur, et un vieux pointu pour foutre finalement le ballon au fond des filets. Celui-ci est l\u2019\u0153uvre de Kasper Hogh. Le football norv\u00e9gien, et pas n\u2019importe lequel.<\/p>\n<blockquote class=\"twitter-tweet\">\n<p dir=\"ltr\" lang=\"es\">58\u2019 | Kasper Hogh<\/p>\n<p>Atl\u00e9tico Madrid 1-2 Bodo Glimt<\/p>\n<p><a href=\"https:\/\/t.co\/ykp0zTiiQG\">pic.twitter.com\/ykp0zTiiQG<\/a><\/p>\n<p>\u2014 Atletik 6 (@atletik6tr) <a href=\"https:\/\/twitter.com\/atletik6tr\/status\/2016624743324004633?ref_src=twsrc%5Etfw\" target=\"_blank\" rel=\"noopener\">January 28, 2026<\/a><\/p>\n<\/blockquote>\n<p>  Pas encore inscrit \u00e0 la Loseletter ?<\/p>\n<p style=\"margin:0 0 15px;font-size:15px;line-height:1.4;\">\n    Chaque vendredi, ton best-of de la semaine \ud83c\uddeb\ud83c\uddf7 \ud83d\uddde\n  <\/p>\n<p>On ne s\u2019en lasse pas.<\/p>\n<blockquote class=\"twitter-tweet\">\n<p dir=\"ltr\" lang=\"en\">Absolute chaos \ud83d\ude31<\/p>\n<p>Bodo Glimt needed 5 shots in 5 seconds to bundle the ball into the net and get the lead vs Atletico Madrid \ud83e\udd2f <a href=\"https:\/\/t.co\/JYPl6oRwKh\">pic.twitter.com\/JYPl6oRwKh<\/a><\/p>\n<p>\u2014 Tribuna Football (@tribuna_ftbl) <a href=\"https:\/\/twitter.com\/tribuna_ftbl\/status\/2016624938103329256?ref_src=twsrc%5Etfw\" target=\"_blank\" rel=\"noopener\">January 28, 2026<\/a><\/p>\n<\/blockquote>\n<p>                         <a href=\"https:\/\/fflose.com\/author\/tomgaleron\/\" class=\"url\" title=\"Tom\" target=\"_blank\" rel=\"noopener\"> <img loading=\"lazy\" decoding=\"async\" alt=\"Tom\" src=\"https:\/\/www.europesays.com\/fr\/wp-content\/uploads\/2026\/01\/1769659571_144_fa539669b9b6c266044bdafc0534c1c7e71784259f6e9e9e6fab2d5d73302c49.png\"  class=\"avatar avatar-250 photo\" height=\"250\" width=\"250\"\/><\/a> <\/p>\n<p>Natif de Marseille, autant vous dire qu&rsquo;il est pr\u00e9f\u00e9rable de ne pas me parler de football en ce moment. Merci pour votre compr\u00e9hension.<\/p>\n<p> <a href=\"https:\/\/fflose.com\/author\/tomgaleron\/\" class=\"url\" title=\"Tom\" target=\"_blank\" rel=\"noopener\"><img loading=\"lazy\" decoding=\"async\" alt=\"Tom\" src=\"https:\/\/www.europesays.com\/fr\/wp-content\/uploads\/2026\/01\/1769659571_144_fa539669b9b6c266044bdafc0534c1c7e71784259f6e9e9e6fab2d5d73302c49.png\"  class=\"avatar avatar-250 photo\" height=\"250\" width=\"250\"\/><\/a>  <\/p>\n<p><script async src=\"https:\/\/platform.twitter.com\/widgets.js\" charset=\"utf-8\"><\/script><\/p>\n","protected":false},"excerpt":{"rendered":"Si l\u2019Atl\u00e9tico Madrid pensait facilement remporter son match de Ligue des Champions face \u00e0 Bodo Glimt, les Espagnols&hellip;\n","protected":false},"author":2,"featured_media":696512,"comment_status":"","ping_status":"","sticky":false,"template":"","format":"standard","meta":{"footnotes":""},"categories":[1410],"tags":[63,1011,27,60],"class_list":{"0":"post-696511","1":"post","2":"type-post","3":"status-publish","4":"format-standard","5":"has-post-thumbnail","7":"category-football","8":"tag-football","9":"tag-fr","10":"tag-france","11":"tag-sports"},"share_on_mastodon":{"url":"https:\/\/pubeurope.com\/@fr\/115976417169384980","error":""},"_links":{"self":[{"href":"https:\/\/www.europesays.com\/fr\/wp-json\/wp\/v2\/posts\/696511","targetHints":{"allow":["GET"]}}],"collection":[{"href":"https:\/\/www.europesays.com\/fr\/wp-json\/wp\/v2\/posts"}],"about":[{"href":"https:\/\/www.europesays.com\/fr\/wp-json\/wp\/v2\/types\/post"}],"author":[{"embeddable":true,"href":"https:\/\/www.europesays.com\/fr\/wp-json\/wp\/v2\/users\/2"}],"replies":[{"embeddable":true,"href":"https:\/\/www.europesays.com\/fr\/wp-json\/wp\/v2\/comments?post=696511"}],"version-history":[{"count":0,"href":"https:\/\/www.europesays.com\/fr\/wp-json\/wp\/v2\/posts\/696511\/revisions"}],"wp:featuredmedia":[{"embeddable":true,"href":"https:\/\/www.europesays.com\/fr\/wp-json\/wp\/v2\/media\/696512"}],"wp:attachment":[{"href":"https:\/\/www.europesays.com\/fr\/wp-json\/wp\/v2\/media?parent=696511"}],"wp:term":[{"taxonomy":"category","embeddable":true,"href":"https:\/\/www.europesays.com\/fr\/wp-json\/wp\/v2\/categories?post=696511"},{"taxonomy":"post_tag","embeddable":true,"href":"https:\/\/www.europesays.com\/fr\/wp-json\/wp\/v2\/tags?post=696511"}],"curies":[{"name":"wp","href":"https:\/\/api.w.org\/{rel}","templated":true}]}}