{"id":696513,"date":"2026-01-29T04:07:10","date_gmt":"2026-01-29T04:07:10","guid":{"rendered":"https:\/\/www.europesays.com\/fr\/696513\/"},"modified":"2026-01-29T04:07:10","modified_gmt":"2026-01-29T04:07:10","slug":"pierre-palmade-fait-condamner-la-chaine-dinformation-bfm-tv-pour-atteinte-a-la-vie-privee-a-la-suite-de-la-diffusion-de-plusieurs-contenus-juges-intrusifs-lors-de-sa-premiere-sortie-dhopital","status":"publish","type":"post","link":"https:\/\/www.europesays.com\/fr\/696513\/","title":{"rendered":"Pierre Palmade fait condamner la cha\u00eene d&rsquo;information BFM TV pour atteinte \u00e0 la vie priv\u00e9e \u00e0 la suite de la diffusion de plusieurs contenus jug\u00e9s intrusifs lors de sa premi\u00e8re sortie d&rsquo;h\u00f4pital"},"content":{"rendered":"<p>La cha\u00eene d\u2019information en continu BFMTV a \u00e9t\u00e9 condamn\u00e9e par la justice pour atteinte \u00e0 la vie priv\u00e9e de Pierre Palmade, \u00e0 la suite de la diffusion de plusieurs contenus jug\u00e9s intrusifs. La d\u00e9cision vise exclusivement des publications en ligne de BFMTV, compos\u00e9es de plusieurs articles et d\u2019une vid\u00e9o consacr\u00e9s \u00e0 la situation personnelle de l\u2019humoriste.<\/p>\n<p>Les juges ont notamment retenu la diffusion de descriptions tr\u00e8s d\u00e9taill\u00e9es de la premi\u00e8re sortie d\u2019h\u00f4pital de Pierre Palmade, de son \u00e9tat physique, de son attitude, de ses gestes et de son comportement imm\u00e9diat apr\u00e8s son hospitalisation.<\/p>\n<p>BFMTV avait \u00e9galement relat\u00e9 des \u00e9l\u00e9ments pr\u00e9cis concernant son entourage proche, sa pr\u00e9sence familiale et les conditions dans lesquelles il avait quitt\u00e9 l\u2019\u00e9tablissement de soins.<\/p>\n<p>La justice a consid\u00e9r\u00e9 que ces informations, bien que li\u00e9es \u00e0 une affaire tr\u00e8s m\u00e9diatis\u00e9e, relevaient de la sph\u00e8re strictement priv\u00e9e. Selon le tribunal, ces d\u00e9tails n\u2019\u00e9taient pas n\u00e9cessaires \u00e0 la compr\u00e9hension de l\u2019actualit\u00e9 judiciaire et allaient au-del\u00e0 de ce que permet le droit \u00e0 l\u2019information.<\/p>\n<p>La vid\u00e9o mise en cause a elle aussi \u00e9t\u00e9 jug\u00e9e probl\u00e9matique, en ce qu\u2019elle insistait sur des aspects intimes de la convalescence de l\u2019humoriste, sans apport factuel nouveau sur la proc\u00e9dure en cours. Les magistrats ont estim\u00e9 que ces contenus r\u00e9pondaient davantage \u00e0 une logique de curiosit\u00e9 qu\u2019\u00e0 une exigence d\u2019information.<\/p>\n<p>BFMTV a donc \u00e9t\u00e9 condamn\u00e9e \u00e0 verser des dommages et int\u00e9r\u00eats dans le cadre d\u2019une proc\u00e9dure civile, ainsi qu\u2019une somme au titre des frais de justice. Il ne s\u2019agit pas d\u2019une condamnation p\u00e9nale, mais d\u2019une sanction financi\u00e8re visant \u00e0 r\u00e9parer l\u2019atteinte au droit \u00e0 la vie priv\u00e9e et au droit \u00e0 l\u2019image.<\/p>\n<p>La d\u00e9cision rappelle que, m\u00eame pour une personnalit\u00e9 publique au c\u0153ur d\u2019une affaire sensible, la couverture m\u00e9diatique doit rester mesur\u00e9e.\u00a0Elle souligne \u00e9galement que la diffusion r\u00e9p\u00e9t\u00e9e de d\u00e9tails personnels peut constituer une faute lorsque l\u2019int\u00e9r\u00eat g\u00e9n\u00e9ral n\u2019est pas clairement \u00e9tabli.<\/p>\n<p>A noter que Paris Match, Voici et Closer ont \u00e9galement \u00e9tait condamn\u00e9s pour la m\u00eame raison dans la m\u00eame d\u00e9cision.<\/p>\n","protected":false},"excerpt":{"rendered":"La cha\u00eene d\u2019information en continu BFMTV a \u00e9t\u00e9 condamn\u00e9e par la justice pour atteinte \u00e0 la vie priv\u00e9e&hellip;\n","protected":false},"author":2,"featured_media":696514,"comment_status":"","ping_status":"","sticky":false,"template":"","format":"standard","meta":{"footnotes":""},"categories":[1359],"tags":[10943,58,59,1011,27,973,1250,4048],"class_list":{"0":"post-696513","1":"post","2":"type-post","3":"status-publish","4":"format-standard","5":"has-post-thumbnail","7":"category-people","8":"tag-bfm-tv","9":"tag-divertissement","10":"tag-entertainment","11":"tag-fr","12":"tag-france","13":"tag-people","14":"tag-pierre-palmade","15":"tag-presse"},"share_on_mastodon":{"url":"https:\/\/pubeurope.com\/@fr\/115976420881112402","error":""},"_links":{"self":[{"href":"https:\/\/www.europesays.com\/fr\/wp-json\/wp\/v2\/posts\/696513","targetHints":{"allow":["GET"]}}],"collection":[{"href":"https:\/\/www.europesays.com\/fr\/wp-json\/wp\/v2\/posts"}],"about":[{"href":"https:\/\/www.europesays.com\/fr\/wp-json\/wp\/v2\/types\/post"}],"author":[{"embeddable":true,"href":"https:\/\/www.europesays.com\/fr\/wp-json\/wp\/v2\/users\/2"}],"replies":[{"embeddable":true,"href":"https:\/\/www.europesays.com\/fr\/wp-json\/wp\/v2\/comments?post=696513"}],"version-history":[{"count":0,"href":"https:\/\/www.europesays.com\/fr\/wp-json\/wp\/v2\/posts\/696513\/revisions"}],"wp:featuredmedia":[{"embeddable":true,"href":"https:\/\/www.europesays.com\/fr\/wp-json\/wp\/v2\/media\/696514"}],"wp:attachment":[{"href":"https:\/\/www.europesays.com\/fr\/wp-json\/wp\/v2\/media?parent=696513"}],"wp:term":[{"taxonomy":"category","embeddable":true,"href":"https:\/\/www.europesays.com\/fr\/wp-json\/wp\/v2\/categories?post=696513"},{"taxonomy":"post_tag","embeddable":true,"href":"https:\/\/www.europesays.com\/fr\/wp-json\/wp\/v2\/tags?post=696513"}],"curies":[{"name":"wp","href":"https:\/\/api.w.org\/{rel}","templated":true}]}}