{"id":696515,"date":"2026-01-29T04:10:16","date_gmt":"2026-01-29T04:10:16","guid":{"rendered":"https:\/\/www.europesays.com\/fr\/696515\/"},"modified":"2026-01-29T04:10:16","modified_gmt":"2026-01-29T04:10:16","slug":"un-si-grand-soleil-en-avance-sacha-menace-charlotte-de-diffuser-une-video-intime-paloma-decouvre-la-tromperie-de-jeremy-le-resume-de-lepisode-1847-du-jeudi-29-janvier-2026","status":"publish","type":"post","link":"https:\/\/www.europesays.com\/fr\/696515\/","title":{"rendered":"Un si grand soleil en avance : Sacha menace Charlotte de diffuser une vid\u00e9o intime, Paloma d\u00e9couvre la tromperie de J\u00e9r\u00e9my&#8230; Le r\u00e9sum\u00e9 de l&rsquo;\u00e9pisode 1847 du jeudi 29 janvier 2026"},"content":{"rendered":"<p><b>Jeudi 29 janvier 2026 dans <\/b><b>Un si grand soleil<\/b> &#8211; dont <a href=\"https:\/\/www.programme-tv.net\/news\/series-tv\/396353-un-si-grand-soleil-un-an-apres-son-depart-un-acteur-revient-dans-une-nouvelle-serie-disponible-le-12-fevrier-2026\/\" data-api-deeplink=\"teleloisirs:\/\/news\/396353\" target=\"_blank\" rel=\"noopener\">un ancien acteur s&rsquo;appr\u00eate \u00e0 d\u00e9barquer dans une nouvelle s\u00e9rie<\/a>&#8230; Au petit matin, les Gu\u00e9rin d\u00e9couvrent que la juge ordonne la confrontation entre Charlotte et Manu. De quoi outrer Marie-Sophie, qui ne comprend pas cette d\u00e9cision qu\u2019elle juge incompr\u00e9hensible, vu l&rsquo;\u00e9tat de leur fille. Mais maintenant ils n&rsquo;ont plus le choix ! Ils doivent alors annoncer la nouvelle \u00e0 l&rsquo;adolescente&#8230; De son c\u00f4t\u00e9, Alex rend visite \u00e0 Manu (<a href=\"https:\/\/www.programme-tv.net\/biographie\/211909-santamaria-moise\/\" data-link-people=\"3a78d401-88d9-45bc-8782-539e01bf5ccf\" target=\"_blank\" rel=\"noopener\">Mo\u00efse Santamaria<\/a>&#8211; <a href=\"https:\/\/www.programme-tv.net\/news\/tv\/395842-emu-moise-santamaria-un-si-grand-soleil-evoque-le-deces-de-sa-grand-mere-je-n-ai-meme-pas-ete-a-l-enterrement\/\" data-api-deeplink=\"teleloisirs:\/\/news\/395842\" target=\"_blank\" rel=\"noopener\">\u00e9mu apr\u00e8s la mort de sa grand-m\u00e8re<\/a>), avec une mauvaise nouvelle. En effet, selon lui, il n&rsquo;y a pas de lien entre Delorme et l&rsquo;affaire le concernant. Son enqu\u00eate officieuse se retrouve au point mort. Mais, il y a un espoir ! La confrontation est annonc\u00e9e pour le lendemain, et elle pourrait bien d\u00e9boucher sur la v\u00e9rit\u00e9&#8230; De son c\u00f4t\u00e9, la lyc\u00e9enne tente \u00e0 nouveau d&rsquo;appeler son \u00ab\u00a0petit-ami\u00a0\u00bb. Enfin, il d\u00e9croche ! Elle lui exprime alors sa col\u00e8re et sa panique. En effet, elle vient de d\u00e9couvrir qu&rsquo;elle est convoqu\u00e9e pour une confrontation avec le capitaine L\u00e9oni le lendemain. Si Sacha l&rsquo;encourage en lui disant que c&rsquo;est la derni\u00e8re ligne droite, Charlotte est effray\u00e9e et a peur qu&rsquo;on d\u00e9couvre son mensonge. Sentant la jeune femme sur la corde raide, il accepte finalement de la voir le soir m\u00eame&#8230;<\/p>\n<p>                        Un si grand soleil en avance : Sacha menace Charlotte de diffuser une vid\u00e9o intime<\/p>\n<p>De son c\u00f4t\u00e9, Alex (Benjamin Bourgois &#8211; <a href=\"https:\/\/www.programme-tv.net\/news\/series-tv\/339128-un-si-grand-soleil-cest-forcement-une-deception-benjamin-bourgois-alex-reagit-au-depart-de-sa-femme-sophie-staub-julie-du-feuilleton-de-france-2\/\" data-api-deeplink=\"teleloisirs:\/\/news\/339128\" target=\"_blank\" rel=\"noopener\">en couple avec une ancienne actrice du feuilleton<\/a>) poursuit ses investigations et demande \u00e0 Elise de le remplacer l&rsquo;apr\u00e8s-midi, pr\u00e9textant un rendez-vous m\u00e9dical. En r\u00e9alit\u00e9, il poursuit sa filature sur Charlotte. A la sortie du lyc\u00e9e, il la suit, et la voit notamment monter \u00e0 l&rsquo;arri\u00e8re de la moto d&rsquo;un individu qui reste casqu\u00e9. Comble de la poisse, alors qu&rsquo;il prend la plaque de l&rsquo;engin en photo, le clich\u00e9 s&rsquo;av\u00e8re flou&#8230; En fin de journ\u00e9e, Charlotte et Sacha se retrouvent sur la plage. Elle lui exprime alors sa d\u00e9cision. Elle veut dire toute la v\u00e9rit\u00e9 \u00e0 la police. M\u00eame si le jeune homme tente de l&rsquo;apitoyer en lui disant qu&rsquo;elle va tout d\u00e9truire, elle est bien d\u00e9cid\u00e9e \u00e0 lever le calvaire de L\u00e9oni. Le violeur n\u2019a alors pas d\u2019autre choix que de sortir une arme redoutable : s\u2019il refuse d\u2019attendre encore une semaine, il diffusera une vid\u00e9o de leurs \u00e9bats\u2026<\/p>\n<p>            Un si grand soleil en avance : Janet d\u00e9missionne, Hugo d\u00e9couvre la v\u00e9rit\u00e9 sur Pablo<\/p>\n<p>Pour J\u00e9r\u00e9my, la journ\u00e9e commence avec un sermon, celui de son oncle. En effet, Cl\u00e9ment l&rsquo;appelle pour lui exprimer sa col\u00e8re et son incompr\u00e9hension. Au-del\u00e0 de son cas personnel, il lui reproche aussi d&rsquo;avoir mis Janet dans une situation terrible. C&rsquo;est alors qu&rsquo;il lui apprend qu&rsquo;elle est oblig\u00e9e de d\u00e9missionner \u00e0 cause de lui. Le jeune homme n&rsquo;en revient pas&#8230; Justement, la docteure Lewis est dans le bureau de Gallois pour lui annoncer qu&rsquo;elle accepte bien de quitter son poste. Ce qui n&#8217;emp\u00eache pas la col\u00e8re de la cheffe de service, quand sa patronne minimise la situation&#8230; De son c\u00f4t\u00e9, Becker revient avec Hugo sur la soir\u00e9e de la veille, et notamment sur sa discussion avec Pablo. Le compagnon de Sabine d\u00e9couvre alors les sentiments de son fils \u00e0 l&rsquo;\u00e9gard de sa m\u00e8re. Le l\u00e9giste le remercie alors de l&rsquo;avoir pr\u00e9venu.<\/p>\n<p>                        Un si grand soleil en avance : Paloma apprend la tromperie de J\u00e9r\u00e9my, Cl\u00e9mence est la nouvelle cheffe de service<\/p>\n<p>De son c\u00f4t\u00e9, Gallois est \u00e0 la recherche d&rsquo;un nouveau chef de service, et elle d\u00e9cide de proposer le poste \u00e0 Alain, qui refuse, par soutien avec Janet. Heureusement, la directrice de l&rsquo;\u00e9tablissement a une autre possibilit\u00e9 : Cl\u00e9mence. Tr\u00e8s vite, la nouvelle bruisse dans l&rsquo;h\u00f4pital, et Laurine ne peut s&#8217;emp\u00eacher d&rsquo;aller f\u00e9liciter la nouvelle cheffe de service. Paloma, elle, sent qu&rsquo;il y a un probl\u00e8me entre Laurine et J\u00e9r\u00e9my. Apr\u00e8s en avoir parl\u00e9 avec Kira, elle d\u00e9cide de se rendre \u00e0 l&rsquo;h\u00f4pital pour en avoir le coeur net. Elle va alors \u00e0 la rencontre de la fille Laumi\u00e8re, qui finit par lui faire comprendre qu&rsquo;elle a eu une relation avec J\u00e9r\u00e9my.<\/p>\n<p>Paloma s&rsquo;effondre en larmes. Le soir venu, affirmant \u00eatre au courant, elle demande \u00e0 son petit ami depuis combien de temps la situation dure. J\u00e9r\u00e9my a beau se confondre en excuses, la journaliste laisse exploser sa col\u00e8re et sa tristesse. L&rsquo;ambiance est totalement diff\u00e9rente chez les Laumi\u00e8re, o\u00f9 apr\u00e8s avoir appel\u00e9 la directrice pour la remercier de sa r\u00e9activit\u00e9, Catherine trinque avec sa fille \u00e0 leur victoire, mais surtout \u00e0 l&rsquo;avenir&#8230;<\/p>\n","protected":false},"excerpt":{"rendered":"Jeudi 29 janvier 2026 dans Un si grand soleil &#8211; dont un ancien acteur s&rsquo;appr\u00eate \u00e0 d\u00e9barquer dans&hellip;\n","protected":false},"author":2,"featured_media":696516,"comment_status":"","ping_status":"","sticky":false,"template":"","format":"standard","meta":{"footnotes":""},"categories":[1356],"tags":[244,58,59,1011,27,876,22198,252,1364,9766,26118,26117],"class_list":{"0":"post-696515","1":"post","2":"type-post","3":"status-publish","4":"format-standard","5":"has-post-thumbnail","7":"category-television","8":"tag-commentaire","9":"tag-divertissement","10":"tag-entertainment","11":"tag-fr","12":"tag-france","13":"tag-france-3","14":"tag-france-tv","15":"tag-television","16":"tag-tv","17":"tag-un-si-grand-soleil","18":"tag-un-si-grand-soleil-ru00e9sumu00e9","19":"tag-un-si-grand-soleil-ru00e9sumu00e9-en-avance"},"share_on_mastodon":{"url":"https:\/\/pubeurope.com\/@fr\/115976432789357533","error":""},"_links":{"self":[{"href":"https:\/\/www.europesays.com\/fr\/wp-json\/wp\/v2\/posts\/696515","targetHints":{"allow":["GET"]}}],"collection":[{"href":"https:\/\/www.europesays.com\/fr\/wp-json\/wp\/v2\/posts"}],"about":[{"href":"https:\/\/www.europesays.com\/fr\/wp-json\/wp\/v2\/types\/post"}],"author":[{"embeddable":true,"href":"https:\/\/www.europesays.com\/fr\/wp-json\/wp\/v2\/users\/2"}],"replies":[{"embeddable":true,"href":"https:\/\/www.europesays.com\/fr\/wp-json\/wp\/v2\/comments?post=696515"}],"version-history":[{"count":0,"href":"https:\/\/www.europesays.com\/fr\/wp-json\/wp\/v2\/posts\/696515\/revisions"}],"wp:featuredmedia":[{"embeddable":true,"href":"https:\/\/www.europesays.com\/fr\/wp-json\/wp\/v2\/media\/696516"}],"wp:attachment":[{"href":"https:\/\/www.europesays.com\/fr\/wp-json\/wp\/v2\/media?parent=696515"}],"wp:term":[{"taxonomy":"category","embeddable":true,"href":"https:\/\/www.europesays.com\/fr\/wp-json\/wp\/v2\/categories?post=696515"},{"taxonomy":"post_tag","embeddable":true,"href":"https:\/\/www.europesays.com\/fr\/wp-json\/wp\/v2\/tags?post=696515"}],"curies":[{"name":"wp","href":"https:\/\/api.w.org\/{rel}","templated":true}]}}