{"id":696517,"date":"2026-01-29T04:11:14","date_gmt":"2026-01-29T04:11:14","guid":{"rendered":"https:\/\/www.europesays.com\/fr\/696517\/"},"modified":"2026-01-29T04:11:14","modified_gmt":"2026-01-29T04:11:14","slug":"les-fans-redoutent-la-separation-de-blackpink-apres-le-discours-emouvant-des-membres","status":"publish","type":"post","link":"https:\/\/www.europesays.com\/fr\/696517\/","title":{"rendered":"Les fans redoutent la s\u00e9paration de BLACKPINK apr\u00e8s le discours \u00e9mouvant des membres"},"content":{"rendered":"<p>La derni\u00e8re date de la tourn\u00e9e mondiale DEADLINE \u00e0 Hong Kong a beaucoup marqu\u00e9 les fans, surtout \u00e0 cause de l\u2019\u00e9motion visible sur sc\u00e8ne. <strong>Les membres de BLACKPINK ont vers\u00e9 des larmes<\/strong>, un moment qui a rapidement \u00e9t\u00e9 comment\u00e9 par les m\u00e9dias et les internautes. Cette finale a <strong>relanc\u00e9 les rumeurs autour d\u2019une possible s\u00e9paration du groupe<\/strong>.<\/p>\n<p>Le 26 janvier, <strong>le concert s\u2019est d\u00e9roul\u00e9 dans une atmosph\u00e8re tr\u00e8s \u00e9motive et intense<\/strong>, ce qui a pouss\u00e9 de nombreux fans \u00e0 se demander ce que le groupe allait faire ensuite. L\u2019intensit\u00e9 de cette soir\u00e9e <strong>a cr\u00e9\u00e9 un m\u00e9lange d\u2019admiration et d\u2019inqui\u00e9tude<\/strong> parmi les fans.<\/p>\n<p><img loading=\"lazy\" decoding=\"async\" width=\"1000\" height=\"978\" src=\"https:\/\/www.europesays.com\/fr\/wp-content\/uploads\/2026\/01\/Les-membres-de-BLACKPINK-ont-verse-des-larmes-lors-du-Deadline-a-Hong-Kong.webp.webp\" alt=\"Les fans redoutent la s\u00e9paration de BLACKPINK apr\u00e8s le discours \u00e9mouvant des membres\" class=\"wp-image-288998 lazyload\" title=\"Les fans redoutent la s\u00e9paration de BLACKPINK apr\u00e8s le discours \u00e9mouvant des membres\"  \/>Contrats et activit\u00e9s personnelles : un futur entour\u00e9 de questions<\/p>\n<p>Le 27 janvier, le magazine Forbes a publi\u00e9 un article intitul\u00e9 \u00ab\u202fBLACKPINK vient de terminer la plus grande tourn\u00e9e de sa carri\u00e8re. Y en aura-t-il une autre\u202f?\u202f\u00bb, <strong>soulignant que l\u2019avenir du groupe restait incertain<\/strong>.<\/p>\n<p>Les quatre membres ont <strong>renouvel\u00e9 leur contrat de groupe avec YG Entertainment<\/strong> en d\u00e9cembre 2023. Cependant, <strong>elles n\u2019ont pas prolong\u00e9 leurs contrats personnels et se concentrent d\u00e9sormais sur leurs projets individuels<\/strong>.<\/p>\n<p>Jennie a cr\u00e9\u00e9 l\u2019entreprise Odd Atelier, Lisa a lanc\u00e9 la marque Lloud, Jisoo a fond\u00e9 Blissoo et Ros\u00e9 a sign\u00e9 avec la soci\u00e9t\u00e9 The Black Label. <strong>La dur\u00e9e exacte du contrat de groupe n\u2019a pas \u00e9t\u00e9 communiqu\u00e9e<\/strong>, et de nouvelles n\u00e9gociations pourraient avoir lieu au second semestre 2026.<\/p>\n<p><strong>Le dixi\u00e8me anniversaire du groupe aura lieu en ao\u00fbt 2026 et le troisi\u00e8me mini-album <\/strong><strong>DEADLINE<\/strong><strong> sortira le 27 f\u00e9vrier.<\/strong> Les promotions pr\u00e9vues au printemps et le concert anniversaire en \u00e9t\u00e9 permettront probablement d\u2019en savoir plus sur l\u2019avenir du groupe.<\/p>\n<p><img loading=\"lazy\" decoding=\"async\" width=\"1200\" height=\"796\" src=\"https:\/\/www.europesays.com\/fr\/wp-content\/uploads\/2025\/11\/Retour-de-BLACKPINK-en-novembre-trois-ans-dattente-pour-un-mini-album-les-fans-en-colere.webp.webp\" alt=\"Les fans redoutent la s\u00e9paration de BLACKPINK apr\u00e8s le discours \u00e9mouvant des membres\" class=\"wp-image-264172 lazyload\" title=\"Les fans redoutent la s\u00e9paration de BLACKPINK apr\u00e8s le discours \u00e9mouvant des membres\"  \/>R\u00e9ussites personnelles et critiques de la tourn\u00e9e DEADLINE<\/p>\n<p>Ces deux derni\u00e8res ann\u00e9es, <strong>chaque membre a connu des r\u00e9ussites importantes dans ses activit\u00e9s personnelles<\/strong>. Le titre APT. de Ros\u00e9 est rest\u00e9 37 semaines dans le classement musical am\u00e9ricain Billboard Hot 100.<\/p>\n<p>Lisa est apparue dans la saison 3 de la s\u00e9rie The White Lotus et a particip\u00e9 \u00e0 la c\u00e9r\u00e9monie des Oscars. Jennie a \u00e9t\u00e9 t\u00eate d\u2019affiche du festival Coachella en solo. Jisoo a termin\u00e9 une tourn\u00e9e asiatique et a collabor\u00e9 avec Zayn sur le titre Eyes Closed.<\/p>\n<p>Cependant, certains critiques ont estim\u00e9 <strong>que la tourn\u00e9e donnait parfois l\u2019impression de voir quatre artistes en solo plut\u00f4t qu\u2019un groupe uni<\/strong>. Sur ce, Rolling Stone a expliqu\u00e9 que ces activit\u00e9s personnelles renfor\u00e7aient la collaboration au sein du groupe. D\u2019autres avis publi\u00e9s sur Ticketmaster ont signal\u00e9 <strong>que les membres semblaient fatigu\u00e9es et que certaines prestations manquaient d\u2019harmonie<\/strong>.<\/p>\n<p><img loading=\"lazy\" decoding=\"async\" width=\"1600\" height=\"900\" src=\"https:\/\/www.europesays.com\/fr\/wp-content\/uploads\/2026\/01\/BLACKPINK-et-la-vague-coreenne-ce-que-revele-Ouest-France\u2026-et-pourquoi-la-France-est-devenue-une-vit.webp\" alt=\"BLACKPINK et la vague cor\u00e9enne : ce que r\u00e9v\u00e8le Ouest-France\u2026 et pourquoi la France est devenue une vitrine du K-pop export\" class=\"wp-image-264444 lazyload\" title=\"Les fans redoutent la s\u00e9paration de BLACKPINK apr\u00e8s le discours \u00e9mouvant des membres\"  \/>YG Entertainment\u00c9motions \u00e0 Hong Kong et r\u00e9actions des fans<\/p>\n<p><strong>La finale \u00e0 Hong Kong s\u2019est termin\u00e9e par des larmes et des \u00e9treintes<\/strong>, ce qui a renforc\u00e9 les interrogations parmi les fans. Ros\u00e9 a exprim\u00e9 ses \u00e9motions lors du discours final et a racont\u00e9 son parcours depuis sa p\u00e9riode de formation.<\/p>\n<p>Elle a d\u00e9clar\u00e9 : <strong>\u00ab\u202fAvant de m\u2019endormir la veille, de nombreuses pens\u00e9es m\u2019\u00e9taient venues \u00e0 l\u2019esprit.\u202f\u00bb<\/strong> Elle a ajout\u00e9 : <strong>\u00ab\u202fTout ce que nous avons accompli a \u00e9t\u00e9 possible gr\u00e2ce aux BLINKs.\u202f\u00bb<\/strong><\/p>\n<p>Elle a aussi d\u00e9clar\u00e9 : <strong>\u00ab\u202fIl y a eu des moments difficiles, mais aussi de nombreux moments qui m\u00e9ritaient d\u2019\u00eatre c\u00e9l\u00e9br\u00e9s.\u202f\u00bb<\/strong><\/p>\n<p>Ros\u00e9 a poursuivi : <strong>\u00ab\u202fIl faut garder chaque instant pr\u00e9cieusement, car cette atmosph\u00e8re nous manquera pendant un certain temps.\u202f\u00bb<\/strong> Indiquant que le groupe ne se produira pas ensemble pendant un moment. Elle a enfin expliqu\u00e9 : <strong>\u00ab\u202fC\u2019\u00e9tait un immense honneur de se produire devant autant de personnes, soir apr\u00e8s soir.\u202f\u00bb<\/strong><\/p>\n<p><img loading=\"lazy\" decoding=\"async\" width=\"1920\" height=\"1080\" src=\"https:\/\/www.europesays.com\/fr\/wp-content\/uploads\/2026\/01\/Jay-Chou-sous-le-feu-des-critiques-apres-avoir-felicite-Rose-BLACKPINK-pour-sa-reprise-de-Secret.jpg\" alt=\"Les fans redoutent la s\u00e9paration de BLACKPINK apr\u00e8s le discours \u00e9mouvant des membres\" class=\"wp-image-271980 lazyload\" title=\"Les fans redoutent la s\u00e9paration de BLACKPINK apr\u00e8s le discours \u00e9mouvant des membres\"  \/><\/p>\n<p>Les r\u00e9actions des fans sur les r\u00e9seaux sociaux \u00e9taient tr\u00e8s partag\u00e9es apr\u00e8s le concert. <strong>Certains craignaient que cette date marque la derni\u00e8re performance des quatre membres ensemble<\/strong>. D\u2019autres rappelaient <strong>que BLACKPINK pleure souvent \u00e0 la fin de ses tourn\u00e9es et qu\u2019il ne faut pas tirer de conclusions h\u00e2tives<\/strong>. Un fan a \u00e9crit : \u00ab\u202fBLACKPINK n\u2019a jamais dit que c\u2019\u00e9tait leur derni\u00e8re performance ensemble.\u202f\u00bb<\/p>\n<p>Forbes rappelait \u00e9galement une d\u00e9claration de Ros\u00e9 donn\u00e9e au journal The New York Times en novembre 2024. Elle avait affirm\u00e9 : <strong>\u00ab\u202fUne s\u00e9paration n\u2019a jamais \u00e9t\u00e9 une option\u202f\u00bb,<\/strong> sans pr\u00e9ciser les projets du groupe apr\u00e8s la tourn\u00e9e.<\/p>\n<p>Les rumeurs continuent de circuler sur les r\u00e9seaux sociaux, affirmant que le groupe ne renouvellera pas ses contrats apr\u00e8s 2025. <strong>YG Entertainment n\u2019a donn\u00e9 aucune r\u00e9ponse officielle \u00e0 ce sujet<\/strong>, laissant ces sp\u00e9culations ouvertes.<\/p>\n<p>Et vous, qu\u2019en pensez-vous\u00a0?<\/p>\n<p>  Si vous appr\u00e9ciez notre travail, vous pouvez nous soutenir en nous suivant sur Google :  <a href=\"https:\/\/profile.google.com\/cp\/EjwKHGFsdHNlbGVjdGlvbi5vdWVzdC1mcmFuY2UuZnISHGFsdHNlbGVjdGlvbi5vdWVzdC1mcmFuY2UuZnI\" target=\"_blank\" rel=\"noopener nofollow external\" style=\"&#010; display:inline-block !important;&#010; padding:12px 20px !important;&#010; background:#ff2d89 !important;&#010; color:#fff !important;&#010; border-radius:999px !important;&#010; font-weight:700 !important;&#010; text-decoration:none !important;&#010; line-height:1 !important;&#010; border:0 !important;&#010; box-shadow:0 6px 18px rgba(255,45,137,.25) !important;&#010; transition:transform .06s ease, box-shadow .2s ease !important;\"> Suivre sur Google News <\/a><\/p>\n","protected":false},"excerpt":{"rendered":"La derni\u00e8re date de la tourn\u00e9e mondiale DEADLINE \u00e0 Hong Kong a beaucoup marqu\u00e9 les fans, surtout \u00e0&hellip;\n","protected":false},"author":2,"featured_media":696518,"comment_status":"","ping_status":"","sticky":false,"template":"","format":"standard","meta":{"footnotes":""},"categories":[1355],"tags":[58,59,1011,27,1361,873],"class_list":{"0":"post-696517","1":"post","2":"type-post","3":"status-publish","4":"format-standard","5":"has-post-thumbnail","7":"category-musique","8":"tag-divertissement","9":"tag-entertainment","10":"tag-fr","11":"tag-france","12":"tag-music","13":"tag-musique"},"share_on_mastodon":{"url":"https:\/\/pubeurope.com\/@fr\/115976436875218460","error":""},"_links":{"self":[{"href":"https:\/\/www.europesays.com\/fr\/wp-json\/wp\/v2\/posts\/696517","targetHints":{"allow":["GET"]}}],"collection":[{"href":"https:\/\/www.europesays.com\/fr\/wp-json\/wp\/v2\/posts"}],"about":[{"href":"https:\/\/www.europesays.com\/fr\/wp-json\/wp\/v2\/types\/post"}],"author":[{"embeddable":true,"href":"https:\/\/www.europesays.com\/fr\/wp-json\/wp\/v2\/users\/2"}],"replies":[{"embeddable":true,"href":"https:\/\/www.europesays.com\/fr\/wp-json\/wp\/v2\/comments?post=696517"}],"version-history":[{"count":0,"href":"https:\/\/www.europesays.com\/fr\/wp-json\/wp\/v2\/posts\/696517\/revisions"}],"wp:featuredmedia":[{"embeddable":true,"href":"https:\/\/www.europesays.com\/fr\/wp-json\/wp\/v2\/media\/696518"}],"wp:attachment":[{"href":"https:\/\/www.europesays.com\/fr\/wp-json\/wp\/v2\/media?parent=696517"}],"wp:term":[{"taxonomy":"category","embeddable":true,"href":"https:\/\/www.europesays.com\/fr\/wp-json\/wp\/v2\/categories?post=696517"},{"taxonomy":"post_tag","embeddable":true,"href":"https:\/\/www.europesays.com\/fr\/wp-json\/wp\/v2\/tags?post=696517"}],"curies":[{"name":"wp","href":"https:\/\/api.w.org\/{rel}","templated":true}]}}