{"id":696523,"date":"2026-01-29T04:14:15","date_gmt":"2026-01-29T04:14:15","guid":{"rendered":"https:\/\/www.europesays.com\/fr\/696523\/"},"modified":"2026-01-29T04:14:15","modified_gmt":"2026-01-29T04:14:15","slug":"retraite-de-uini-atonio-infarctus-artere-bouchee-on-en-sait-plus-sur-laccident-cardiaque-du-joueur","status":"publish","type":"post","link":"https:\/\/www.europesays.com\/fr\/696523\/","title":{"rendered":"Retraite de Uini Atonio\u00a0: infarctus, \u00ab\u00a0art\u00e8re bouch\u00e9e\u00a0\u00bb\u2026 on en sait plus sur l\u2019accident cardiaque du joueur"},"content":{"rendered":"<p>\n                                                                Un probl\u00e8me cardiaque oblige Uini Atonio \u00e0 mettre fin \u00e0 sa carri\u00e8re de rugbyman \u00e0 35 ans. Le joueur a \u00e9t\u00e9 hospitalis\u00e9 mardi apr\u00e8s un infarctus.\n                            <\/p>\n<p>\u00ab\u00a0Uini Atonio a \u00e9t\u00e9 admis hier [mardi] au Centre Hospitalier de La Rochelle suite \u00e0 une suspicion de probl\u00e8me cardiaque. Les examens m\u00e9dicaux ont confirm\u00e9 un accident cardiaque. Son \u00e9tat est aujourd\u2019hui stable et il demeure, sous surveillance, en soins intensifs. \u00c0 l\u2019issue de son hospitalisation, Uini devra observer une longue p\u00e9riode de convalescence. Il est d\u00e9sormais \u00e9tabli qu\u2019il ne pourra pas poursuivre sa carri\u00e8re de joueur\u00a0\u00bb. C\u2019est par ces mots que le club de La Rochelle a annonc\u00e9 ce mercredi 28 janvier la fin de carri\u00e8re de son pilier droit.<\/p>\n<blockquote data-class=\"twitter-tweet\">\n<p lang=\"fr\" dir=\"ltr\">\\u21e5 Uini Atonio a \u00e9t\u00e9 admis hier au Centre Hospitalier de La Rochelle suite \u00e0 une suspicion de probl\u00e8me cardiaque. Les examens m\u00e9dicaux ont confirm\u00e9 un accident cardiaque. Son \u00e9tat est aujourd\u2019hui stable et il demeure, sous surveillance, en soins intensifs.<\/p>\n<p>Il est d\u00e9sormais\u2026<\/p>\n<p>\u2014 Stade Rochelais (@staderochelais) <a href=\"https:\/\/twitter.com\/staderochelais\/status\/2016421933294690546?ref_src=twsrc%5Etfw\" target=\"_blank\" rel=\"noopener\">January 28, 2026<\/a><\/p><\/blockquote>\n<p>Cadre du XV de France, avec qui il a r\u00e9alis\u00e9 le Grand Chelem en 2022, Uini Atonio est donc contraint de dire stop au rugby \u00e0 35 ans \u00e0 cause d\u2019un probl\u00e8me cardiaque. Dimanche soir, il avait d\u00fb d\u00e9clarer forfait \u00e0 la derni\u00e8re minute pour le match de Top 14 contre Clermont.<a href=\"https:\/\/www.lindependant.fr\/2026\/01\/28\/video-uini-atonio-victime-dun-accident-cardiaque-il-ma-dit-que-ca-nallait-pas-les-images-du-malaise-du-pilier-dimanche-dernier-avant-le-match-contre-13193372.php\" target=\"_self\" rel=\"noopener\"> Son manager, Ronan O\u2019Gara, avait alors annonc\u00e9 que le joueur avait ressenti une vive douleur au sternum<\/a> lors de l\u2019\u00e9chauffement. Une simple d\u00e9chirure intercostale \u00e9tait alors suspect\u00e9e.<\/p>\n<p>Infarctus, \u00ab\u00a0art\u00e8re de bouch\u00e9e\u00a0\u00bb\u2026<\/p>\n<p>Selon les informations de<a href=\"https:\/\/rmcsport.bfmtv.com\/rugby\/xv-de-france\/xv-de-france-ce-que-l-on-sait-de-la-retraite-surprise-et-du-probleme-cardiaque-de-uini-atonio_AV-202601280523.html\" target=\"_self\" rel=\"noopener\"> RMC Sport<\/a>, le pilier a \u00e9t\u00e9 victime d\u2019un infarctus ce mardi 27 janvier au centre d\u2019entra\u00eenement du Stade rochelais et il a \u00e9t\u00e9 pris en charge par le m\u00e9decin du club qui a rapidement compris que c\u2019\u00e9tait quelque chose de bien plus grave que ce qui avait \u00e9t\u00e9 soup\u00e7onn\u00e9 dimanche.<\/p>\n<p>\u00ab\u00a0\u00c0 aucun moment, toutefois, Uini Atonio n\u2019a fait de malaise\u00a0\u00bb, pr\u00e9cise la radio, qui explique que face \u00e0 la persistance de cette douleur \u00e0 la poitrine, le staff m\u00e9dical du Stade rochelais a pris l\u2019initiative mardi de r\u00e9aliser des examens cardiaques approfondis. \u00ab\u00a0Et ils ont constat\u00e9 qu\u2019il avait une art\u00e8re de bouch\u00e9e\u00a0\u00bb, \u00e9crivent nos confr\u00e8res.<\/p>\n<p>\u00c0 la suite de son forfait dimanche contre l\u2019ASM, le XV de France avait annonc\u00e9 lundi que Uini Atonio ne pourrait pas rejoindre Marcoussis pour pr\u00e9parer le choc contre l\u2019Irlande en ouverture du Tournoi des Six Nations (jeudi 5 f\u00e9vrier). Le pilier aux 68 s\u00e9lections a \u00e9t\u00e9 remplac\u00e9 par Georges-Henri Colombe et Fabien Galthi\u00e9 va donc devoir maintenant trouver une solution pour sa succession \u00e0 long terme.<\/p>\n<p data-path-to-node=\"7,2,0\">La Ligue nationale de rugby (LNR) a salu\u00e9 \u00ab\u00a0sa stature, son humilit\u00e9 et son rayonnement\u00a0\u00bb, tandis que la F\u00e9d\u00e9ration (FFR) a rappel\u00e9 que \u00ab\u00a0la sant\u00e9 passe avant tout\u00a0\u00bb.<\/p>\n<p>                                                                                                                                                                                                        <script async src=\"https:\/\/platform.twitter.com\/widgets.js\" charset=\"utf-8\"><\/script><\/p>\n","protected":false},"excerpt":{"rendered":"Un probl\u00e8me cardiaque oblige Uini Atonio \u00e0 mettre fin \u00e0 sa carri\u00e8re de rugbyman \u00e0 35 ans. Le&hellip;\n","protected":false},"author":2,"featured_media":696524,"comment_status":"","ping_status":"","sticky":false,"template":"","format":"standard","meta":{"footnotes":""},"categories":[9],"tags":[1011,27,68796,517,60],"class_list":{"0":"post-696523","1":"post","2":"type-post","3":"status-publish","4":"format-standard","5":"has-post-thumbnail","7":"category-sports","8":"tag-fr","9":"tag-france","10":"tag-rugby-u00e0-xv","11":"tag-sport","12":"tag-sports"},"share_on_mastodon":{"url":"https:\/\/pubeurope.com\/@fr\/115976448582848691","error":""},"_links":{"self":[{"href":"https:\/\/www.europesays.com\/fr\/wp-json\/wp\/v2\/posts\/696523","targetHints":{"allow":["GET"]}}],"collection":[{"href":"https:\/\/www.europesays.com\/fr\/wp-json\/wp\/v2\/posts"}],"about":[{"href":"https:\/\/www.europesays.com\/fr\/wp-json\/wp\/v2\/types\/post"}],"author":[{"embeddable":true,"href":"https:\/\/www.europesays.com\/fr\/wp-json\/wp\/v2\/users\/2"}],"replies":[{"embeddable":true,"href":"https:\/\/www.europesays.com\/fr\/wp-json\/wp\/v2\/comments?post=696523"}],"version-history":[{"count":0,"href":"https:\/\/www.europesays.com\/fr\/wp-json\/wp\/v2\/posts\/696523\/revisions"}],"wp:featuredmedia":[{"embeddable":true,"href":"https:\/\/www.europesays.com\/fr\/wp-json\/wp\/v2\/media\/696524"}],"wp:attachment":[{"href":"https:\/\/www.europesays.com\/fr\/wp-json\/wp\/v2\/media?parent=696523"}],"wp:term":[{"taxonomy":"category","embeddable":true,"href":"https:\/\/www.europesays.com\/fr\/wp-json\/wp\/v2\/categories?post=696523"},{"taxonomy":"post_tag","embeddable":true,"href":"https:\/\/www.europesays.com\/fr\/wp-json\/wp\/v2\/tags?post=696523"}],"curies":[{"name":"wp","href":"https:\/\/api.w.org\/{rel}","templated":true}]}}