{"id":696528,"date":"2026-01-29T04:17:19","date_gmt":"2026-01-29T04:17:19","guid":{"rendered":"https:\/\/www.europesays.com\/fr\/696528\/"},"modified":"2026-01-29T04:17:19","modified_gmt":"2026-01-29T04:17:19","slug":"ford-lance-la-nouvelle-batterie-lfp-tant-attendue-avant-meme-les-id-4-frandroid","status":"publish","type":"post","link":"https:\/\/www.europesays.com\/fr\/696528\/","title":{"rendered":"Ford lance la nouvelle batterie LFP tant attendue avant m\u00eame les ID.4 \u2014 Frandroid"},"content":{"rendered":"<p>La nouvelle batterie LFP de Volkswagen arrive enfin ! Mais chez Ford en premier. Le constructeur vient de mettre \u00e0 jour ses deux SUV \u00e9lectriques phares en Europe, l\u2019Explorer et le Capri. De quoi faire grimper l\u2019autonomie sans toucher au prix, et envisager l\u2019arriv\u00e9e de cette batterie dans les prochaines semaines chez Volkswagen.<\/p>\n<p><a href=\"https:\/\/images.frandroid.com\/wp-content\/uploads\/2026\/01\/2026-ford-explorer-arctic-blue-exterior-01-1.jpg\" target=\"_blank\" class=\"article-content__figure\" rel=\"noopener\"><img fetchpriority=\"high\" decoding=\"async\" loading=\"eager\" width=\"1200\" height=\"847\" src=\"https:\/\/www.europesays.com\/fr\/wp-content\/uploads\/2026\/01\/2026-ford-explorer-arctic-blue-exterior-01-1.jpg\" alt=\"\" class=\"wp-image-2958597 wp-image wp-image\"  \/><\/a>Ford Explorer<\/p>\n<p>C\u2019est une petite mise \u00e0 jour technique qui pourrait bien changer la donne pour les voitures \u00e9lectriques abordables de <a href=\"https:\/\/www.frandroid.com\/produits\/ford\" target=\"_blank\" rel=\"noopener\">Ford<\/a> et <a href=\"https:\/\/www.frandroid.com\/produits\/volkswagen\" target=\"_blank\" rel=\"noopener\">Volkswagen<\/a>. Le constructeur am\u00e9ricain, qui utilise la plateforme MEB de Volkswagen pour ses mod\u00e8les europ\u00e9ens, vient d\u2019officialiser par l\u2019interm\u00e9diaire d\u2019un <a target=\"_blank\" href=\"https:\/\/media.ford.com\/content\/fordmedia\/feu\/fr\/fr\/news\/2026\/01\/ford-ameliore-l-autonomie-et-les-performances-des-nouveaux-explo.html#\" rel=\"noopener\">communiqu\u00e9 de presse<\/a> l\u2019arriv\u00e9e d\u2019une nouvelle batterie pour les versions d\u2019entr\u00e9e de gamme de l\u2019<a href=\"https:\/\/www.frandroid.com\/produits\/voitures\/ford\/1980062-ford-explorer\" target=\"_blank\" rel=\"noopener\">Explorer<\/a> et du <a href=\"https:\/\/www.frandroid.com\/produits\/voitures\/ford\/2076026-ford-capri\" target=\"_blank\" rel=\"noopener\">Capri<\/a>.<\/p>\n<p>Jusqu\u2019ici, si vous optiez pour la version Standard Range la moins ch\u00e8re, vous repartiez avec une batterie de 52 kWh en chimie NMC (Nickel-Mangan\u00e8se-Cobalt). C\u2019\u00e9tait honn\u00eate, mais un peu juste face \u00e0 un <a href=\"https:\/\/www.frandroid.com\/produits\/voitures\/renault\/1786433-renault-scenic-e-tech\" target=\"_blank\" rel=\"noopener\">Renault Sc\u00e9nic E-Tech<\/a> ou \u00e0 la r\u00e9f\u00e9rence <a href=\"https:\/\/www.frandroid.com\/produits\/voitures\/tesla\/2828053-tesla-model-y-standard\" target=\"_blank\" rel=\"noopener\">Tesla Model Y<\/a>.<\/p>\n<p>Ford corrige le tir en passant \u00e0 une chimie LFP (Lithium-Fer-Phosphate, sans cobalt), une technologie que l\u2019on retrouve d\u00e9j\u00e0 chez Tesla ou BYD, et qui pr\u00e9sente de s\u00e9rieux atouts pour le portefeuille et la durabilit\u00e9.<\/p>\n<p>Au passage, cette \u00e9volution a une port\u00e9e qui d\u00e9passe Ford. Les Explorer et Capri reposent sur la plateforme MEB de Volkswagen, et Ford semble \u00eatre le premier client du groupe \u00e0 inaugurer l\u2019arriv\u00e9e des batteries LFP sur cette base technique. En clair : c\u2019est le signe que la technologie est pr\u00eate \u00e0 \u00eatre industrialis\u00e9e plus largement, et qu\u2019on devrait la voir arriver assez vite sur d\u2019autres mod\u00e8les MEB chez Volkswagen comme les <a href=\"https:\/\/www.frandroid.com\/produits\/voitures\/volkswagen\/655378-volkswagen-id3\" target=\"_blank\" rel=\"noopener\">ID.3<\/a> ou <a href=\"https:\/\/www.frandroid.com\/produits\/voitures\/volkswagen\/776958-volkswagen-id-4\" target=\"_blank\" rel=\"noopener\">ID.4<\/a>.<\/p>\n<p>LFP : pourquoi c\u2019est une bonne nouvelle<\/p>\n<p>Concr\u00e8tement, Ford remplace l\u2019ancien pack de 52 kWh par une nouvelle batterie d\u2019une capacit\u00e9 utile de <strong>58 kWh<\/strong>. C\u2019est exactement la m\u00eame capacit\u00e9 que l\u2019on trouvait au lancement de la Volkswagen ID.3.<\/p>\n<p>Ce changement de chimie et ce l\u00e9ger gain de capacit\u00e9 ont un impact direct sur ce qui nous int\u00e9resse le plus : le rayon d\u2019action. L\u2019autonomie <a href=\"https:\/\/www.frandroid.com\/comment-faire\/652748_wltp-nedc-epa-comment-mesure-t-on-lautonomie-des-voitures-electriques\" target=\"_blank\" rel=\"noopener\">WLTP<\/a> de l\u2019Explorer passe de 378 km \u00e0 <strong>444 km<\/strong>, soit un bond de pr\u00e8s de 70 km. Le Capri, avec sa silhouette plus a\u00e9rodynamique, fait encore mieux et grimpe \u00e0 <strong>464 km<\/strong>.<\/p>\n<p><a href=\"https:\/\/images.frandroid.com\/wp-content\/uploads\/2026\/01\/2026-ford-capri-vivid-yellow-exterior-02.jpg\" target=\"_blank\" class=\"article-content__figure\" rel=\"noopener\"><img loading=\"lazy\" decoding=\"async\" width=\"1200\" height=\"800\" src=\"https:\/\/www.europesays.com\/fr\/wp-content\/uploads\/2026\/01\/2026-ford-capri-vivid-yellow-exterior-02-1200x800.jpg\" alt=\"\" class=\"wp-image-2958593 wp-image\"  \/><\/a>Ford Capri<\/p>\n<p>Au-del\u00e0 des chiffres, la technologie LFP change la fa\u00e7on de faire le plein d\u2019\u00e9lectrons. Contrairement aux batteries NMC qu\u2019il vaut mieux limiter \u00e0 80 % au quotidien pour \u00e9viter l\u2019usure pr\u00e9matur\u00e9e, les cellules LFP supportent \u00eatre charg\u00e9es r\u00e9guli\u00e8rement \u00e0 <strong>100%<\/strong>.<\/p>\n<p>Dans la vraie vie, cela signifie que vous disposez plus souvent de l\u2019autonomie maximale au d\u00e9part de la maison, sans arri\u00e8re-pens\u00e9e pour la sant\u00e9 de votre batterie.<\/p>\n<p>Plus de puissance, mais une charge (un peu) plus lente<\/p>\n<p>Ford ne s\u2019est pas content\u00e9 de changer les piles. Le moteur \u00e9lectrique arri\u00e8re a \u00e9galement \u00e9t\u00e9 revu. La puissance passe de 125 kW (170 ch) \u00e0 <strong>140 kW (190 ch)<\/strong>, et le couple grimpe \u00e0 <strong>350 Nm<\/strong> contre 310 Nm auparavant. R\u00e9sultat : les deux SUV sont plus vifs, avec un 0 \u00e0 100 km\/h abattu en 8,0 secondes, gagnant quasiment une seconde sur l\u2019exercice. C\u2019est toujours appr\u00e9ciable pour s\u2019ins\u00e9rer sur voie rapide.<\/p>\n<p>Il y a cependant une petite concession \u00e0 faire. La densit\u00e9 \u00e9nerg\u00e9tique du LFP \u00e9tant plus faible, et la gestion thermique diff\u00e9rente, la puissance de recharge rapide en pic baisse. Elle passe de 145 kW sur l\u2019ancienne version \u00e0 <strong>110 kW<\/strong> aujourd\u2019hui.<\/p>\n<tr>\n<td>Caract\u00e9ristique<\/td>\n<td>Explorer Standard Range (Ancien)<\/td>\n<td>Explorer Standard Range (Nouveau)<\/td>\n<\/tr>\n<tr>\n<td><strong>Batterie<\/strong><\/td>\n<td>52 kWh (NMC)<\/td>\n<td>58 kWh (LFP)<\/td>\n<\/tr>\n<tr>\n<td><strong>Autonomie WLTP<\/strong><\/td>\n<td>378 km<\/td>\n<td>444 km<\/td>\n<\/tr>\n<tr>\n<td><strong>Puissance<\/strong><\/td>\n<td>125 kW (170 ch)<\/td>\n<td>140 kW (190 ch)<\/td>\n<\/tr>\n<tr>\n<td><strong>Charge DC (10-80%)<\/strong><\/td>\n<td>25 min (145 kW max)<\/td>\n<td>28 min (110 kW max)<\/td>\n<\/tr>\n<tr>\n<td><strong>Recommandation charge<\/strong><\/td>\n<td>80 % au quotidien<\/td>\n<td>100 % au quotidien<\/td>\n<\/tr>\n<p>Faut-il s\u2019en inqui\u00e9ter ? Pas vraiment. Le temps de recharge de 10 \u00e0 80 % ne s\u2019allonge que de 3 minutes, passant de 25 \u00e0 <strong>28 minutes<\/strong>. C\u2019est le signe que si le pic est moins haut, la courbe de recharge est probablement plus plate et constante. Sur un long trajet, la diff\u00e9rence sera imperceptible, surtout si l\u2019on consid\u00e8re que vous partirez plus souvent avec 100 % de batterie.<\/p>\n<p>Le prix ne bouge pas<\/p>\n<p>C\u2019est sans doute l\u2019argument massue de cette mise \u00e0 jour : Ford n\u2019augmente a priori pas ses tarifs. L\u2019Explorer Standard Range d\u00e9bute toujours \u00e0 <strong>39 900 euros<\/strong> et le Capri \u00e0 <strong>42 400 euros<\/strong>. C\u2019est en tout cas le cas sur le catalogue autrichien, qui donne la tendance pour la France.<\/p>\n<p>Avec plus d\u2019autonomie, un moteur plus performant et une batterie plus robuste pour le m\u00eame prix, Ford rend ses mod\u00e8les d\u2019entr\u00e9e de gamme nettement plus comp\u00e9titifs. C\u2019est une excellente r\u00e9ponse \u00e0 la guerre des prix actuelle, offrant une alternative cr\u00e9dible, assembl\u00e9e en Europe, face aux g\u00e9ants du secteur.<\/p>\n","protected":false},"excerpt":{"rendered":"La nouvelle batterie LFP de Volkswagen arrive enfin ! Mais chez Ford en premier. Le constructeur vient de&hellip;\n","protected":false},"author":2,"featured_media":696529,"comment_status":"","ping_status":"","sticky":false,"template":"","format":"standard","meta":{"footnotes":""},"categories":[6],"tags":[35,33,34,1011,27],"class_list":{"0":"post-696528","1":"post","2":"type-post","3":"status-publish","4":"format-standard","5":"has-post-thumbnail","7":"category-economie","8":"tag-business","9":"tag-economie","10":"tag-economy","11":"tag-fr","12":"tag-france"},"share_on_mastodon":{"url":"https:\/\/pubeurope.com\/@fr\/115976460338445358","error":""},"_links":{"self":[{"href":"https:\/\/www.europesays.com\/fr\/wp-json\/wp\/v2\/posts\/696528","targetHints":{"allow":["GET"]}}],"collection":[{"href":"https:\/\/www.europesays.com\/fr\/wp-json\/wp\/v2\/posts"}],"about":[{"href":"https:\/\/www.europesays.com\/fr\/wp-json\/wp\/v2\/types\/post"}],"author":[{"embeddable":true,"href":"https:\/\/www.europesays.com\/fr\/wp-json\/wp\/v2\/users\/2"}],"replies":[{"embeddable":true,"href":"https:\/\/www.europesays.com\/fr\/wp-json\/wp\/v2\/comments?post=696528"}],"version-history":[{"count":0,"href":"https:\/\/www.europesays.com\/fr\/wp-json\/wp\/v2\/posts\/696528\/revisions"}],"wp:featuredmedia":[{"embeddable":true,"href":"https:\/\/www.europesays.com\/fr\/wp-json\/wp\/v2\/media\/696529"}],"wp:attachment":[{"href":"https:\/\/www.europesays.com\/fr\/wp-json\/wp\/v2\/media?parent=696528"}],"wp:term":[{"taxonomy":"category","embeddable":true,"href":"https:\/\/www.europesays.com\/fr\/wp-json\/wp\/v2\/categories?post=696528"},{"taxonomy":"post_tag","embeddable":true,"href":"https:\/\/www.europesays.com\/fr\/wp-json\/wp\/v2\/tags?post=696528"}],"curies":[{"name":"wp","href":"https:\/\/api.w.org\/{rel}","templated":true}]}}