{"id":696544,"date":"2026-01-29T04:27:16","date_gmt":"2026-01-29T04:27:16","guid":{"rendered":"https:\/\/www.europesays.com\/fr\/696544\/"},"modified":"2026-01-29T04:27:16","modified_gmt":"2026-01-29T04:27:16","slug":"municipales-2026-a-montpellier-nathalie-oziol-presente-enfin-une-liste-de-gauche-de-rupture-avec-le-ralliement-dalenka-doulain-et-julia-mignacca","status":"publish","type":"post","link":"https:\/\/www.europesays.com\/fr\/696544\/","title":{"rendered":"Municipales 2026 \u00e0 Montpellier\u00a0: Nathalie Oziol pr\u00e9sente \u00ab\u00a0enfin\u00a0\u00bb une liste de \u00ab\u00a0gauche de rupture\u00a0\u00bb avec le ralliement d\u2019Alenka Doulain et Julia Mignacca"},"content":{"rendered":"<p>\n                                                                Apr\u00e8s plusieurs semaines d\u2019intenses tractations, Nathalie Oziol (La France insoumise) est parvenue \u00e0 \u00e9largir son socle avec l\u2019objectif de battre le maire sortant socialiste Micha\u00ebl Delafosse. Mais le programme est encore tr\u00e8s flou\u2026\n                            <\/p>\n<p>\u00ab\u00a0La gauche de rupture est enfin l\u00e0\u00a0\u00bb. Apr\u00e8s des mois de tergiversations, Nathalie Oziol (La France insoumise) a pr\u00e9sent\u00e9, ce mercredi 28\u00a0janvier, la coalition qui portera ses couleurs \u00e0\u00a0Montpellier. Devant le kiosque Bosc, sur l\u2019Esplanade Charles-de-Gaulle, Nathalie Oziol a pr\u00e9sent\u00e9 ses ralliements. \u00c0 ses c\u00f4t\u00e9s\u00a0: <a href=\"https:\/\/www.midilibre.fr\/2026\/01\/26\/municipales-2026-a-montpellier-julia-mignacca-quitte-les-ecologistes-et-denonce-une-derive-politique-de-son-ancien-parti-13188245.php\" target=\"_blank\" rel=\"noopener\">Julia Mignacca, r\u00e9cemment d\u00e9missionnaire du parti Les \u00c9cologistes<\/a>, Alenka Doulain (Cause Commune) et Kevin Hoareau (G\u00e9n\u00e9ration. s). Une alliance qui affiche clairement son ambition\u00a0: \u00ab\u00a0Battre le maire sortant Micha\u00ebl Delafosse (PS)\u00a0\u00bb, qui continue de caracoler en t\u00eate dans tous les sondages.<\/p>\n<p>\u00ab\u00a0Ce kiosque est un lieu symbolique. C\u2019est ici que nous avons men\u00e9 la campagne du Nouveau Front populaire\u00a0\u00bb, a d\u00e9clar\u00e9 Nathalie Oziol, comme pour y voir un futur signe de victoire. La d\u00e9put\u00e9e insoumise assume porter \u00ab\u00a0l\u2019\u00e9tendard du NFP \u00e0 l\u2019\u00e9chelle locale\u00a0\u00bb et appelle \u00e0 \u00ab\u00a0tourner la page du syst\u00e8me PS\u00a0\u00bb. Si le programme commun est encore tr\u00e8s flou, voir balbutiant, la nouvelle union s\u2019accorde sur quelques sujets convergents\u00a0: le logement, l\u2019opposition aux projets routiers (COM et Lien) et plus de \u00ab\u00a0d\u00e9mocratie locale\u00a0\u00bb. Le tout avec un marqueur politique\u00a0: \u00ab\u00a0Nous sommes la seule liste\u00a0100\u00a0% sans macroniste\u00a0\u00bb.<\/p>\n<p>Une recomposition politique assum\u00e9e<\/p>\n<p>Tr\u00e8s attendue, Julia Mignacca a expliqu\u00e9 les raisons de son ralliement. Apr\u00e8s sept ann\u00e9es pass\u00e9es chez Les \u00c9cologistes (ex-EELV), dont elle \u00e9tait pr\u00e9sidente du conseil f\u00e9d\u00e9ral, Julia Mignacca a, cette semaine, pris ses distances avec Jean-Louis Roum\u00e9gas (Printemps montpelli\u00e9rain) pour repartir au combat derri\u00e8re LFI. \u00ab\u00a0Au niveau national, s\u2019allier avec le PS, b\u00e9quille de la Macronie, \u00e9tait devenu impossible pour moi. Et laisser gagner Micha\u00ebl Delafosse n\u2019est pas une option\u00a0\u00bb, a-t-elle affirm\u00e9. Elle revendique une continuit\u00e9 des combats men\u00e9s ces derni\u00e8res ann\u00e9es et appelle \u00e0 \u00ab\u00a0offrir de la qualit\u00e9 de vie \u00e0 tous les habitants, pas seulement aux quartiers \u201cinstagrammables\u201d\u00a0\u00bb.<\/p>\n<p><a href=\"https:\/\/www.midilibre.fr\/2026\/01\/25\/on-est-face-au-ps-le-plus-a-droite-de-france-alenka-doulain-cheffe-de-file-de-lopposition-a-montpellier-prete-a-repartir-aux-municipales-13182657.php\" target=\"_blank\" rel=\"noopener\">Alenka Doulain ne partira donc pas en t\u00eate de liste<\/a> et rejoint \u00e9galement LFI apr\u00e8s avoir port\u00e9 le fer contre Delafosse et la majorit\u00e9 municipale durant pr\u00e8s de six ans. \u00ab\u00a0Nous avons d\u00e9montr\u00e9, avec Clothilde Ollier et Flora Labourier, qu\u2019un autre projet est possible pour Montpellier\u00a0\u00bb, a-t-elle rappel\u00e9. Mais \u00ab\u00a0il nous reste peu de temps\u00a0\u00bb, a pr\u00e9venu l\u2019\u00e9lue.\u00a0Questionn\u00e9e sur son ralliement en 2020 aupr\u00e8s du milliardaire Mohed Altrad, c\u2019est Nathalie Oziol qui est mont\u00e9e au front\u00a0: \u00ab\u00a0Altrad n\u2019a jamais si\u00e9g\u00e9. Ce qui compte, c\u2019est le travail d\u2019opposition constant d\u2019Alenka face \u00e0 Delafosse.\u00a0\u00bb<\/p>\n<p>Autre arriv\u00e9e apr\u00e8s avoir quitt\u00e9 la liste men\u00e9e par le d\u00e9put\u00e9 Jean-Louis Roum\u00e9gas\u00a0: Kevin Hoareau (G\u00e9n\u00e9ration. s), pour qui ce rassemblement \u00e9tait devenu indispensable. \u00ab\u00a0Les promesses d\u2019union n\u2019ont pas \u00e9t\u00e9 tenues. Il fallait cr\u00e9er une gauche de rupture, ce qui n\u2019\u00e9tait pas possible avec le fonctionnement trop vertical du Printemps montpelli\u00e9rain\u00a0\u00bb, a-t-il expliqu\u00e9.<\/p>\n<p>Le CSR et la gratuit\u00e9 des transports au c\u0153ur des d\u00e9bats<\/p>\n<p>Outre l\u2019union, des questions restent sensibles, notamment le combustible solide de r\u00e9cup\u00e9ration (CSR) \u00e0 Garosud, pr\u00e9sent\u00e9 par certains comme \u00ab\u00a0un incin\u00e9rateur \u00e0 plastiques\u00a0\u00bb mais port\u00e9 \u00e0 l\u2019\u00e9chelle de la M\u00e9tropole par le maire LFI de Grabels Ren\u00e9 Revol. Sur ce dossier, Nathalie Oziol a livr\u00e9 une r\u00e9ponse prudente\u00a0: \u00ab\u00a0Le sujet n\u2019est pas si br\u00fblant. Nous allons tout remettre \u00e0 plat et consulter les Montpelli\u00e9rains\u00a0\u00bb, \u00e9voquant un fiasco de la gestion des d\u00e9chets imputable au PS. L\u2019arr\u00eat du projet voulu par Julia Mignacca n\u2019est pas encore inscrit noir sur blanc.<\/p>\n<p>Sur la gratuit\u00e9 des transports, la candidate a rappel\u00e9 son maintien tout en critiquant l\u2019application locale\u00a0: \u00ab\u00a0La gratuit\u00e9 \u00e0 Montpellier s\u2019est faite avec une offre et une qualit\u00e9 de service en forte baisse. Moins de bus, moins de tramways\u00a0\u00bb, a-t-elle d\u00e9nonc\u00e9.<\/p>\n<p>Entre promesses de rupture et r\u00e9alit\u00e9s \u00e9lectorales, Nathalie Oziol et sa nouvelle coalition se lancent dans une course effr\u00e9n\u00e9e contre le temps\u2026 et le maire sortant.<\/p>\n","protected":false},"excerpt":{"rendered":"Apr\u00e8s plusieurs semaines d\u2019intenses tractations, Nathalie Oziol (La France insoumise) est parvenue \u00e0 \u00e9largir son socle avec l\u2019objectif&hellip;\n","protected":false},"author":2,"featured_media":696545,"comment_status":"","ping_status":"","sticky":false,"template":"","format":"standard","meta":{"footnotes":""},"categories":[9599],"tags":[1111,11,5949,1777,674,1011,27,7089,2208,3554,12,2680,316,25],"class_list":{"0":"post-696544","1":"post","2":"type-post","3":"status-publish","4":"format-standard","5":"has-post-thumbnail","7":"category-montpellier","8":"tag-actu","9":"tag-actualites","10":"tag-elections","11":"tag-eu","12":"tag-europe","13":"tag-fr","14":"tag-france","15":"tag-herault","16":"tag-montpellier","17":"tag-municipales","18":"tag-news","19":"tag-occitanie","20":"tag-politique","21":"tag-republique-francaise"},"share_on_mastodon":{"url":"https:\/\/pubeurope.com\/@fr\/115976499588955910","error":""},"_links":{"self":[{"href":"https:\/\/www.europesays.com\/fr\/wp-json\/wp\/v2\/posts\/696544","targetHints":{"allow":["GET"]}}],"collection":[{"href":"https:\/\/www.europesays.com\/fr\/wp-json\/wp\/v2\/posts"}],"about":[{"href":"https:\/\/www.europesays.com\/fr\/wp-json\/wp\/v2\/types\/post"}],"author":[{"embeddable":true,"href":"https:\/\/www.europesays.com\/fr\/wp-json\/wp\/v2\/users\/2"}],"replies":[{"embeddable":true,"href":"https:\/\/www.europesays.com\/fr\/wp-json\/wp\/v2\/comments?post=696544"}],"version-history":[{"count":0,"href":"https:\/\/www.europesays.com\/fr\/wp-json\/wp\/v2\/posts\/696544\/revisions"}],"wp:featuredmedia":[{"embeddable":true,"href":"https:\/\/www.europesays.com\/fr\/wp-json\/wp\/v2\/media\/696545"}],"wp:attachment":[{"href":"https:\/\/www.europesays.com\/fr\/wp-json\/wp\/v2\/media?parent=696544"}],"wp:term":[{"taxonomy":"category","embeddable":true,"href":"https:\/\/www.europesays.com\/fr\/wp-json\/wp\/v2\/categories?post=696544"},{"taxonomy":"post_tag","embeddable":true,"href":"https:\/\/www.europesays.com\/fr\/wp-json\/wp\/v2\/tags?post=696544"}],"curies":[{"name":"wp","href":"https:\/\/api.w.org\/{rel}","templated":true}]}}