{"id":696578,"date":"2026-01-29T04:51:26","date_gmt":"2026-01-29T04:51:26","guid":{"rendered":"https:\/\/www.europesays.com\/fr\/696578\/"},"modified":"2026-01-29T04:51:26","modified_gmt":"2026-01-29T04:51:26","slug":"la-mere-dune-des-suspectes-estime-que-sa-fille-a-ete-poussee-a-bout-et-na-pas-su-gerer-ses-emotions","status":"publish","type":"post","link":"https:\/\/www.europesays.com\/fr\/696578\/","title":{"rendered":"la m\u00e8re d&rsquo;une des suspectes estime que sa fille \u00ab\u00a0a \u00e9t\u00e9 pouss\u00e9e \u00e0 bout\u00a0\u00bb et \u00ab\u00a0n&rsquo;a pas su g\u00e9rer ses \u00e9motions\u00a0\u00bb"},"content":{"rendered":"<p class=\"article-p mdl\">Elle est venue soutenir sa fille au palais de justice de Lyon. Marie est la m\u00e8re d&rsquo;une des\u00a0agresseuses\u00a0pr\u00e9sum\u00e9es d&rsquo;une fille de 15 ans,\u00a0<a class=\"link\" href=\"https:\/\/www.rtl.fr\/actu\/justice-faits-divers\/coup-de-couteau-dos-scarifie-mineurs-impliques-ce-que-l-on-sait-de-l-adolescente-sequestree-et-torturee-a-oullins-pres-de-lyon-7900594913\" target=\"_blank\" rel=\"noopener\">tortur\u00e9e et s\u00e9questr\u00e9e \u00e0 Oullins-Pierre-B\u00e9nite<\/a>.\u00a0<\/p>\n<p class=\"article-p mdl\">L&rsquo;adolescente a \u00e9t\u00e9 secourue lundi 26 janvier au matin apr\u00e8s avoir pris la fuite.\u00a0<a class=\"link\" href=\"https:\/\/www.rtl.fr\/actu\/justice-faits-divers\/rhone-une-adolescente-sequestree-et-torturee-pres-de-lyon-ses-agresseurs-mineurs-arretes-7900594610\" target=\"_blank\" rel=\"noopener\">Quatre mineurs<\/a>&#8211;\u00a0 deux filles de 14 ans et un couple de 17 ans &#8211; ont \u00e9t\u00e9 pr\u00e9sent\u00e9s ce mercredi 28 janvier \u00e0 un juge d&rsquo;instruction.\u00a0<\/p>\n<p class=\"article-p mdl\">Au micro de RTL, la m\u00e8re de famille assure que sa fille est \u00ab\u00a0une tr\u00e8s bonne grande s\u0153ur\u00a0\u00bb. \u00ab\u00a0Elle s&rsquo;occupe tr\u00e8s bien de ses petits fr\u00e8res. Dehors, elle se comporte bien\u00a0\u00bb, dit-elle au micro de RTL. Et de rench\u00e9rir : \u00ab\u00a0Ce n&rsquo;est pas une jeune fille violente\u00a0\u00bb. \u00ab\u00a0Je me dis qu&rsquo;elle a vraiment \u00e9t\u00e9 pouss\u00e9e \u00e0 bout pour en arriver l\u00e0\u00a0\u00bb, sugg\u00e8re-t-elle.<\/p>\n<p>            Une vengeance \u00e9voqu\u00e9e par la m\u00e8re de famille<\/p>\n<p class=\"article-p mdl\">Selon\u00a0<a class=\"link\" href=\"https:\/\/www.rtl.fr\/actu\/justice-faits-divers\/coup-de-couteau-dos-scarifie-mineurs-impliques-ce-que-l-on-sait-de-l-adolescente-sequestree-et-torturee-a-oullins-pres-de-lyon-7900594913\" title=\"Coup de couteau, dos scarifi\u00e9, mineurs impliqu\u00e9s... Ce que l&#039;on sait de l&#039;adolescente s\u00e9questr\u00e9e et tortur\u00e9e \u00e0 Oullins, pr\u00e8s de Lyon\" target=\"_blank\" rel=\"noopener\">les informations de RTL<\/a>, la victime a pass\u00e9 la nuit dans un sous-sol d&rsquo;un immeuble d&rsquo;Oullins o\u00f9 elle a subi de nombreux s\u00e9vices. Son dos a notamment \u00e9t\u00e9 lac\u00e9r\u00e9 \u00e0 de multiples reprises, o\u00f9 une croix, un smiley et le chiffre 69 ont \u00e9t\u00e9 inscrits. Elle a \u00e9galement re\u00e7u un coup de couteau dans la cuisse.\u00a0<\/p>\n<p class=\"article-p mdl\">Selon Marie, sa fille \u00e9tait en conflit avec son ancienne camarade, crois\u00e9e dans un foyer d&rsquo;urgence. \u00ab\u00a0Elle avait des soucis avec cette jeune fille, qui lui faisait des menaces. Elle me mena\u00e7ait moi aussi\u00a0\u00bb, assure-t-elle. \u00ab\u00a0D\u00e8s qu&rsquo;on commence \u00e0 toucher \u00e0 sa maman et ses petits fr\u00e8res&#8230; Elle en avait tellement gros sur le c\u0153ur. Elle avait l&rsquo;occasion de se venger, \u00e7a s&rsquo;est fait\u00a0\u00bb, dit-elle.<\/p>\n<p class=\"article-p mdl\">La fille de Marie a pr\u00e9sent\u00e9 ses excuses devant le juge d&rsquo;instruction, rapporte Marie. \u00ab\u00a0Elle a dit qu&rsquo;elle \u00e9tait d\u00e9pass\u00e9e, qu&rsquo;elle \u00e9tait en col\u00e8re, et qu&rsquo;elle n&rsquo;a pas su g\u00e9rer ses \u00e9motions\u00a0\u00bb, poursuit-elle. Et de conclure : \u00ab\u00a0Je pense que psychologiquement, \u00e7a ne va pas, et elle p\u00e9t\u00e9 les plombs.\u00a0\u00bb<\/p>\n<p class=\"article-p mdl\">La fille de Marie est en couple avec le seul gar\u00e7on de l&rsquo;\u00e9quipe, qui est aussi l&rsquo;ex-petit ami de la victime. Selon les informations de RTL, le jeune homme serait \u00e0 l&rsquo;origine de ce sc\u00e9nario d&rsquo;horreur, n&rsquo;ayant pas support\u00e9 leur rupture. Les quatre adolescents devraient \u00eatre mis en examen dans la soir\u00e9e de ce mercredi 28 janvier. Leur placement en d\u00e9tention provisoire a \u00e9t\u00e9 requis par le parquet.<\/p>\n<p>    La r\u00e9daction vous recommande<\/p>\n<p class=\"s-newsletter__title\">\n                L\u2019actualit\u00e9 par la r\u00e9daction de RTL dans votre bo\u00eete mail.\n            <\/p>\n<p class=\"s-newsletter__subtitle\">\n                Gr\u00e2ce \u00e0 votre compte RTL abonnez-vous \u00e0 la newsletter RTL info pour suivre toute l&rsquo;actualit\u00e9 au quotidien\n            <\/p>\n<p>\n                                    Lire la suite\n                                <\/p>\n","protected":false},"excerpt":{"rendered":"Elle est venue soutenir sa fille au palais de justice de Lyon. Marie est la m\u00e8re d&rsquo;une des\u00a0agresseuses\u00a0pr\u00e9sum\u00e9es&hellip;\n","protected":false},"author":2,"featured_media":696579,"comment_status":"","ping_status":"","sticky":false,"template":"","format":"standard","meta":{"footnotes":""},"categories":[1889],"tags":[1111,11,2430,1777,674,118,107,1011,27,303,2428,12,25,809],"class_list":{"0":"post-696578","1":"post","2":"type-post","3":"status-publish","4":"format-standard","5":"has-post-thumbnail","7":"category-lyon","8":"tag-actu","9":"tag-actualites","10":"tag-auvergne-rhone-alpes","11":"tag-eu","12":"tag-europe","13":"tag-faits-divers","14":"tag-fil-info","15":"tag-fr","16":"tag-france","17":"tag-justice","18":"tag-lyon","19":"tag-news","20":"tag-republique-francaise","21":"tag-violence"},"share_on_mastodon":{"url":"https:\/\/pubeurope.com\/@fr\/115976593904090882","error":""},"_links":{"self":[{"href":"https:\/\/www.europesays.com\/fr\/wp-json\/wp\/v2\/posts\/696578","targetHints":{"allow":["GET"]}}],"collection":[{"href":"https:\/\/www.europesays.com\/fr\/wp-json\/wp\/v2\/posts"}],"about":[{"href":"https:\/\/www.europesays.com\/fr\/wp-json\/wp\/v2\/types\/post"}],"author":[{"embeddable":true,"href":"https:\/\/www.europesays.com\/fr\/wp-json\/wp\/v2\/users\/2"}],"replies":[{"embeddable":true,"href":"https:\/\/www.europesays.com\/fr\/wp-json\/wp\/v2\/comments?post=696578"}],"version-history":[{"count":0,"href":"https:\/\/www.europesays.com\/fr\/wp-json\/wp\/v2\/posts\/696578\/revisions"}],"wp:featuredmedia":[{"embeddable":true,"href":"https:\/\/www.europesays.com\/fr\/wp-json\/wp\/v2\/media\/696579"}],"wp:attachment":[{"href":"https:\/\/www.europesays.com\/fr\/wp-json\/wp\/v2\/media?parent=696578"}],"wp:term":[{"taxonomy":"category","embeddable":true,"href":"https:\/\/www.europesays.com\/fr\/wp-json\/wp\/v2\/categories?post=696578"},{"taxonomy":"post_tag","embeddable":true,"href":"https:\/\/www.europesays.com\/fr\/wp-json\/wp\/v2\/tags?post=696578"}],"curies":[{"name":"wp","href":"https:\/\/api.w.org\/{rel}","templated":true}]}}